{"id":60134,"date":"2018-03-09T22:47:56","date_gmt":"2018-03-09T22:47:56","guid":{"rendered":"https:\/\/www.deberes.net\/tesis\/sin-categoria\/la-antiga%c2%bcedad-clasica-en-la-capilla-de-nuestra-senora-de-los-desamparados-los-origenes-en-la-conservacion-de-objetos-de-significacion\/"},"modified":"2018-03-09T22:47:56","modified_gmt":"2018-03-09T22:47:56","slug":"la-antiga%c2%bcedad-clasica-en-la-capilla-de-nuestra-senora-de-los-desamparados-los-origenes-en-la-conservacion-de-objetos-de-significacion","status":"publish","type":"post","link":"https:\/\/www.deberes.net\/tesis\/ciencias-de-las-artes-y-las-letras\/la-antiga%c2%bcedad-clasica-en-la-capilla-de-nuestra-senora-de-los-desamparados-los-origenes-en-la-conservacion-de-objetos-de-significacion\/","title":{"rendered":"La antiguedad cl\u00e1sica en la capilla de nuestra se\u00f1ora de los desamparados. los origenes en la conservaci\u00f3n de objetos de significaci\u00f3n"},"content":{"rendered":"<h2>Tesis doctoral de <strong> Enrique Moreno Ribelles <\/strong><\/h2>\n<p>La capilla mariana, como toda obra arquitect\u00f3nica, es  un producto cultural, documento ilustrativo de los hechos hist\u00f3ricos y, por ende, sobre la sociedad que los produjo. Desde los inicios de los trabajos constructivos del templo se establecen una serie de v\u00ednculos directos con el pasado romano de la ciudad; desarrollando una arquitectura repleta de evocaciones que se ha pretendido rastrear a trav\u00e9s del estudio de los or\u00edgenes, el lugar, la tipolog\u00eda, la expresi\u00f3n y la materialidad del edificio; observando los distintos significados que esta arquitectura para sus usuarios.  la conservaci\u00f3n de unos restos arqueol\u00f3gicos -encontrados con motivo de la apertura de las zanjas para la cimentaci\u00f3n del edificio-  y su posterior ubicaci\u00f3n espec\u00edfica en el z\u00f3calo de la fachada principal, responde a una serie de motivaciones que propiciaron su preservaci\u00f3n, muy pocos a\u00f1os despu\u00e9s de la destrucci\u00f3n de otras l\u00e1pidas romanas que se encontraban en la vecina catedral.<\/p>\n<p>&nbsp;<\/p>\n<h3>Datos acad\u00e9micos de la tesis doctoral \u00ab<strong>La antiguedad cl\u00e1sica en la capilla de nuestra se\u00f1ora de los desamparados. los origenes en la conservaci\u00f3n de objetos de significaci\u00f3n<\/strong>\u00ab<\/h3>\n<ul>\n<li><strong>T\u00edtulo de la tesis:<\/strong>\u00a0 La antiguedad cl\u00e1sica en la capilla de nuestra se\u00f1ora de los desamparados. los origenes en la conservaci\u00f3n de objetos de significaci\u00f3n <\/li>\n<li><strong>Autor:<\/strong>\u00a0 Enrique Moreno Ribelles <\/li>\n<li><strong>Universidad:<\/strong>\u00a0 Polit\u00e9cnica de Valencia<\/li>\n<li><strong>Fecha de lectura de la tesis:<\/strong>\u00a0 20\/07\/2007<\/li>\n<\/ul>\n<p>&nbsp;<\/p>\n<h3>Direcci\u00f3n y tribunal<\/h3>\n<ul>\n<li><strong>Director de la tesis<\/strong>\n<ul>\n<li>Mar\u00eda Pilar Roig Picazo<\/li>\n<\/ul>\n<\/li>\n<li><strong>Tribunal<\/strong>\n<ul>\n<li>Presidente del tribunal: ignacio Bosch reig <\/li>\n<li>Mar\u00eda teresa Domenech carbo (vocal)<\/li>\n<li>Antonio Domenech carbo (vocal)<\/li>\n<li>amparo Felipo orts (vocal)<\/li>\n<\/ul>\n<\/li>\n<\/ul>\n<p>&nbsp;<\/p>\n","protected":false},"excerpt":{"rendered":"<p>Tesis doctoral de Enrique Moreno Ribelles La capilla mariana, como toda obra arquitect\u00f3nica, es un producto cultural, documento ilustrativo de [&hellip;]<\/p>\n","protected":false},"author":1,"featured_media":0,"comment_status":"open","ping_status":"open","sticky":false,"template":"","format":"standard","meta":{"site-sidebar-layout":"default","site-content-layout":"","ast-site-content-layout":"","site-content-style":"default","site-sidebar-style":"default","ast-global-header-display":"","ast-banner-title-visibility":"","ast-main-header-display":"","ast-hfb-above-header-display":"","ast-hfb-below-header-display":"","ast-hfb-mobile-header-display":"","site-post-title":"","ast-breadcrumbs-content":"","ast-featured-img":"","footer-sml-layout":"","theme-transparent-header-meta":"","adv-header-id-meta":"","stick-header-meta":"","header-above-stick-meta":"","header-main-stick-meta":"","header-below-stick-meta":"","astra-migrate-meta-layouts":"default","ast-page-background-enabled":"default","ast-page-background-meta":{"desktop":{"background-color":"var(--ast-global-color-4)","background-image":"","background-repeat":"repeat","background-position":"center center","background-size":"auto","background-attachment":"scroll","background-type":"","background-media":"","overlay-type":"","overlay-color":"","overlay-gradient":""},"tablet":{"background-color":"","background-image":"","background-repeat":"repeat","background-position":"center center","background-size":"auto","background-attachment":"scroll","background-type":"","background-media":"","overlay-type":"","overlay-color":"","overlay-gradient":""},"mobile":{"background-color":"","background-image":"","background-repeat":"repeat","background-position":"center center","background-size":"auto","background-attachment":"scroll","background-type":"","background-media":"","overlay-type":"","overlay-color":"","overlay-gradient":""}},"ast-content-background-meta":{"desktop":{"background-color":"var(--ast-global-color-5)","background-image":"","background-repeat":"repeat","background-position":"center center","background-size":"auto","background-attachment":"scroll","background-type":"","background-media":"","overlay-type":"","overlay-color":"","overlay-gradient":""},"tablet":{"background-color":"var(--ast-global-color-5)","background-image":"","background-repeat":"repeat","background-position":"center center","background-size":"auto","background-attachment":"scroll","background-type":"","background-media":"","overlay-type":"","overlay-color":"","overlay-gradient":""},"mobile":{"background-color":"var(--ast-global-color-5)","background-image":"","background-repeat":"repeat","background-position":"center center","background-size":"auto","background-attachment":"scroll","background-type":"","background-media":"","overlay-type":"","overlay-color":"","overlay-gradient":""}},"footnotes":""},"categories":[147,16820],"tags":[37764,53776,132809,61999,16866,31399],"class_list":["post-60134","post","type-post","status-publish","format-standard","hentry","category-ciencias-de-las-artes-y-las-letras","category-politecnica-de-valencia","tag-amparo-felipo-orts","tag-antonio-domenech-carbo","tag-enrique-moreno-ribelles","tag-ignacio-bosch-reig","tag-maria-pilar-roig-picazo","tag-maria-teresa-domenech-carbo"],"_links":{"self":[{"href":"https:\/\/www.deberes.net\/tesis\/wp-json\/wp\/v2\/posts\/60134","targetHints":{"allow":["GET"]}}],"collection":[{"href":"https:\/\/www.deberes.net\/tesis\/wp-json\/wp\/v2\/posts"}],"about":[{"href":"https:\/\/www.deberes.net\/tesis\/wp-json\/wp\/v2\/types\/post"}],"author":[{"embeddable":true,"href":"https:\/\/www.deberes.net\/tesis\/wp-json\/wp\/v2\/users\/1"}],"replies":[{"embeddable":true,"href":"https:\/\/www.deberes.net\/tesis\/wp-json\/wp\/v2\/comments?post=60134"}],"version-history":[{"count":0,"href":"https:\/\/www.deberes.net\/tesis\/wp-json\/wp\/v2\/posts\/60134\/revisions"}],"wp:attachment":[{"href":"https:\/\/www.deberes.net\/tesis\/wp-json\/wp\/v2\/media?parent=60134"}],"wp:term":[{"taxonomy":"category","embeddable":true,"href":"https:\/\/www.deberes.net\/tesis\/wp-json\/wp\/v2\/categories?post=60134"},{"taxonomy":"post_tag","embeddable":true,"href":"https:\/\/www.deberes.net\/tesis\/wp-json\/wp\/v2\/tags?post=60134"}],"curies":[{"name":"wp","href":"https:\/\/api.w.org\/{rel}","templated":true}]}}