{"id":60312,"date":"2018-03-09T22:48:07","date_gmt":"2018-03-09T22:48:07","guid":{"rendered":"https:\/\/www.deberes.net\/tesis\/sin-categoria\/algunas-bases-para-una-futura-filosofa%c2%ada-de-la-comunicacion-en-la-era-posmoderna\/"},"modified":"2018-03-09T22:48:07","modified_gmt":"2018-03-09T22:48:07","slug":"algunas-bases-para-una-futura-filosofa%c2%ada-de-la-comunicacion-en-la-era-posmoderna","status":"publish","type":"post","link":"https:\/\/www.deberes.net\/tesis\/medios-de-comunicacion-de-masas\/algunas-bases-para-una-futura-filosofa%c2%ada-de-la-comunicacion-en-la-era-posmoderna\/","title":{"rendered":"Algunas bases para una futura filosof\u00edade la comunicaci\u00f3n en la era posmoderna"},"content":{"rendered":"<h2>Tesis doctoral de <strong> Jorge Mart\u00ednez Lucena <\/strong><\/h2>\n<p>La especificidad posmoderna supone para la teor\u00eda de la comunicaci\u00f3n un problema tanto de m\u00e9todo como de objeto.  por un lado, la ontologizaci\u00f3n del m\u00e9todo estructuralista y positivista imperante en la comunicolog\u00eda actual supone obviar el elemento antropol\u00f3gico. Por otro lado, en cuanto al objeto, se registra una cierta mutaci\u00f3n cultural posmoderna que supone una modificaci\u00f3n en los modos de actuar, de hacer experiencia y de comunicarse del sujeto actual, lo cual genera, por lo menos, el espejismo de lo que algunos se han atrevido a llamar mutaci\u00f3n antropol\u00f3gica. reconocida esta situaci\u00f3n, esta tesis intenta, en los respectivos cap\u00edtulos: 1. Hacer una cr\u00edtica inter-disciplinar del sujeto posmoderno teniendo en cuenta su genealog\u00eda cultural; 2. Descubrir las categor\u00edas antropol\u00f3gicas b\u00e1sicas necesarias para la futura construcci\u00f3n de una filosof\u00eda de la comunicaci\u00f3n no reductiva; y 3. Discutir la ceguera de la multitud de cr\u00edticas que se ciernen hoy sobre el fen\u00f3meno del periodismo -entendido como ejemplo de proceso comunicativo- y que simplifican de modo acad\u00e9micamente inaceptable el proceso informativo, para proponer la b\u00fasqueda de una ciencia social que use un m\u00e9todo a la altura del problema relacional humano que se plantea.<\/p>\n<p>&nbsp;<\/p>\n<h3>Datos acad\u00e9micos de la tesis doctoral \u00ab<strong>Algunas bases para una futura filosof\u00edade la comunicaci\u00f3n en la era posmoderna<\/strong>\u00ab<\/h3>\n<ul>\n<li><strong>T\u00edtulo de la tesis:<\/strong>\u00a0 Algunas bases para una futura filosof\u00edade la comunicaci\u00f3n en la era posmoderna <\/li>\n<li><strong>Autor:<\/strong>\u00a0 Jorge Mart\u00ednez Lucena <\/li>\n<li><strong>Universidad:<\/strong>\u00a0 San pablo-ceu<\/li>\n<li><strong>Fecha de lectura de la tesis:<\/strong>\u00a0 31\/07\/2007<\/li>\n<\/ul>\n<p>&nbsp;<\/p>\n<h3>Direcci\u00f3n y tribunal<\/h3>\n<ul>\n<li><strong>Director de la tesis<\/strong>\n<ul>\n<li>Gabriel Gald\u00f3n L\u00f3pez<\/li>\n<\/ul>\n<\/li>\n<li><strong>Tribunal<\/strong>\n<ul>\n<li>Presidente del tribunal: alejandro Mu\u00f1oz alonso <\/li>\n<li>Fernando Mart\u00ednez vallvey (vocal)<\/li>\n<li>Javier Barraycoa Martinez (vocal)<\/li>\n<li>Juan  ram\u00f3n Mu\u00f1oz torres (vocal)<\/li>\n<\/ul>\n<\/li>\n<\/ul>\n<p>&nbsp;<\/p>\n","protected":false},"excerpt":{"rendered":"<p>Tesis doctoral de Jorge Mart\u00ednez Lucena La especificidad posmoderna supone para la teor\u00eda de la comunicaci\u00f3n un problema tanto de [&hellip;]<\/p>\n","protected":false},"author":1,"featured_media":0,"comment_status":"open","ping_status":"open","sticky":false,"template":"","format":"standard","meta":{"site-sidebar-layout":"default","site-content-layout":"","ast-site-content-layout":"","site-content-style":"default","site-sidebar-style":"default","ast-global-header-display":"","ast-banner-title-visibility":"","ast-main-header-display":"","ast-hfb-above-header-display":"","ast-hfb-below-header-display":"","ast-hfb-mobile-header-display":"","site-post-title":"","ast-breadcrumbs-content":"","ast-featured-img":"","footer-sml-layout":"","theme-transparent-header-meta":"","adv-header-id-meta":"","stick-header-meta":"","header-above-stick-meta":"","header-main-stick-meta":"","header-below-stick-meta":"","astra-migrate-meta-layouts":"default","ast-page-background-enabled":"default","ast-page-background-meta":{"desktop":{"background-color":"var(--ast-global-color-4)","background-image":"","background-repeat":"repeat","background-position":"center center","background-size":"auto","background-attachment":"scroll","background-type":"","background-media":"","overlay-type":"","overlay-color":"","overlay-gradient":""},"tablet":{"background-color":"","background-image":"","background-repeat":"repeat","background-position":"center center","background-size":"auto","background-attachment":"scroll","background-type":"","background-media":"","overlay-type":"","overlay-color":"","overlay-gradient":""},"mobile":{"background-color":"","background-image":"","background-repeat":"repeat","background-position":"center center","background-size":"auto","background-attachment":"scroll","background-type":"","background-media":"","overlay-type":"","overlay-color":"","overlay-gradient":""}},"ast-content-background-meta":{"desktop":{"background-color":"var(--ast-global-color-5)","background-image":"","background-repeat":"repeat","background-position":"center center","background-size":"auto","background-attachment":"scroll","background-type":"","background-media":"","overlay-type":"","overlay-color":"","overlay-gradient":""},"tablet":{"background-color":"var(--ast-global-color-5)","background-image":"","background-repeat":"repeat","background-position":"center center","background-size":"auto","background-attachment":"scroll","background-type":"","background-media":"","overlay-type":"","overlay-color":"","overlay-gradient":""},"mobile":{"background-color":"var(--ast-global-color-5)","background-image":"","background-repeat":"repeat","background-position":"center center","background-size":"auto","background-attachment":"scroll","background-type":"","background-media":"","overlay-type":"","overlay-color":"","overlay-gradient":""}},"footnotes":""},"categories":[5250,24102,5051,39800],"tags":[4706,70363,17897,120041,133197,43877],"class_list":["post-60312","post","type-post","status-publish","format-standard","hentry","category-filosofia-de-las-ciencias-sociales","category-informacion","category-medios-de-comunicacion-de-masas","category-san-pablo-ceu","tag-alejandro-munoz-alonso","tag-fernando-Martinez-vallvey","tag-gabriel-galdon-lopez","tag-javier-barraycoa-Martinez","tag-jorge-Martinez-lucena","tag-juan-ramon-munoz-torres"],"_links":{"self":[{"href":"https:\/\/www.deberes.net\/tesis\/wp-json\/wp\/v2\/posts\/60312","targetHints":{"allow":["GET"]}}],"collection":[{"href":"https:\/\/www.deberes.net\/tesis\/wp-json\/wp\/v2\/posts"}],"about":[{"href":"https:\/\/www.deberes.net\/tesis\/wp-json\/wp\/v2\/types\/post"}],"author":[{"embeddable":true,"href":"https:\/\/www.deberes.net\/tesis\/wp-json\/wp\/v2\/users\/1"}],"replies":[{"embeddable":true,"href":"https:\/\/www.deberes.net\/tesis\/wp-json\/wp\/v2\/comments?post=60312"}],"version-history":[{"count":0,"href":"https:\/\/www.deberes.net\/tesis\/wp-json\/wp\/v2\/posts\/60312\/revisions"}],"wp:attachment":[{"href":"https:\/\/www.deberes.net\/tesis\/wp-json\/wp\/v2\/media?parent=60312"}],"wp:term":[{"taxonomy":"category","embeddable":true,"href":"https:\/\/www.deberes.net\/tesis\/wp-json\/wp\/v2\/categories?post=60312"},{"taxonomy":"post_tag","embeddable":true,"href":"https:\/\/www.deberes.net\/tesis\/wp-json\/wp\/v2\/tags?post=60312"}],"curies":[{"name":"wp","href":"https:\/\/api.w.org\/{rel}","templated":true}]}}