{"id":60325,"date":"2007-03-09T00:00:00","date_gmt":"2007-03-09T00:00:00","guid":{"rendered":"https:\/\/www.deberes.net\/tesis\/sin-categoria\/el-dialogo-conyugal-en-el-pensamiento-de-dietrich-von-hildebrand\/"},"modified":"2007-03-09T00:00:00","modified_gmt":"2007-03-09T00:00:00","slug":"el-dialogo-conyugal-en-el-pensamiento-de-dietrich-von-hildebrand","status":"publish","type":"post","link":"https:\/\/www.deberes.net\/tesis\/navarra\/el-dialogo-conyugal-en-el-pensamiento-de-dietrich-von-hildebrand\/","title":{"rendered":"El di\u00e1logo conyugal en el pensamiento de dietrich von hildebrand"},"content":{"rendered":"<h2>Tesis doctoral de <strong> Jan Adam Uchmat <\/strong><\/h2>\n<p>El dialogo conyugal en el pensamiento de dietrich von hildebrand #resumen: el di\u00e1logo conyugal en el pensamiento de dietrich von hildebrand uchwat, jan adam facultad de teolog\u00eda, universidad de navarra (espa\u00f1a), 2007 la tesis es un estudio del pensamiento de dietrich von hildebrand referente a su visi\u00f3n del amor y particularmente del amor conyugal. Partiendo de la definici\u00f3n del amor como \u00abla afectiva respuesta al valor de otra persona\u00bb y, de la axiolog\u00eda (el valor como una realidad objetiva), se formula la dial\u00e9ctica del di\u00e1logo como la clave para interpretar el pensamiento hildebrandiano. El trabajo destaca de un modo especial este pensamiento en relaci\u00f3n con el matrimonio. Se presenta la din\u00e1mica 11 amada-respuesta o dar-recibir en cada elemento (naturaleza, caracter\u00edsticas) del amor conyugal. El amor conyugal es la relaci\u00f3n m\u00e1s sublime que se da entre dos personas, es un \u00fanico di\u00e1logo yo-t\u00fa. A lo largo del trabajo se confirma que la persona y el amor son un misterio, imagen del \u00fanico misterio que es dios. La propuesta de la tesis es la \u00abdialogo-terapia hildebrandiana\u00bb como el modo ordinario de vivir de los c\u00f3nyuges y la soluci\u00f3n de las dificultades en la vida matrimonial.  Palabras claves: amor, amor conyugal, di\u00e1logo conyugal, matrimonio.<\/p>\n<p>&nbsp;<\/p>\n<h3>Datos acad\u00e9micos de la tesis doctoral \u00ab<strong>El di\u00e1logo conyugal en el pensamiento de dietrich von hildebrand<\/strong>\u00ab<\/h3>\n<ul>\n<li><strong>T\u00edtulo de la tesis:<\/strong>\u00a0 El di\u00e1logo conyugal en el pensamiento de dietrich von hildebrand <\/li>\n<li><strong>Autor:<\/strong>\u00a0 Jan Adam Uchmat <\/li>\n<li><strong>Universidad:<\/strong>\u00a0 Navarra<\/li>\n<li><strong>Fecha de lectura de la tesis:<\/strong>\u00a0 03\/09\/2007<\/li>\n<\/ul>\n<p>&nbsp;<\/p>\n<h3>Direcci\u00f3n y tribunal<\/h3>\n<ul>\n<li><strong>Director de la tesis<\/strong>\n<ul>\n<li>Augusto Sarmiento Franco<\/li>\n<\/ul>\n<\/li>\n<li><strong>Tribunal<\/strong>\n<ul>\n<li>Presidente del tribunal: augusto Sarmiento franco <\/li>\n<li>enrique Molina d\u00edez (vocal)<\/li>\n<li>tom\u00e1s Trigo oubi\u00f1a (vocal)<\/li>\n<li>sergio Sanchez migallon (vocal)<\/li>\n<\/ul>\n<\/li>\n<\/ul>\n<p>&nbsp;<\/p>\n","protected":false},"excerpt":{"rendered":"<p>Tesis doctoral de Jan Adam Uchmat El dialogo conyugal en el pensamiento de dietrich von hildebrand #resumen: el di\u00e1logo conyugal [&hellip;]<\/p>\n","protected":false},"author":1,"featured_media":0,"comment_status":"open","ping_status":"open","sticky":false,"template":"","format":"standard","meta":{"site-sidebar-layout":"default","site-content-layout":"","ast-site-content-layout":"","site-content-style":"default","site-sidebar-style":"default","ast-global-header-display":"","ast-banner-title-visibility":"","ast-main-header-display":"","ast-hfb-above-header-display":"","ast-hfb-below-header-display":"","ast-hfb-mobile-header-display":"","site-post-title":"","ast-breadcrumbs-content":"","ast-featured-img":"","footer-sml-layout":"","theme-transparent-header-meta":"","adv-header-id-meta":"","stick-header-meta":"","header-above-stick-meta":"","header-main-stick-meta":"","header-below-stick-meta":"","astra-migrate-meta-layouts":"default","ast-page-background-enabled":"default","ast-page-background-meta":{"desktop":{"background-color":"var(--ast-global-color-4)","background-image":"","background-repeat":"repeat","background-position":"center center","background-size":"auto","background-attachment":"scroll","background-type":"","background-media":"","overlay-type":"","overlay-color":"","overlay-gradient":""},"tablet":{"background-color":"","background-image":"","background-repeat":"repeat","background-position":"center center","background-size":"auto","background-attachment":"scroll","background-type":"","background-media":"","overlay-type":"","overlay-color":"","overlay-gradient":""},"mobile":{"background-color":"","background-image":"","background-repeat":"repeat","background-position":"center center","background-size":"auto","background-attachment":"scroll","background-type":"","background-media":"","overlay-type":"","overlay-color":"","overlay-gradient":""}},"ast-content-background-meta":{"desktop":{"background-color":"var(--ast-global-color-5)","background-image":"","background-repeat":"repeat","background-position":"center center","background-size":"auto","background-attachment":"scroll","background-type":"","background-media":"","overlay-type":"","overlay-color":"","overlay-gradient":""},"tablet":{"background-color":"var(--ast-global-color-5)","background-image":"","background-repeat":"repeat","background-position":"center center","background-size":"auto","background-attachment":"scroll","background-type":"","background-media":"","overlay-type":"","overlay-color":"","overlay-gradient":""},"mobile":{"background-color":"var(--ast-global-color-5)","background-image":"","background-repeat":"repeat","background-position":"center center","background-size":"auto","background-attachment":"scroll","background-type":"","background-media":"","overlay-type":"","overlay-color":"","overlay-gradient":""}},"footnotes":""},"categories":[17749,18402],"tags":[17853,37812,133223,43108,37814],"class_list":["post-60325","post","type-post","status-publish","format-standard","hentry","category-navarra","category-sistemas-teologico-filosoficos","tag-augusto-sarmiento-franco","tag-enrique-molina-diez","tag-jan-adam-uchmat","tag-sergio-sanchez-migallon","tag-tomas-trigo-oubina"],"_links":{"self":[{"href":"https:\/\/www.deberes.net\/tesis\/wp-json\/wp\/v2\/posts\/60325","targetHints":{"allow":["GET"]}}],"collection":[{"href":"https:\/\/www.deberes.net\/tesis\/wp-json\/wp\/v2\/posts"}],"about":[{"href":"https:\/\/www.deberes.net\/tesis\/wp-json\/wp\/v2\/types\/post"}],"author":[{"embeddable":true,"href":"https:\/\/www.deberes.net\/tesis\/wp-json\/wp\/v2\/users\/1"}],"replies":[{"embeddable":true,"href":"https:\/\/www.deberes.net\/tesis\/wp-json\/wp\/v2\/comments?post=60325"}],"version-history":[{"count":0,"href":"https:\/\/www.deberes.net\/tesis\/wp-json\/wp\/v2\/posts\/60325\/revisions"}],"wp:attachment":[{"href":"https:\/\/www.deberes.net\/tesis\/wp-json\/wp\/v2\/media?parent=60325"}],"wp:term":[{"taxonomy":"category","embeddable":true,"href":"https:\/\/www.deberes.net\/tesis\/wp-json\/wp\/v2\/categories?post=60325"},{"taxonomy":"post_tag","embeddable":true,"href":"https:\/\/www.deberes.net\/tesis\/wp-json\/wp\/v2\/tags?post=60325"}],"curies":[{"name":"wp","href":"https:\/\/api.w.org\/{rel}","templated":true}]}}