{"id":60327,"date":"2007-04-09T00:00:00","date_gmt":"2007-04-09T00:00:00","guid":{"rendered":"https:\/\/www.deberes.net\/tesis\/sin-categoria\/la-comunicacion-planificada-estudio-cualitativo-de-las-variables-estructura-gestion-y-valores-en-la-comunicacion-de-las-organizaciones\/"},"modified":"2007-04-09T00:00:00","modified_gmt":"2007-04-09T00:00:00","slug":"la-comunicacion-planificada-estudio-cualitativo-de-las-variables-estructura-gestion-y-valores-en-la-comunicacion-de-las-organizaciones","status":"publish","type":"post","link":"https:\/\/www.deberes.net\/tesis\/etnologia\/la-comunicacion-planificada-estudio-cualitativo-de-las-variables-estructura-gestion-y-valores-en-la-comunicacion-de-las-organizaciones\/","title":{"rendered":"La comunicaci\u00f3n planificada: estudio cualitativo de las variables estructura, gesti\u00f3n y valores en la comunicaci\u00f3n de las organizaciones."},"content":{"rendered":"<h2>Tesis doctoral de <strong> Francisca Morales Serrano <\/strong><\/h2>\n<p>El objeto de la presente tesis es estudiar la estructura, la gesti\u00f3n y los valores en la comunicaci\u00f3n de las organizaciones desde un enfoque hol\u00edstico. Conocer c\u00f3mo se planifica la comunicaci\u00f3n para lograr convertirse en un valor de la funci\u00f3n directiva empresarial. Se trata de un proceso de investigaci\u00f3n proyectiva que en su apartado epistemol\u00f3gico define los conceptos de  organizaci\u00f3n, estructura, gesti\u00f3n, gesti\u00f3n de la comunicaci\u00f3n (valores), estructura de la comunicaci\u00f3n empresarial, la direcci\u00f3n de comunicaci\u00f3n, el director de comunicaci\u00f3n. En su apartado emp\u00edrico implementa una investigaci\u00f3n de campo cualitativa, mediante entrevistas estandarizadas abiertas a una muestra de expertos: 22 comunicadores, que pertenecen 11 a empresas de productos de consumo y 11 a organizaciones de servicios. Se entrevista a la m\u00e1xima autoridad en comunicaci\u00f3n de cada una de ellas. Los resultados nos permiten concluir sobre 15 variables generales y 80 \u00edtems que nos hablan de: estructura, g\u00e9neros y \u00e1reas de comunicaci\u00f3n, gesti\u00f3n,  herramientas, t\u00e9cnicas, comunicaci\u00f3n corporativa, comunicaci\u00f3n de crisis, comunicaci\u00f3n comercial, comunicaci\u00f3n interna, valores comunicacionales y valores intangibles. Plantea nuevas necesidades de investigaci\u00f3n: por un lado habla del conflicto conceptual que existe en las teor\u00edas de renferencia; por otro, argumenta la necesidad de avanzar en el dise\u00f1o de un curr\u00edculo acad\u00e9mico eficiente en la formaci\u00f3n de los futuros profesionales de la comunicaci\u00f3n planificada. Cumple el principal objetivo planteado al inicio de la tesis: presenta un modelo de gesti\u00f3n integral de la comunicaci\u00f3n. Termina con una propuesta de futuro que deber\u00e1 ser desarrollada en nuevas investigaciones.<\/p>\n<p>&nbsp;<\/p>\n<h3>Datos acad\u00e9micos de la tesis doctoral \u00ab<strong>La comunicaci\u00f3n planificada: estudio cualitativo de las variables estructura, gesti\u00f3n y valores en la comunicaci\u00f3n de las organizaciones.<\/strong>\u00ab<\/h3>\n<ul>\n<li><strong>T\u00edtulo de la tesis:<\/strong>\u00a0 La comunicaci\u00f3n planificada: estudio cualitativo de las variables estructura, gesti\u00f3n y valores en la comunicaci\u00f3n de las organizaciones. <\/li>\n<li><strong>Autor:<\/strong>\u00a0 Francisca Morales Serrano <\/li>\n<li><strong>Universidad:<\/strong>\u00a0 Aut\u00f3noma de barcelona<\/li>\n<li><strong>Fecha de lectura de la tesis:<\/strong>\u00a0 04\/09\/2007<\/li>\n<\/ul>\n<p>&nbsp;<\/p>\n<h3>Direcci\u00f3n y tribunal<\/h3>\n<ul>\n<li><strong>Director de la tesis<\/strong>\n<ul>\n<li>Jos\u00e9 Mar\u00eda Ricarte Besc\u00f3s<\/li>\n<\/ul>\n<\/li>\n<li><strong>Tribunal<\/strong>\n<ul>\n<li>Presidente del tribunal: Juan Benavides delgado <\/li>\n<li>justo Arnal agust\u00edn (vocal)<\/li>\n<li>pere-oriol Costa (vocal)<\/li>\n<li>nuria Villagra garcia (vocal)<\/li>\n<\/ul>\n<\/li>\n<\/ul>\n<p>&nbsp;<\/p>\n","protected":false},"excerpt":{"rendered":"<p>Tesis doctoral de Francisca Morales Serrano El objeto de la presente tesis es estudiar la estructura, la gesti\u00f3n y los [&hellip;]<\/p>\n","protected":false},"author":1,"featured_media":0,"comment_status":"open","ping_status":"open","sticky":false,"template":"","format":"standard","meta":{"site-sidebar-layout":"default","site-content-layout":"","ast-site-content-layout":"","site-content-style":"default","site-sidebar-style":"default","ast-global-header-display":"","ast-banner-title-visibility":"","ast-main-header-display":"","ast-hfb-above-header-display":"","ast-hfb-below-header-display":"","ast-hfb-mobile-header-display":"","site-post-title":"","ast-breadcrumbs-content":"","ast-featured-img":"","footer-sml-layout":"","theme-transparent-header-meta":"","adv-header-id-meta":"","stick-header-meta":"","header-above-stick-meta":"","header-main-stick-meta":"","header-below-stick-meta":"","astra-migrate-meta-layouts":"default","ast-page-background-enabled":"default","ast-page-background-meta":{"desktop":{"background-color":"var(--ast-global-color-4)","background-image":"","background-repeat":"repeat","background-position":"center center","background-size":"auto","background-attachment":"scroll","background-type":"","background-media":"","overlay-type":"","overlay-color":"","overlay-gradient":""},"tablet":{"background-color":"","background-image":"","background-repeat":"repeat","background-position":"center center","background-size":"auto","background-attachment":"scroll","background-type":"","background-media":"","overlay-type":"","overlay-color":"","overlay-gradient":""},"mobile":{"background-color":"","background-image":"","background-repeat":"repeat","background-position":"center center","background-size":"auto","background-attachment":"scroll","background-type":"","background-media":"","overlay-type":"","overlay-color":"","overlay-gradient":""}},"ast-content-background-meta":{"desktop":{"background-color":"var(--ast-global-color-5)","background-image":"","background-repeat":"repeat","background-position":"center center","background-size":"auto","background-attachment":"scroll","background-type":"","background-media":"","overlay-type":"","overlay-color":"","overlay-gradient":""},"tablet":{"background-color":"var(--ast-global-color-5)","background-image":"","background-repeat":"repeat","background-position":"center center","background-size":"auto","background-attachment":"scroll","background-type":"","background-media":"","overlay-type":"","overlay-color":"","overlay-gradient":""},"mobile":{"background-color":"var(--ast-global-color-5)","background-image":"","background-repeat":"repeat","background-position":"center center","background-size":"auto","background-attachment":"scroll","background-type":"","background-media":"","overlay-type":"","overlay-color":"","overlay-gradient":""}},"footnotes":""},"categories":[56778],"tags":[133228,43474,5803,7614,56757,65607],"class_list":["post-60327","post","type-post","status-publish","format-standard","hentry","category-etnologia","tag-francisca-morales-serrano","tag-jose-maria-ricarte-bescos","tag-juan-benavides-delgado","tag-justo-arnal-agustin","tag-nuria-villagra-garcia","tag-pere-oriol-costa"],"_links":{"self":[{"href":"https:\/\/www.deberes.net\/tesis\/wp-json\/wp\/v2\/posts\/60327","targetHints":{"allow":["GET"]}}],"collection":[{"href":"https:\/\/www.deberes.net\/tesis\/wp-json\/wp\/v2\/posts"}],"about":[{"href":"https:\/\/www.deberes.net\/tesis\/wp-json\/wp\/v2\/types\/post"}],"author":[{"embeddable":true,"href":"https:\/\/www.deberes.net\/tesis\/wp-json\/wp\/v2\/users\/1"}],"replies":[{"embeddable":true,"href":"https:\/\/www.deberes.net\/tesis\/wp-json\/wp\/v2\/comments?post=60327"}],"version-history":[{"count":0,"href":"https:\/\/www.deberes.net\/tesis\/wp-json\/wp\/v2\/posts\/60327\/revisions"}],"wp:attachment":[{"href":"https:\/\/www.deberes.net\/tesis\/wp-json\/wp\/v2\/media?parent=60327"}],"wp:term":[{"taxonomy":"category","embeddable":true,"href":"https:\/\/www.deberes.net\/tesis\/wp-json\/wp\/v2\/categories?post=60327"},{"taxonomy":"post_tag","embeddable":true,"href":"https:\/\/www.deberes.net\/tesis\/wp-json\/wp\/v2\/tags?post=60327"}],"curies":[{"name":"wp","href":"https:\/\/api.w.org\/{rel}","templated":true}]}}