{"id":60332,"date":"2007-04-09T00:00:00","date_gmt":"2007-04-09T00:00:00","guid":{"rendered":"https:\/\/www.deberes.net\/tesis\/sin-categoria\/alteraciones-en-el-procesamiento-del-calculo-en-pacientes-con-demencia-tipo-alzheimer\/"},"modified":"2007-04-09T00:00:00","modified_gmt":"2007-04-09T00:00:00","slug":"alteraciones-en-el-procesamiento-del-calculo-en-pacientes-con-demencia-tipo-alzheimer","status":"publish","type":"post","link":"https:\/\/www.deberes.net\/tesis\/sin-categoria\/alteraciones-en-el-procesamiento-del-calculo-en-pacientes-con-demencia-tipo-alzheimer\/","title":{"rendered":"Alteraciones en el procesamiento del c\u00e1lculo en pacientes con demencia tipo alzheimer"},"content":{"rendered":"<h2>Tesis doctoral de <strong> Inmaculada G\u00f3mez Pastor <\/strong><\/h2>\n<p>La tesis de referencia tiene un doble objetivo: 1\u00c2\u00ba hacer una revisi\u00f3n de los trabajos de investigaci\u00f3n realizados en este campo desde el paradigma de la neuropsicolog\u00eda cognitiva, para poder ofrecer a los futuros investigadores espa\u00f1oles una panor\u00e1mica del as cuestiones de inter\u00e9s que se han venido planteando, muchas de las cuales est\u00e1n sin resolver. 2\u00c2\u00ba realizar una investigaci\u00f3n sistem\u00e1tica, encaminada a determinar si las alteraciones del c\u00e1lculo descritas por diferentes autores en la demencia tipo alzheimer son debidas a la afectaci\u00f3n directa de alguno de los componentes del subsistema del procesamiento del c\u00e1lculo o son secundarias a la afectaci\u00f3n de componentes de otros subsistemas cognitivos. la investigaci\u00f3n se llev\u00f3 a cabo con un grupo de 53 pacientes diagnosticados con demencia tipo alzheimer y 42 controles, a los que se les realiz\u00f3 una evaluaci\u00f3n neuropsicol\u00f3gica de base, y se estudiaron los errores cometidos en sumas, restas y multiplicaciones, categorizando el tipo de error que comet\u00edan. Despu\u00e9s de realizar el estudio estad\u00edstico y cualitativo, se llegaron a las siguientes cocnlusiones: tanto los individuos normales como los pacientes con dta, cometieron abundantes errores asistem\u00e1ticos de c\u00e1lculo, que se pueden explicar en t\u00e9rminos del deterioro de las funciones del control atencional inherente a la edad, y de un modo m\u00e1s dram\u00e1tico al dta, los pacientes con dta tienden a presentar esos errores a una edad m\u00e1s temprana que los controles. Determinados tipos de errores asistem\u00e1ticos de c\u00e1lculo fueron cometidos por los pacientes con frecuencia superior a los controles, tanto los pacientes como los controles presentan errores sistem\u00e1ticos, que ponen de manifiesto una afectaci\u00f3n directa de los componentes del procesamiento del c\u00e1lculo, y una p\u00e9rdida sistem\u00e1tica de los mismos que podr\u00eda estar modulada por el grado en que cada una de las habilidades de c\u00e1lculo han sido consideradas a lo largo de la vida de cada individuo, se observa una gran variabilidad interindividual en los patrones de errores, lo que interfiere con la validez de los estudios de grupo. Con estos datos se concluye el primer estudio sistem\u00e1tico que ha permitido poner de manifiesto que en los pacientes con dta estudiados: se observa una fondo de errores sistem\u00e1ticos de c\u00e1lculo que s\u00f3lo podr\u00edan ser secundarios al d\u00e9ficit del sistema ejecutivo central, que caracteriza a los pacientes desde el inicio de su enfermedad, y que se observa una serie de errores asistem\u00e1ticos que destacan sobre dicho fondo y que corresponden a d\u00e9ficit espec\u00edficos de la ejecuci\u00f3n del procedimiento del c\u00e1lculo de uno o dos tipos de operaci\u00f3n aritm\u00e9tica o bien del acceso a determinados hechos aritm\u00e9ticos.<\/p>\n<p>&nbsp;<\/p>\n<h3>Datos acad\u00e9micos de la tesis doctoral \u00ab<strong>Alteraciones en el procesamiento del c\u00e1lculo en pacientes con demencia tipo alzheimer<\/strong>\u00ab<\/h3>\n<ul>\n<li><strong>T\u00edtulo de la tesis:<\/strong>\u00a0 Alteraciones en el procesamiento del c\u00e1lculo en pacientes con demencia tipo alzheimer <\/li>\n<li><strong>Autor:<\/strong>\u00a0 Inmaculada G\u00f3mez Pastor <\/li>\n<li><strong>Universidad:<\/strong>\u00a0 Complutense de Madrid<\/li>\n<li><strong>Fecha de lectura de la tesis:<\/strong>\u00a0 04\/09\/2007<\/li>\n<\/ul>\n<p>&nbsp;<\/p>\n<h3>Direcci\u00f3n y tribunal<\/h3>\n<ul>\n<li><strong>Director de la tesis<\/strong>\n<ul>\n<li>Jes\u00fas Benedet Alavarez<\/li>\n<\/ul>\n<\/li>\n<li><strong>Tribunal<\/strong>\n<ul>\n<li>Presidente del tribunal: rosario Martinez arias <\/li>\n<li>Antonio Aguado d\u00edaz (vocal)<\/li>\n<li>gregorio G\u00f3mez-jarabo Garc\u00eda (vocal)<\/li>\n<li>eva Mar\u00eda Arroyo anllo (vocal)<\/li>\n<\/ul>\n<\/li>\n<\/ul>\n<p>&nbsp;<\/p>\n","protected":false},"excerpt":{"rendered":"<p>Tesis doctoral de Inmaculada G\u00f3mez Pastor La tesis de referencia tiene un doble objetivo: 1\u00c2\u00ba hacer una revisi\u00f3n de los [&hellip;]<\/p>\n","protected":false},"author":1,"featured_media":0,"comment_status":"open","ping_status":"open","sticky":false,"template":"","format":"standard","meta":{"site-sidebar-layout":"default","site-content-layout":"","ast-site-content-layout":"","site-content-style":"default","site-sidebar-style":"default","ast-global-header-display":"","ast-banner-title-visibility":"","ast-main-header-display":"","ast-hfb-above-header-display":"","ast-hfb-below-header-display":"","ast-hfb-mobile-header-display":"","site-post-title":"","ast-breadcrumbs-content":"","ast-featured-img":"","footer-sml-layout":"","theme-transparent-header-meta":"","adv-header-id-meta":"","stick-header-meta":"","header-above-stick-meta":"","header-main-stick-meta":"","header-below-stick-meta":"","astra-migrate-meta-layouts":"default","ast-page-background-enabled":"default","ast-page-background-meta":{"desktop":{"background-color":"var(--ast-global-color-4)","background-image":"","background-repeat":"repeat","background-position":"center center","background-size":"auto","background-attachment":"scroll","background-type":"","background-media":"","overlay-type":"","overlay-color":"","overlay-gradient":""},"tablet":{"background-color":"","background-image":"","background-repeat":"repeat","background-position":"center center","background-size":"auto","background-attachment":"scroll","background-type":"","background-media":"","overlay-type":"","overlay-color":"","overlay-gradient":""},"mobile":{"background-color":"","background-image":"","background-repeat":"repeat","background-position":"center center","background-size":"auto","background-attachment":"scroll","background-type":"","background-media":"","overlay-type":"","overlay-color":"","overlay-gradient":""}},"ast-content-background-meta":{"desktop":{"background-color":"var(--ast-global-color-5)","background-image":"","background-repeat":"repeat","background-position":"center center","background-size":"auto","background-attachment":"scroll","background-type":"","background-media":"","overlay-type":"","overlay-color":"","overlay-gradient":""},"tablet":{"background-color":"var(--ast-global-color-5)","background-image":"","background-repeat":"repeat","background-position":"center center","background-size":"auto","background-attachment":"scroll","background-type":"","background-media":"","overlay-type":"","overlay-color":"","overlay-gradient":""},"mobile":{"background-color":"var(--ast-global-color-5)","background-image":"","background-repeat":"repeat","background-position":"center center","background-size":"auto","background-attachment":"scroll","background-type":"","background-media":"","overlay-type":"","overlay-color":"","overlay-gradient":""}},"footnotes":""},"categories":[1],"tags":[9416,133236,105225,133234,133235,5937],"class_list":["post-60332","post","type-post","status-publish","format-standard","hentry","category-sin-categoria","tag-antonio-aguado-diaz","tag-eva-maria-arroyo-anllo","tag-gregorio-gomez-jarabo-garcia","tag-inmaculada-gomez-pastor","tag-jesus-benedet-alavarez","tag-rosario-Martinez-arias"],"_links":{"self":[{"href":"https:\/\/www.deberes.net\/tesis\/wp-json\/wp\/v2\/posts\/60332","targetHints":{"allow":["GET"]}}],"collection":[{"href":"https:\/\/www.deberes.net\/tesis\/wp-json\/wp\/v2\/posts"}],"about":[{"href":"https:\/\/www.deberes.net\/tesis\/wp-json\/wp\/v2\/types\/post"}],"author":[{"embeddable":true,"href":"https:\/\/www.deberes.net\/tesis\/wp-json\/wp\/v2\/users\/1"}],"replies":[{"embeddable":true,"href":"https:\/\/www.deberes.net\/tesis\/wp-json\/wp\/v2\/comments?post=60332"}],"version-history":[{"count":0,"href":"https:\/\/www.deberes.net\/tesis\/wp-json\/wp\/v2\/posts\/60332\/revisions"}],"wp:attachment":[{"href":"https:\/\/www.deberes.net\/tesis\/wp-json\/wp\/v2\/media?parent=60332"}],"wp:term":[{"taxonomy":"category","embeddable":true,"href":"https:\/\/www.deberes.net\/tesis\/wp-json\/wp\/v2\/categories?post=60332"},{"taxonomy":"post_tag","embeddable":true,"href":"https:\/\/www.deberes.net\/tesis\/wp-json\/wp\/v2\/tags?post=60332"}],"curies":[{"name":"wp","href":"https:\/\/api.w.org\/{rel}","templated":true}]}}