{"id":60345,"date":"2007-06-09T00:00:00","date_gmt":"2007-06-09T00:00:00","guid":{"rendered":"https:\/\/www.deberes.net\/tesis\/sin-categoria\/documentacion-geometrica-del-patrimonio-propuesta-conceptual-y-metodologica\/"},"modified":"2007-06-09T00:00:00","modified_gmt":"2007-06-09T00:00:00","slug":"documentacion-geometrica-del-patrimonio-propuesta-conceptual-y-metodologica","status":"publish","type":"post","link":"https:\/\/www.deberes.net\/tesis\/fotogrametria-geodesica\/documentacion-geometrica-del-patrimonio-propuesta-conceptual-y-metodologica\/","title":{"rendered":"Documentaci\u00f3n geom\u00e9trica del patrimonio. propuesta conceptual y metodol\u00f3gica."},"content":{"rendered":"<h2>Tesis doctoral de <strong> Jos\u00e9 Manuel Valle Mel\u00f3n <\/strong><\/h2>\n<p>La tesis presentada por jos\u00e9 manuel valle mel\u00f3n lleva por t\u00edtulo \u00abdocumentaci\u00f3n geom\u00e9trica del patrimonio: propuesta conceptual y metodol\u00f3gica\u00bb. En ella se analiza la medida y representaci\u00f3n del patrimonio teniendo en cuenta los colectivos implicados, los procesos que se aplican y los distintos resultados obtenidos: planos, im\u00e1genes, modelos virtuales, etc. Se han considerado las necesidades de divulgaci\u00f3n de los mismos y las posibilidades de su utilizaci\u00f3n a lo largo del tiempo, valorando el hecho de que la documentaci\u00f3n geom\u00e9trica del patrimonio, en determinadas circunstancias, pasa a formar parte del patrimonio. al mismo tiempo indaga en las circunstancias que motivan la medida del patrimonio, planteando un m\u00e9todo que realiza el necesario ajuste entre las necesidades de documentaci\u00f3n y los recursos disponibles (tecnol\u00f3gicos, humanos, temporales y econ\u00f3micos). otro aspecto relevante abordado en el desarrollo de la tesis es la organizaci\u00f3n de los procesos y estandarizaci\u00f3n de resultados de la documentaci\u00f3n geom\u00e9trica, lo que permite, por un lado, que quien solicite una documentaci\u00f3n pueda realizar su control de calidad e incluso, licitar una intervenci\u00f3n de este tipo con unas garant\u00edas m\u00ednimas de adecuaci\u00f3n entre los prescrito y el resultado; por otro, que los usuarios de esta documentaci\u00f3n, tanto en la actualidad como en el futuro, puedan sacar el m\u00e1ximo partido de los resultados de la documentaci\u00f3n. Para ello se establecen estrategias que posibiliten conseguir el acceso y comprensi\u00f3n de los datos y resultados de la medida a lo largo del tiempo, proponiendo la documentaci\u00f3n de los procesos realizados, la procedimentaci\u00f3n de los mismos, la estandarizaci\u00f3n de los formatos de los resultados y la adici\u00f3n de informaci\u00f3n significativa de los mismos en modo de metadatos, tambi\u00e9n estandarizados. son analizados aspectos relativos a la propiedad intelectual y derechos sobre los resultados de la medida y la representaci\u00f3n. con estas ap<\/p>\n<p>&nbsp;<\/p>\n<h3>Datos acad\u00e9micos de la tesis doctoral \u00ab<strong>Documentaci\u00f3n geom\u00e9trica del patrimonio. propuesta conceptual y metodol\u00f3gica.<\/strong>\u00ab<\/h3>\n<ul>\n<li><strong>T\u00edtulo de la tesis:<\/strong>\u00a0 Documentaci\u00f3n geom\u00e9trica del patrimonio. propuesta conceptual y metodol\u00f3gica. <\/li>\n<li><strong>Autor:<\/strong>\u00a0 Jos\u00e9 Manuel Valle Mel\u00f3n <\/li>\n<li><strong>Universidad:<\/strong>\u00a0 Rioja<\/li>\n<li><strong>Fecha de lectura de la tesis:<\/strong>\u00a0 06\/09\/2007<\/li>\n<\/ul>\n<p>&nbsp;<\/p>\n<h3>Direcci\u00f3n y tribunal<\/h3>\n<ul>\n<li><strong>Director de la tesis<\/strong>\n<ul>\n<li>F\u00e9lix Sanz Ad\u00e1n<\/li>\n<\/ul>\n<\/li>\n<li><strong>Tribunal<\/strong>\n<ul>\n<li>Presidente del tribunal: javier Muniozguren colindres <\/li>\n<li> Santos velasco Juan  Antonio (vocal)<\/li>\n<li>Antonio Almagro gorbea (vocal)<\/li>\n<li>mercedes Farjas abad\u00eda (vocal)<\/li>\n<\/ul>\n<\/li>\n<\/ul>\n<p>&nbsp;<\/p>\n","protected":false},"excerpt":{"rendered":"<p>Tesis doctoral de Jos\u00e9 Manuel Valle Mel\u00f3n La tesis presentada por jos\u00e9 manuel valle mel\u00f3n lleva por t\u00edtulo \u00abdocumentaci\u00f3n geom\u00e9trica [&hellip;]<\/p>\n","protected":false},"author":1,"featured_media":0,"comment_status":"open","ping_status":"open","sticky":false,"template":"","format":"standard","meta":{"site-sidebar-layout":"default","site-content-layout":"","ast-site-content-layout":"","site-content-style":"default","site-sidebar-style":"default","ast-global-header-display":"","ast-banner-title-visibility":"","ast-main-header-display":"","ast-hfb-above-header-display":"","ast-hfb-below-header-display":"","ast-hfb-mobile-header-display":"","site-post-title":"","ast-breadcrumbs-content":"","ast-featured-img":"","footer-sml-layout":"","theme-transparent-header-meta":"","adv-header-id-meta":"","stick-header-meta":"","header-above-stick-meta":"","header-main-stick-meta":"","header-below-stick-meta":"","astra-migrate-meta-layouts":"default","ast-page-background-enabled":"default","ast-page-background-meta":{"desktop":{"background-color":"var(--ast-global-color-4)","background-image":"","background-repeat":"repeat","background-position":"center center","background-size":"auto","background-attachment":"scroll","background-type":"","background-media":"","overlay-type":"","overlay-color":"","overlay-gradient":""},"tablet":{"background-color":"","background-image":"","background-repeat":"repeat","background-position":"center center","background-size":"auto","background-attachment":"scroll","background-type":"","background-media":"","overlay-type":"","overlay-color":"","overlay-gradient":""},"mobile":{"background-color":"","background-image":"","background-repeat":"repeat","background-position":"center center","background-size":"auto","background-attachment":"scroll","background-type":"","background-media":"","overlay-type":"","overlay-color":"","overlay-gradient":""}},"ast-content-background-meta":{"desktop":{"background-color":"var(--ast-global-color-5)","background-image":"","background-repeat":"repeat","background-position":"center center","background-size":"auto","background-attachment":"scroll","background-type":"","background-media":"","overlay-type":"","overlay-color":"","overlay-gradient":""},"tablet":{"background-color":"var(--ast-global-color-5)","background-image":"","background-repeat":"repeat","background-position":"center center","background-size":"auto","background-attachment":"scroll","background-type":"","background-media":"","overlay-type":"","overlay-color":"","overlay-gradient":""},"mobile":{"background-color":"var(--ast-global-color-5)","background-image":"","background-repeat":"repeat","background-position":"center center","background-size":"auto","background-attachment":"scroll","background-type":"","background-media":"","overlay-type":"","overlay-color":"","overlay-gradient":""}},"footnotes":""},"categories":[2263,38117,18890],"tags":[26675,28480,13374,133262,17153,63523],"class_list":["post-60345","post","type-post","status-publish","format-standard","hentry","category-fotogrametria-geodesica","category-metrologia-de-la-edificacion","category-rioja","tag-antonio-almagro-gorbea","tag-felix-sanz-adan","tag-javier-muniozguren-colindres","tag-jose-manuel-valle-melon","tag-mercedes-farjas-abadia","tag-santos-velasco-juan-antonio"],"_links":{"self":[{"href":"https:\/\/www.deberes.net\/tesis\/wp-json\/wp\/v2\/posts\/60345","targetHints":{"allow":["GET"]}}],"collection":[{"href":"https:\/\/www.deberes.net\/tesis\/wp-json\/wp\/v2\/posts"}],"about":[{"href":"https:\/\/www.deberes.net\/tesis\/wp-json\/wp\/v2\/types\/post"}],"author":[{"embeddable":true,"href":"https:\/\/www.deberes.net\/tesis\/wp-json\/wp\/v2\/users\/1"}],"replies":[{"embeddable":true,"href":"https:\/\/www.deberes.net\/tesis\/wp-json\/wp\/v2\/comments?post=60345"}],"version-history":[{"count":0,"href":"https:\/\/www.deberes.net\/tesis\/wp-json\/wp\/v2\/posts\/60345\/revisions"}],"wp:attachment":[{"href":"https:\/\/www.deberes.net\/tesis\/wp-json\/wp\/v2\/media?parent=60345"}],"wp:term":[{"taxonomy":"category","embeddable":true,"href":"https:\/\/www.deberes.net\/tesis\/wp-json\/wp\/v2\/categories?post=60345"},{"taxonomy":"post_tag","embeddable":true,"href":"https:\/\/www.deberes.net\/tesis\/wp-json\/wp\/v2\/tags?post=60345"}],"curies":[{"name":"wp","href":"https:\/\/api.w.org\/{rel}","templated":true}]}}