{"id":60372,"date":"2007-10-09T00:00:00","date_gmt":"2007-10-09T00:00:00","guid":{"rendered":"https:\/\/www.deberes.net\/tesis\/sin-categoria\/asturias-e-iberoamerica-hospitales-y-centros-asistenciales-promomcion-mecenazgo-y-proyectos\/"},"modified":"2007-10-09T00:00:00","modified_gmt":"2007-10-09T00:00:00","slug":"asturias-e-iberoamerica-hospitales-y-centros-asistenciales-promomcion-mecenazgo-y-proyectos","status":"publish","type":"post","link":"https:\/\/www.deberes.net\/tesis\/arquitectura\/asturias-e-iberoamerica-hospitales-y-centros-asistenciales-promomcion-mecenazgo-y-proyectos\/","title":{"rendered":"Asturias e iberoamerica,  hospitales y centros asistenciales. promomcion, mecenazgo y proyectos"},"content":{"rendered":"<h2>Tesis doctoral de <strong> Patricia Secades Fernandez <\/strong><\/h2>\n<p>La tesis doctoral  \u00abasturias e iberoam\u00e9rica, hospitales y  centros asistenciales. Promoci\u00f3n, mecenazgo y proyectos\u00bb, de la que es autora patricia secades fern\u00e1ndez , estudia una tipolog\u00eda arquitect\u00f3nica que sufre grandes cambios a lo largo de los siglos xix y xx, como es la arquitectura  sanitaria  al mismo tiempo  complementa y ampl\u00eda uno de los procesos mas interesantes de la  historia cultural y arquitect\u00f3nica reciente de asturias, como es el conjunto de relaciones, mecenazgos e intercambios debido al proceso  de la emigraci\u00f3n y lo que conocemos como arquitectura de indianos. el trabajo realizado en asturias, se desglosa  en los archivos de la antigua diputaci\u00f3n provincial, archivos municipales, colegio de arquitectos, y particulares. si la aportaci\u00f3n de fuentes in\u00e9ditas, hacen de esta tesis un trabajo muy bien cimentado, no lo es menos  el an\u00e1lisis de los mismos y la  presentaci\u00f3n de los resultados obtenidos. la secuencia de los hospitales y centros asistenciales,  se debieron en asturias a dos flujos econ\u00f3micos claves; se ponen de manifiesto las fundaciones privadas y fundaciones p\u00fablicas.  El tema del mecenazgo, la implicaci\u00f3n de profesionales, la modernizaci\u00f3n de la asistencia sanitaria influyendo en la disposici\u00f3n y equipamientos de los edificios. Se analizan los hospitales de asturias, algunos de enorme inter\u00e9s como el antiguo hospital provincial de llamaquique que obtuvo numerosos premios internacionales, y los hospitales de argentina fundados por la colonia espa\u00f1ola y asturiana, todo ello contextualizado hist\u00f3rica, sociol\u00f3gica y culturalmente, tras la consulta de numerosas fuentes hemerogr\u00e1ficas y una amplia bibliograf\u00eda los resultados, plasman a la luz un trabajo acad\u00e9mico mod\u00e9lico, con una metodolog\u00eda clara,  plasmada en unos cap\u00edtulos elocuentes y en la que adem\u00e1s se aporta un corpus de biograf\u00edas arquitect\u00f3nicas que nos eran desconocidas.  tambi\u00e9n tiene gran valor como aportaci\u00f3n al tema del patrimonio, ofreciend<\/p>\n<p>&nbsp;<\/p>\n<h3>Datos acad\u00e9micos de la tesis doctoral \u00ab<strong>Asturias e iberoamerica,  hospitales y centros asistenciales. promomcion, mecenazgo y proyectos<\/strong>\u00ab<\/h3>\n<ul>\n<li><strong>T\u00edtulo de la tesis:<\/strong>\u00a0 Asturias e iberoamerica,  hospitales y centros asistenciales. promomcion, mecenazgo y proyectos <\/li>\n<li><strong>Autor:<\/strong>\u00a0 Patricia Secades Fernandez <\/li>\n<li><strong>Universidad:<\/strong>\u00a0 Oviedo<\/li>\n<li><strong>Fecha de lectura de la tesis:<\/strong>\u00a0 10\/09\/2007<\/li>\n<\/ul>\n<p>&nbsp;<\/p>\n<h3>Direcci\u00f3n y tribunal<\/h3>\n<ul>\n<li><strong>Director de la tesis<\/strong>\n<ul>\n<li> Morales Saro Mar\u00eda  De Las Cruces<\/li>\n<\/ul>\n<\/li>\n<li><strong>Tribunal<\/strong>\n<ul>\n<li>Presidente del tribunal: Mar\u00eda  soledad Alvarez Martinez <\/li>\n<li>Jos\u00e9 ram\u00f3n Alonso pereira (vocal)<\/li>\n<li>Manuel Vald\u00e9s fern\u00e1ndez (vocal)<\/li>\n<li>Luis Sazatornil ruiz (vocal)<\/li>\n<\/ul>\n<\/li>\n<\/ul>\n<p>&nbsp;<\/p>\n","protected":false},"excerpt":{"rendered":"<p>Tesis doctoral de Patricia Secades Fernandez La tesis doctoral \u00abasturias e iberoam\u00e9rica, hospitales y centros asistenciales. Promoci\u00f3n, mecenazgo y proyectos\u00bb, [&hellip;]<\/p>\n","protected":false},"author":1,"featured_media":0,"comment_status":"open","ping_status":"open","sticky":false,"template":"","format":"standard","meta":{"site-sidebar-layout":"default","site-content-layout":"","ast-site-content-layout":"","site-content-style":"default","site-sidebar-style":"default","ast-global-header-display":"","ast-banner-title-visibility":"","ast-main-header-display":"","ast-hfb-above-header-display":"","ast-hfb-below-header-display":"","ast-hfb-mobile-header-display":"","site-post-title":"","ast-breadcrumbs-content":"","ast-featured-img":"","footer-sml-layout":"","theme-transparent-header-meta":"","adv-header-id-meta":"","stick-header-meta":"","header-above-stick-meta":"","header-main-stick-meta":"","header-below-stick-meta":"","astra-migrate-meta-layouts":"default","ast-page-background-enabled":"default","ast-page-background-meta":{"desktop":{"background-color":"var(--ast-global-color-4)","background-image":"","background-repeat":"repeat","background-position":"center center","background-size":"auto","background-attachment":"scroll","background-type":"","background-media":"","overlay-type":"","overlay-color":"","overlay-gradient":""},"tablet":{"background-color":"","background-image":"","background-repeat":"repeat","background-position":"center center","background-size":"auto","background-attachment":"scroll","background-type":"","background-media":"","overlay-type":"","overlay-color":"","overlay-gradient":""},"mobile":{"background-color":"","background-image":"","background-repeat":"repeat","background-position":"center center","background-size":"auto","background-attachment":"scroll","background-type":"","background-media":"","overlay-type":"","overlay-color":"","overlay-gradient":""}},"ast-content-background-meta":{"desktop":{"background-color":"var(--ast-global-color-5)","background-image":"","background-repeat":"repeat","background-position":"center center","background-size":"auto","background-attachment":"scroll","background-type":"","background-media":"","overlay-type":"","overlay-color":"","overlay-gradient":""},"tablet":{"background-color":"var(--ast-global-color-5)","background-image":"","background-repeat":"repeat","background-position":"center center","background-size":"auto","background-attachment":"scroll","background-type":"","background-media":"","overlay-type":"","overlay-color":"","overlay-gradient":""},"mobile":{"background-color":"var(--ast-global-color-5)","background-image":"","background-repeat":"repeat","background-position":"center center","background-size":"auto","background-attachment":"scroll","background-type":"","background-media":"","overlay-type":"","overlay-color":"","overlay-gradient":""}},"footnotes":""},"categories":[4509,8846],"tags":[18647,80450,4513,8860,74333,133320],"class_list":["post-60372","post","type-post","status-publish","format-standard","hentry","category-arquitectura","category-oviedo","tag-jose-ramon-alonso-pereira","tag-luis-sazatornil-ruiz","tag-manuel-valdes-fernandez","tag-maria-soledad-alvarez-Martinez","tag-morales-saro-maria-de-las-cruces","tag-patricia-secades-fernandez"],"_links":{"self":[{"href":"https:\/\/www.deberes.net\/tesis\/wp-json\/wp\/v2\/posts\/60372","targetHints":{"allow":["GET"]}}],"collection":[{"href":"https:\/\/www.deberes.net\/tesis\/wp-json\/wp\/v2\/posts"}],"about":[{"href":"https:\/\/www.deberes.net\/tesis\/wp-json\/wp\/v2\/types\/post"}],"author":[{"embeddable":true,"href":"https:\/\/www.deberes.net\/tesis\/wp-json\/wp\/v2\/users\/1"}],"replies":[{"embeddable":true,"href":"https:\/\/www.deberes.net\/tesis\/wp-json\/wp\/v2\/comments?post=60372"}],"version-history":[{"count":0,"href":"https:\/\/www.deberes.net\/tesis\/wp-json\/wp\/v2\/posts\/60372\/revisions"}],"wp:attachment":[{"href":"https:\/\/www.deberes.net\/tesis\/wp-json\/wp\/v2\/media?parent=60372"}],"wp:term":[{"taxonomy":"category","embeddable":true,"href":"https:\/\/www.deberes.net\/tesis\/wp-json\/wp\/v2\/categories?post=60372"},{"taxonomy":"post_tag","embeddable":true,"href":"https:\/\/www.deberes.net\/tesis\/wp-json\/wp\/v2\/tags?post=60372"}],"curies":[{"name":"wp","href":"https:\/\/api.w.org\/{rel}","templated":true}]}}