{"id":60384,"date":"2007-11-09T00:00:00","date_gmt":"2007-11-09T00:00:00","guid":{"rendered":"https:\/\/www.deberes.net\/tesis\/sin-categoria\/analisis-diferencial-de-la-imagen-corporal-en-mujeres-invidentes-implicaciones-para-el-conocimiento-de-los-trastornos-alimentarios\/"},"modified":"2007-11-09T00:00:00","modified_gmt":"2007-11-09T00:00:00","slug":"analisis-diferencial-de-la-imagen-corporal-en-mujeres-invidentes-implicaciones-para-el-conocimiento-de-los-trastornos-alimentarios","status":"publish","type":"post","link":"https:\/\/www.deberes.net\/tesis\/psicopatologia\/analisis-diferencial-de-la-imagen-corporal-en-mujeres-invidentes-implicaciones-para-el-conocimiento-de-los-trastornos-alimentarios\/","title":{"rendered":"An\u00e1lisis diferencial de la imagen corporal en mujeres invidentes. implicaciones para el conocimiento de los trastornos alimentarios."},"content":{"rendered":"<h2>Tesis doctoral de <strong> Sonia Brines G\u00f3mez <\/strong><\/h2>\n<p>Los trastornos alimentarios (ta) son cuadros cl\u00ednicos en los que est\u00e1n presentes graves alteraciones de la conducta alimentaria. Estos trastornos se caracterizan por un miedo intenso a aumentar de peso y alteraciones en la imagen corporal (ic). la ic es un constructo polifac\u00e9tico construida y vivenciada individual y subjetivamente (cash &#038; pruzinsky, 2002). El desarrollo de la ic se produce de manera paralela al desarrollo evolutivo y cultural de la persona y dentro de un marco social (en el que hay unos est\u00e1ndares sobre el atractivo y la competencia del cuerpo). en una cultura que ensalza la delgadez como la caracter\u00edstica m\u00e1s valorada del aspecto f\u00edsico, es l\u00f3gico no s\u00f3lo que haya aumentado la incidencia de los ta, sino que tambi\u00e9n en la poblaci\u00f3n normal est\u00e9 presente la insatisfacci\u00f3n con el cuerpo, sobre todo con un cuerpo \u00abno delgado\u00bb(raich, 2000). Sin embargo, hay una parte de la poblaci\u00f3n en nuestra cultura occidental que no parece estar sujeta a esta \u00abpandemia\u00bb que ha significado los ta: las mujeres invidentes cong\u00e9nitas. Aunque no existen estudios epidemiol\u00f3gicos de incidencia de an en personas ciegas, son varios los autores que se han interesado por la escasa preValencia de este trastorno en invidentes (baker, sivyer &#038; towell, 1998; quigley &#038; doane, 1981; touyz, sullivan &#038; gertier, 1988). las razones que justifican esta baja incidencia pueden ser de diversa \u00edndole y a d\u00eda de hoy, est\u00e1n todav\u00eda por investigar. Algunos autores (touyz, sullivan &#038; gertier, 1988) consideran que no hace falta ver para desear ser m\u00e1s delgada. Seg\u00fan esta postura el desarrollo de la ic ocurre con independencia de la ceguera y carecer del canal visual desde el nacimiento no desempe\u00f1a un papel determinante en el desarrollo de los ta. Desde el punto de vista del presente trabajo, en nuestra cultura la construcci\u00f3n de una ic negativa con respecto a tener o no tener un cuerpo delgado, juega un papel determinante en el desarrollo de un trastorno alimentario. En<\/p>\n<p>&nbsp;<\/p>\n<h3>Datos acad\u00e9micos de la tesis doctoral \u00ab<strong>An\u00e1lisis diferencial de la imagen corporal en mujeres invidentes. implicaciones para el conocimiento de los trastornos alimentarios.<\/strong>\u00ab<\/h3>\n<ul>\n<li><strong>T\u00edtulo de la tesis:<\/strong>\u00a0 An\u00e1lisis diferencial de la imagen corporal en mujeres invidentes. implicaciones para el conocimiento de los trastornos alimentarios. <\/li>\n<li><strong>Autor:<\/strong>\u00a0 Sonia Brines G\u00f3mez <\/li>\n<li><strong>Universidad:<\/strong>\u00a0 Universitat de val\u00e9ncia (estudi general)<\/li>\n<li><strong>Fecha de lectura de la tesis:<\/strong>\u00a0 11\/09\/2007<\/li>\n<\/ul>\n<p>&nbsp;<\/p>\n<h3>Direcci\u00f3n y tribunal<\/h3>\n<ul>\n<li><strong>Director de la tesis<\/strong>\n<ul>\n<li>Concepci\u00f3n Perpi\u00f1\u00e1 Tordera<\/li>\n<\/ul>\n<\/li>\n<li><strong>Tribunal<\/strong>\n<ul>\n<li>Presidente del tribunal: rosa Mar\u00eda Ba\u00f1os rivera <\/li>\n<li> Del r\u00edo s\u00e1nchez carmen (vocal)<\/li>\n<li>mercedes Borda mas (vocal)<\/li>\n<li>susana Jim\u00e9nez murcia (vocal)<\/li>\n<\/ul>\n<\/li>\n<\/ul>\n<p>&nbsp;<\/p>\n","protected":false},"excerpt":{"rendered":"<p>Tesis doctoral de Sonia Brines G\u00f3mez Los trastornos alimentarios (ta) son cuadros cl\u00ednicos en los que est\u00e1n presentes graves alteraciones [&hellip;]<\/p>\n","protected":false},"author":1,"featured_media":0,"comment_status":"open","ping_status":"open","sticky":false,"template":"","format":"standard","meta":{"site-sidebar-layout":"default","site-content-layout":"","ast-site-content-layout":"","site-content-style":"default","site-sidebar-style":"default","ast-global-header-display":"","ast-banner-title-visibility":"","ast-main-header-display":"","ast-hfb-above-header-display":"","ast-hfb-below-header-display":"","ast-hfb-mobile-header-display":"","site-post-title":"","ast-breadcrumbs-content":"","ast-featured-img":"","footer-sml-layout":"","theme-transparent-header-meta":"","adv-header-id-meta":"","stick-header-meta":"","header-above-stick-meta":"","header-main-stick-meta":"","header-below-stick-meta":"","astra-migrate-meta-layouts":"default","ast-page-background-enabled":"default","ast-page-background-meta":{"desktop":{"background-color":"var(--ast-global-color-4)","background-image":"","background-repeat":"repeat","background-position":"center center","background-size":"auto","background-attachment":"scroll","background-type":"","background-media":"","overlay-type":"","overlay-color":"","overlay-gradient":""},"tablet":{"background-color":"","background-image":"","background-repeat":"repeat","background-position":"center center","background-size":"auto","background-attachment":"scroll","background-type":"","background-media":"","overlay-type":"","overlay-color":"","overlay-gradient":""},"mobile":{"background-color":"","background-image":"","background-repeat":"repeat","background-position":"center center","background-size":"auto","background-attachment":"scroll","background-type":"","background-media":"","overlay-type":"","overlay-color":"","overlay-gradient":""}},"ast-content-background-meta":{"desktop":{"background-color":"var(--ast-global-color-5)","background-image":"","background-repeat":"repeat","background-position":"center center","background-size":"auto","background-attachment":"scroll","background-type":"","background-media":"","overlay-type":"","overlay-color":"","overlay-gradient":""},"tablet":{"background-color":"var(--ast-global-color-5)","background-image":"","background-repeat":"repeat","background-position":"center center","background-size":"auto","background-attachment":"scroll","background-type":"","background-media":"","overlay-type":"","overlay-color":"","overlay-gradient":""},"mobile":{"background-color":"var(--ast-global-color-5)","background-image":"","background-repeat":"repeat","background-position":"center center","background-size":"auto","background-attachment":"scroll","background-type":"","background-media":"","overlay-type":"","overlay-color":"","overlay-gradient":""}},"footnotes":""},"categories":[325],"tags":[74365,133350,63042,12124,133349,131608],"class_list":["post-60384","post","type-post","status-publish","format-standard","hentry","category-psicopatologia","tag-concepcion-perpina-tordera","tag-del-rio-sanchez-carmen","tag-mercedes-borda-mas","tag-rosa-maria-banos-rivera","tag-sonia-brines-gomez","tag-susana-jimenez-murcia"],"_links":{"self":[{"href":"https:\/\/www.deberes.net\/tesis\/wp-json\/wp\/v2\/posts\/60384","targetHints":{"allow":["GET"]}}],"collection":[{"href":"https:\/\/www.deberes.net\/tesis\/wp-json\/wp\/v2\/posts"}],"about":[{"href":"https:\/\/www.deberes.net\/tesis\/wp-json\/wp\/v2\/types\/post"}],"author":[{"embeddable":true,"href":"https:\/\/www.deberes.net\/tesis\/wp-json\/wp\/v2\/users\/1"}],"replies":[{"embeddable":true,"href":"https:\/\/www.deberes.net\/tesis\/wp-json\/wp\/v2\/comments?post=60384"}],"version-history":[{"count":0,"href":"https:\/\/www.deberes.net\/tesis\/wp-json\/wp\/v2\/posts\/60384\/revisions"}],"wp:attachment":[{"href":"https:\/\/www.deberes.net\/tesis\/wp-json\/wp\/v2\/media?parent=60384"}],"wp:term":[{"taxonomy":"category","embeddable":true,"href":"https:\/\/www.deberes.net\/tesis\/wp-json\/wp\/v2\/categories?post=60384"},{"taxonomy":"post_tag","embeddable":true,"href":"https:\/\/www.deberes.net\/tesis\/wp-json\/wp\/v2\/tags?post=60384"}],"curies":[{"name":"wp","href":"https:\/\/api.w.org\/{rel}","templated":true}]}}