{"id":60396,"date":"2007-11-09T00:00:00","date_gmt":"2007-11-09T00:00:00","guid":{"rendered":"https:\/\/www.deberes.net\/tesis\/sin-categoria\/el-concepto-de-educacion-en-san-agustin\/"},"modified":"2007-11-09T00:00:00","modified_gmt":"2007-11-09T00:00:00","slug":"el-concepto-de-educacion-en-san-agustin","status":"publish","type":"post","link":"https:\/\/www.deberes.net\/tesis\/historias-especializadas\/el-concepto-de-educacion-en-san-agustin\/","title":{"rendered":"El concepto de educaci\u00f3n en san agustin"},"content":{"rendered":"<h2>Tesis doctoral de <strong> Mar\u00eda  Lilian Mujica <\/strong><\/h2>\n<p>San agust\u00edn fue educador y en algunos de sus escritos se centr\u00f3 en el tema de la educaci\u00f3n, sin embargo, no se encuentra expl\u00edcitamente un concepto de educaci\u00f3n en su pensamiento. Por ello, el objetivo principal de esta investigaci\u00f3n ha sido identificar el concepto de educaci\u00f3n que subyace en las obras de san agust\u00edn. Se realiz\u00f3 un an\u00e1lisis del uso que hace nuestro autor de ciertos t\u00e9rminos latinos vinculados con la educaci\u00f3n -los verbos educare, educere y formare, y los sustantivos educatio, disciplina y doctrina, englobados bajo los conceptos de educatio, doctrina, disciplina y formatio-, y de las relaciones de analog\u00eda que existen entre los distintos significados. El trabajo est\u00e1 organizado en dos partes: en la primera se contextualiza desde el punto de vista filos\u00f3fico y religioso la obra agustiniana, y se determinan los principios antropol\u00f3gicos que sustentan el pensamiento educativo de nuestro autor. En la segunda parte se lleva a cabo el an\u00e1lisis de los t\u00e9rminos seleccionados, estableciendo en primer lugar sus antecedentes latinos y b\u00edblicos, y luego los usos propiamente agustinianos, y sus analogados .Principales. Se ha concluido que, cuando san agust\u00edn emplea los conceptos educatio, disciplina, doctrina y formatio para denotar la educaci\u00f3n, subraya diferentes aspectos, \u00e1mbitos y niveles de \u00e9sta. Hay, adem\u00e1s, una analog\u00eda de proporcionalidad propia \u00fanicamente entre los conceptos de disciplina, doctrina y formatio. La educatio, la disciplina y la doctrina conducen hacia la formatio, pero aqu\u00e9llas no alcanzan la plenitud de sus objetivos sin \u00e9sta. La educaci\u00f3n agustiniana es, esencialmente, la formaci\u00f3n de las facultades humanas seg\u00fan el modelo de cristo.<\/p>\n<p>&nbsp;<\/p>\n<h3>Datos acad\u00e9micos de la tesis doctoral \u00ab<strong>El concepto de educaci\u00f3n en san agustin<\/strong>\u00ab<\/h3>\n<ul>\n<li><strong>T\u00edtulo de la tesis:<\/strong>\u00a0 El concepto de educaci\u00f3n en san agustin <\/li>\n<li><strong>Autor:<\/strong>\u00a0 Mar\u00eda  Lilian Mujica <\/li>\n<li><strong>Universidad:<\/strong>\u00a0 Navarra<\/li>\n<li><strong>Fecha de lectura de la tesis:<\/strong>\u00a0 11\/09\/2007<\/li>\n<\/ul>\n<p>&nbsp;<\/p>\n<h3>Direcci\u00f3n y tribunal<\/h3>\n<ul>\n<li><strong>Director de la tesis<\/strong>\n<ul>\n<li>Francisco Javier Laspalas Perez<\/li>\n<\/ul>\n<\/li>\n<li><strong>Tribunal<\/strong>\n<ul>\n<li>Presidente del tribunal: pierre Magnard <\/li>\n<li>Jaime Garcia alvarez (vocal)<\/li>\n<li>concepcion Alonso del real montes (vocal)<\/li>\n<li>Francisco Javier Vergara ciordia (vocal)<\/li>\n<\/ul>\n<\/li>\n<\/ul>\n<p>&nbsp;<\/p>\n","protected":false},"excerpt":{"rendered":"<p>Tesis doctoral de Mar\u00eda Lilian Mujica San agust\u00edn fue educador y en algunos de sus escritos se centr\u00f3 en el [&hellip;]<\/p>\n","protected":false},"author":1,"featured_media":0,"comment_status":"open","ping_status":"open","sticky":false,"template":"","format":"standard","meta":{"site-sidebar-layout":"default","site-content-layout":"","ast-site-content-layout":"","site-content-style":"default","site-sidebar-style":"default","ast-global-header-display":"","ast-banner-title-visibility":"","ast-main-header-display":"","ast-hfb-above-header-display":"","ast-hfb-below-header-display":"","ast-hfb-mobile-header-display":"","site-post-title":"","ast-breadcrumbs-content":"","ast-featured-img":"","footer-sml-layout":"","theme-transparent-header-meta":"","adv-header-id-meta":"","stick-header-meta":"","header-above-stick-meta":"","header-main-stick-meta":"","header-below-stick-meta":"","astra-migrate-meta-layouts":"default","ast-page-background-enabled":"default","ast-page-background-meta":{"desktop":{"background-color":"var(--ast-global-color-4)","background-image":"","background-repeat":"repeat","background-position":"center center","background-size":"auto","background-attachment":"scroll","background-type":"","background-media":"","overlay-type":"","overlay-color":"","overlay-gradient":""},"tablet":{"background-color":"","background-image":"","background-repeat":"repeat","background-position":"center center","background-size":"auto","background-attachment":"scroll","background-type":"","background-media":"","overlay-type":"","overlay-color":"","overlay-gradient":""},"mobile":{"background-color":"","background-image":"","background-repeat":"repeat","background-position":"center center","background-size":"auto","background-attachment":"scroll","background-type":"","background-media":"","overlay-type":"","overlay-color":"","overlay-gradient":""}},"ast-content-background-meta":{"desktop":{"background-color":"var(--ast-global-color-5)","background-image":"","background-repeat":"repeat","background-position":"center center","background-size":"auto","background-attachment":"scroll","background-type":"","background-media":"","overlay-type":"","overlay-color":"","overlay-gradient":""},"tablet":{"background-color":"var(--ast-global-color-5)","background-image":"","background-repeat":"repeat","background-position":"center center","background-size":"auto","background-attachment":"scroll","background-type":"","background-media":"","overlay-type":"","overlay-color":"","overlay-gradient":""},"mobile":{"background-color":"var(--ast-global-color-5)","background-image":"","background-repeat":"repeat","background-position":"center center","background-size":"auto","background-attachment":"scroll","background-type":"","background-media":"","overlay-type":"","overlay-color":"","overlay-gradient":""}},"footnotes":""},"categories":[222,17749,11958],"tags":[133379,126563,17236,133378,133376,133377],"class_list":["post-60396","post","type-post","status-publish","format-standard","hentry","category-historias-especializadas","category-navarra","category-teorias-educativas","tag-concepcion-alonso-del-real-montes","tag-francisco-javier-laspalas-perez","tag-francisco-javier-vergara-ciordia","tag-jaime-garcia-alvarez","tag-maria-lilian-mujica","tag-pierre-magnard"],"_links":{"self":[{"href":"https:\/\/www.deberes.net\/tesis\/wp-json\/wp\/v2\/posts\/60396","targetHints":{"allow":["GET"]}}],"collection":[{"href":"https:\/\/www.deberes.net\/tesis\/wp-json\/wp\/v2\/posts"}],"about":[{"href":"https:\/\/www.deberes.net\/tesis\/wp-json\/wp\/v2\/types\/post"}],"author":[{"embeddable":true,"href":"https:\/\/www.deberes.net\/tesis\/wp-json\/wp\/v2\/users\/1"}],"replies":[{"embeddable":true,"href":"https:\/\/www.deberes.net\/tesis\/wp-json\/wp\/v2\/comments?post=60396"}],"version-history":[{"count":0,"href":"https:\/\/www.deberes.net\/tesis\/wp-json\/wp\/v2\/posts\/60396\/revisions"}],"wp:attachment":[{"href":"https:\/\/www.deberes.net\/tesis\/wp-json\/wp\/v2\/media?parent=60396"}],"wp:term":[{"taxonomy":"category","embeddable":true,"href":"https:\/\/www.deberes.net\/tesis\/wp-json\/wp\/v2\/categories?post=60396"},{"taxonomy":"post_tag","embeddable":true,"href":"https:\/\/www.deberes.net\/tesis\/wp-json\/wp\/v2\/tags?post=60396"}],"curies":[{"name":"wp","href":"https:\/\/api.w.org\/{rel}","templated":true}]}}