{"id":60404,"date":"2007-12-09T00:00:00","date_gmt":"2007-12-09T00:00:00","guid":{"rendered":"https:\/\/www.deberes.net\/tesis\/sin-categoria\/mortalidad-por-homicidio-en-colombia-1985-2001\/"},"modified":"2007-12-09T00:00:00","modified_gmt":"2007-12-09T00:00:00","slug":"mortalidad-por-homicidio-en-colombia-1985-2001","status":"publish","type":"post","link":"https:\/\/www.deberes.net\/tesis\/evolucion-historica-de-la-mortalidad\/mortalidad-por-homicidio-en-colombia-1985-2001\/","title":{"rendered":"Mortalidad por homicidio en colombia.1985-2001."},"content":{"rendered":"<h2>Tesis doctoral de <strong> Mar\u00eda De Los \u00e1ngeles Rodr\u00edguez G\u00e1zquez <\/strong><\/h2>\n<p>Introducci\u00f3n. Si el homicidio se examinara como una epidemia, sin duda ser\u00eda considerada entre las m\u00e1s graves y letales que enfrenta el planeta. Esta causa, considerada como indicador clave del fen\u00f3meno de violencia en colombia, tuvo un ascenso exponencial desde el a\u00f1o 1986, alcanzando proporciones epid\u00e9micas en 1991, cuando ocho de cada 10.000 habitantes fueron asesinados. Luego de esta situaci\u00f3n, se ha dado una reducci\u00f3n, conservando de todas formas tasas muy altas. Al impacto social que ha tenido este problema, se le suma el deterioro en el crecimiento econ\u00f3mico sufrido por el pa\u00eds durante la d\u00e9cada de los noventa a causa de una violencia compleja, adem\u00e1s, agravada por su longevidad.  objetivo. Determinar la tendencia en el tiempo de la mortalidad por homicidio durante el per\u00edodo 1985 a 2001 y su relaci\u00f3n con algunos factores de riesgo sociodemogr\u00e1ficos y econ\u00f3micos.  metodolog\u00eda. Se realiz\u00f3 un estudio ecol\u00f3gico de la mortalidad por homicidio en colombia sobre el per\u00edodo 1985-2001. La fuente de datos de las defunciones es la informaci\u00f3n oficial del departamento administrativo nacional de estad\u00edstica (dane), que tiene como fuente primaria los certificados de defunci\u00f3n. Como durante el per\u00edodo de estudio se present\u00f3 un cambio en la clasificaci\u00f3n internacional de enfermedades (cie) de la 9\u00aa a la 10\u00aa revisi\u00f3n, se tuvo en cuenta la homologaci\u00f3n de las causas de una a otra clasificaci\u00f3n, seg\u00fan los lineamientos que para tal efecto tuvo la organizaci\u00f3n undial de la salud. Los casos de homicidio fueron identificados a trav\u00e9s de la causa lesiones intencionales ocasionadas por otra persona (cie-9: e960-e968, cie-10: x85-y09). Para los datos de poblaci\u00f3n se us\u00f3 tambi\u00e9n informaci\u00f3n oficial del dane, la que est\u00e1 basada en las estimaciones y proyecciones censales para el per\u00edodo en estudio.  para describir los datos se estimaron las tasas brutas y ajustadas as\u00ed como los avpp, por edad, sexo, regi\u00f3n y causa b\u00e1sica de muerte. Con el objeto de observar la din\u00e1mica en el tiempo se hicieron modelos de joinpoint, y para evaluar la estacionalidad los datos se realizaron procedimientos iterativos de construcci\u00f3n de modelos arima. Por \u00faltimo, se estudi\u00f3 la relaci\u00f3n entre la mortalidad por homicidio y algunas variables explicativas de tipo demogr\u00e1fico con modelos de regresi\u00f3n de poisson.  resultados. En este estudio de una serie de 17 a\u00f1os de observaci\u00f3n, colombia registr\u00f3 402.375 defunciones por homicidio, ocasionando que fuera la principal causa de muerte durante toda la serie. El perfil de fallecido por homicidio es el de var\u00f3n entre los 15 a 34 a\u00f1os, que habita la regi\u00f3n occidental, siendo el instrumento homicida utilizado con mayor frecuencia el arma de fuego.    pasando a la evaluaci\u00f3n del riesgo anual de homicidio en colombia, la modelaci\u00f3n de joinpoint, mostr\u00f3 que en la serie en estudio se producen dos puntos de cambio que dividen la tendencia en tres trayectos: un  ascenso  r\u00e1pido de 1985 a 1992, un descenso un poco menor en velocidad  de 1992 a 1997 y de all\u00ed al 2001 hay otro ascenso que es la mitad del visto para el primer trayecto.  En cuanto al an\u00e1lisis de la estacionalidad, se encontr\u00f3 una din\u00e1mica lineal a trav\u00e9s de la modelaci\u00f3n arima, observ\u00e1ndose una marcada variaci\u00f3n estacional de per\u00edodo 12, encontrando un t\u00e9rmino autorregresivo. Diciembre es el mes con las m\u00e1s altas tasas en la gran mayor\u00eda de los a\u00f1os de la serie.   en esta investigaci\u00f3n, se encontr\u00f3 asociaci\u00f3n que los indicadores: % del pib invertido en salud y el pib per c\u00e1pita y el precio de la libra de caf\u00e9, fueron las variables econ\u00f3micas que m\u00e1s explicaron el riesgo de morir por homicidio en colombia; teniendo la primera y la tercera una relaci\u00f3n inversa con la probabilidad de ser asesinado. As\u00ed mismo, el promedio de a\u00f1os de estudio se relacion\u00f3 en forma directa con la tasa de asesinatos.  conclusi\u00f3n. En este estudio, se evidenci\u00f3 que el homicidio es un importante problema de salud en colombia, al registrar casi medio mill\u00f3n de muertes durante los 17 a\u00f1os de observaci\u00f3n. Lo anterior represent\u00f3 que el riesgo de la poblaci\u00f3n colombiana de fallecer por este motivo, fuera mucho mayor que el reportado por otros pa\u00edses y regiones del mundo.  es necesario que se sigan realizando estudios que ayuden a explicar la participaci\u00f3n de ciertos factores de riesgo en la din\u00e1mica del riesgo de morir por homicidio, con el fin de disponer de m\u00e1s elementos de juicio que ayuden a la promulgaci\u00f3n de pol\u00edticas p\u00fablicas que impacten el riesgo de fallecer por esta causa en colombia.<\/p>\n<p>&nbsp;<\/p>\n<h3>Datos acad\u00e9micos de la tesis doctoral \u00ab<strong>Mortalidad por homicidio en colombia.1985-2001.<\/strong>\u00ab<\/h3>\n<ul>\n<li><strong>T\u00edtulo de la tesis:<\/strong>\u00a0 Mortalidad por homicidio en colombia.1985-2001. <\/li>\n<li><strong>Autor:<\/strong>\u00a0 Mar\u00eda De Los \u00e1ngeles Rodr\u00edguez G\u00e1zquez <\/li>\n<li><strong>Universidad:<\/strong>\u00a0 Alicante<\/li>\n<li><strong>Fecha de lectura de la tesis:<\/strong>\u00a0 12\/09\/2007<\/li>\n<\/ul>\n<p>&nbsp;<\/p>\n<h3>Direcci\u00f3n y tribunal<\/h3>\n<ul>\n<li><strong>Director de la tesis<\/strong>\n<ul>\n<li>Juan  Andres Nolasco Bonmat\u00ed<\/li>\n<\/ul>\n<\/li>\n<li><strong>Tribunal<\/strong>\n<ul>\n<li>Presidente del tribunal: Santiago P\u00e9rez <\/li>\n<li>Francisco Jos\u00e9 Y\u00e9pez luj\u00e1n (vocal)<\/li>\n<li>rub\u00e9n dar\u00edo G\u00f3mez arias (vocal)<\/li>\n<li>Mar\u00eda patricia Arbel\u00e1ez montoya (vocal)<\/li>\n<\/ul>\n<\/li>\n<\/ul>\n<p>&nbsp;<\/p>\n","protected":false},"excerpt":{"rendered":"<p>Tesis doctoral de Mar\u00eda De Los \u00e1ngeles Rodr\u00edguez G\u00e1zquez Introducci\u00f3n. Si el homicidio se examinara como una epidemia, sin duda [&hellip;]<\/p>\n","protected":false},"author":1,"featured_media":0,"comment_status":"open","ping_status":"open","sticky":false,"template":"","format":"standard","meta":{"site-sidebar-layout":"default","site-content-layout":"","ast-site-content-layout":"","site-content-style":"default","site-sidebar-style":"default","ast-global-header-display":"","ast-banner-title-visibility":"","ast-main-header-display":"","ast-hfb-above-header-display":"","ast-hfb-below-header-display":"","ast-hfb-mobile-header-display":"","site-post-title":"","ast-breadcrumbs-content":"","ast-featured-img":"","footer-sml-layout":"","theme-transparent-header-meta":"","adv-header-id-meta":"","stick-header-meta":"","header-above-stick-meta":"","header-main-stick-meta":"","header-below-stick-meta":"","astra-migrate-meta-layouts":"default","ast-page-background-enabled":"default","ast-page-background-meta":{"desktop":{"background-color":"var(--ast-global-color-4)","background-image":"","background-repeat":"repeat","background-position":"center center","background-size":"auto","background-attachment":"scroll","background-type":"","background-media":"","overlay-type":"","overlay-color":"","overlay-gradient":""},"tablet":{"background-color":"","background-image":"","background-repeat":"repeat","background-position":"center center","background-size":"auto","background-attachment":"scroll","background-type":"","background-media":"","overlay-type":"","overlay-color":"","overlay-gradient":""},"mobile":{"background-color":"","background-image":"","background-repeat":"repeat","background-position":"center center","background-size":"auto","background-attachment":"scroll","background-type":"","background-media":"","overlay-type":"","overlay-color":"","overlay-gradient":""}},"ast-content-background-meta":{"desktop":{"background-color":"var(--ast-global-color-5)","background-image":"","background-repeat":"repeat","background-position":"center center","background-size":"auto","background-attachment":"scroll","background-type":"","background-media":"","overlay-type":"","overlay-color":"","overlay-gradient":""},"tablet":{"background-color":"var(--ast-global-color-5)","background-image":"","background-repeat":"repeat","background-position":"center center","background-size":"auto","background-attachment":"scroll","background-type":"","background-media":"","overlay-type":"","overlay-color":"","overlay-gradient":""},"mobile":{"background-color":"var(--ast-global-color-5)","background-image":"","background-repeat":"repeat","background-position":"center center","background-size":"auto","background-attachment":"scroll","background-type":"","background-media":"","overlay-type":"","overlay-color":"","overlay-gradient":""}},"footnotes":""},"categories":[19166,2217,133396],"tags":[133399,33103,133397,133401,133400,133398],"class_list":["post-60404","post","type-post","status-publish","format-standard","hentry","category-alicante","category-evolucion-historica-de-la-mortalidad","category-variables-conexas-con-la-mortalidad","tag-francisco-jose-yepez-lujan","tag-juan-andres-nolasco-bonmati","tag-maria-de-los-angeles-rodriguez-gazquez","tag-maria-patricia-arbelaez-montoya","tag-ruben-dario-gomez-arias","tag-santiago-perez"],"_links":{"self":[{"href":"https:\/\/www.deberes.net\/tesis\/wp-json\/wp\/v2\/posts\/60404","targetHints":{"allow":["GET"]}}],"collection":[{"href":"https:\/\/www.deberes.net\/tesis\/wp-json\/wp\/v2\/posts"}],"about":[{"href":"https:\/\/www.deberes.net\/tesis\/wp-json\/wp\/v2\/types\/post"}],"author":[{"embeddable":true,"href":"https:\/\/www.deberes.net\/tesis\/wp-json\/wp\/v2\/users\/1"}],"replies":[{"embeddable":true,"href":"https:\/\/www.deberes.net\/tesis\/wp-json\/wp\/v2\/comments?post=60404"}],"version-history":[{"count":0,"href":"https:\/\/www.deberes.net\/tesis\/wp-json\/wp\/v2\/posts\/60404\/revisions"}],"wp:attachment":[{"href":"https:\/\/www.deberes.net\/tesis\/wp-json\/wp\/v2\/media?parent=60404"}],"wp:term":[{"taxonomy":"category","embeddable":true,"href":"https:\/\/www.deberes.net\/tesis\/wp-json\/wp\/v2\/categories?post=60404"},{"taxonomy":"post_tag","embeddable":true,"href":"https:\/\/www.deberes.net\/tesis\/wp-json\/wp\/v2\/tags?post=60404"}],"curies":[{"name":"wp","href":"https:\/\/api.w.org\/{rel}","templated":true}]}}