{"id":60469,"date":"2018-03-09T22:48:18","date_gmt":"2018-03-09T22:48:18","guid":{"rendered":"https:\/\/www.deberes.net\/tesis\/sin-categoria\/nueva-reactividad-de-fullerenos\/"},"modified":"2018-03-09T22:48:18","modified_gmt":"2018-03-09T22:48:18","slug":"nueva-reactividad-de-fullerenos","status":"publish","type":"post","link":"https:\/\/www.deberes.net\/tesis\/sin-categoria\/nueva-reactividad-de-fullerenos\/","title":{"rendered":"Nueva reactividad de fullerenos"},"content":{"rendered":"<h2>Tesis doctoral de <strong> Margarita Altable Sanchez <\/strong><\/h2>\n<p>La qu\u00edmica de fullerenos suele considerarse actualmente un campo de investigaci\u00f3n bien establecido. Sin embargo, a pesar del notable desarrollo alcanzado existen reacciones que implican dobles enlaces que no han sido previamente estudiadas sobre fullerenos. Es en este marco donde se centran los objetivos que se persiguen en esta tesis doctoral. as\u00ed, se ha llevado a cabo la versi\u00f3n intramolecular de la reacci\u00f3n de pauson khans con una elevada eficacia y regioselectividad a partir de nuevas fulleropirrolidinas que presentan en su estructura una o dos subunidades de 1-6-enino (fuller-1,6-eninos). Las mol\u00e9culas obtenidas poseen una novedosa estructura al presentar tres y cinco anillos pentagonales fusionados sobre la superficie del fullereno. Se ha realizado el estudio electroqu\u00edmico por voltamperometr\u00eda c\u00edclica de estos derivados, as\u00ed como c\u00e1lculos te\u00f3ricos a nivel de dft que explican la reactividad observada. las ciclaciones [2+2] en fullerenos son poco frecuentes y los casos descritos han sido realizados fotoqu\u00edmicamente. Sin embargo, el tratamiento t\u00e9rmico de fuller-1,6-eninos adecuadamente sustitu\u00eddos en el c-2 pirrolid\u00ednico, produce un proceso de ciclaci\u00f3n [2+2] que involucra a uno de los dobles enlaces del c60, dando lugar a la formaci\u00f3n de un nuevo derivado fuller\u00e9nico, que presenta un ciclobuteno estable fusionado sobre la superficie del fullereno. La presencia de grupos metilo o alquilo en la posici\u00f3n terminal del alquino hace que el proceso de ciclaci\u00f3n t\u00e9rmica [2+2] se vea interrumpida y, en lugar de la formaci\u00f3n de un ciclobuteno, se obtenga un nuevo derivado de tipo al\u00e9nico. Se han investigado y propuesto mecanismos de reacci\u00f3n que tratan de explicar los resultados obtenidos. finalmente, uno de los m\u00e9todos m\u00e1s empleados en la funcionalizaci\u00f3n del c60 es la denominada reacci\u00f3n de prato, que consiste en una cicloadici\u00f3n 1-3 dipolar entre un iluro de azometino y un doble enlace fuller\u00e9nico. A pesar de que sus aductos son considerados estables, se ha llevado a cabo la retrocicloadici\u00f3n cuantitativa de fulleropirrolidinas, tanto t\u00e9rmica como catalizada por metales. La presencia de un dipolar\u00f3filo en el medio de reacci\u00f3n permite atrapar eficazmente el iluro de azometino liberado en el proceso. Tambi\u00e9n se ha realizado el proceso electroqu\u00edmicamente por electrolisis oxidativa de las fulleropirrilidinas de partida.<\/p>\n<p>&nbsp;<\/p>\n<h3>Datos acad\u00e9micos de la tesis doctoral \u00ab<strong>Nueva reactividad de fullerenos<\/strong>\u00ab<\/h3>\n<ul>\n<li><strong>T\u00edtulo de la tesis:<\/strong>\u00a0 Nueva reactividad de fullerenos <\/li>\n<li><strong>Autor:<\/strong>\u00a0 Margarita Altable Sanchez <\/li>\n<li><strong>Universidad:<\/strong>\u00a0 Complutense de Madrid<\/li>\n<li><strong>Fecha de lectura de la tesis:<\/strong>\u00a0 17\/09\/2007<\/li>\n<\/ul>\n<p>&nbsp;<\/p>\n<h3>Direcci\u00f3n y tribunal<\/h3>\n<ul>\n<li><strong>Director de la tesis<\/strong>\n<ul>\n<li>Nazario Martin Leon<\/li>\n<\/ul>\n<\/li>\n<li><strong>Tribunal<\/strong>\n<ul>\n<li>Presidente del tribunal: Mar\u00eda  luz Lopez rodriguez <\/li>\n<li>Juan  Carlos Carretero gonz\u00e1lvez (vocal)<\/li>\n<li>Antonio  M\u00aa Echevarreu pablos (vocal)<\/li>\n<li>miquel Sol? puig (vocal)<\/li>\n<\/ul>\n<\/li>\n<\/ul>\n<p>&nbsp;<\/p>\n","protected":false},"excerpt":{"rendered":"<p>Tesis doctoral de Margarita Altable Sanchez La qu\u00edmica de fullerenos suele considerarse actualmente un campo de investigaci\u00f3n bien establecido. Sin [&hellip;]<\/p>\n","protected":false},"author":1,"featured_media":0,"comment_status":"open","ping_status":"open","sticky":false,"template":"","format":"standard","meta":{"site-sidebar-layout":"default","site-content-layout":"","ast-site-content-layout":"","site-content-style":"default","site-sidebar-style":"default","ast-global-header-display":"","ast-banner-title-visibility":"","ast-main-header-display":"","ast-hfb-above-header-display":"","ast-hfb-below-header-display":"","ast-hfb-mobile-header-display":"","site-post-title":"","ast-breadcrumbs-content":"","ast-featured-img":"","footer-sml-layout":"","theme-transparent-header-meta":"","adv-header-id-meta":"","stick-header-meta":"","header-above-stick-meta":"","header-main-stick-meta":"","header-below-stick-meta":"","astra-migrate-meta-layouts":"default","ast-page-background-enabled":"default","ast-page-background-meta":{"desktop":{"background-color":"var(--ast-global-color-4)","background-image":"","background-repeat":"repeat","background-position":"center center","background-size":"auto","background-attachment":"scroll","background-type":"","background-media":"","overlay-type":"","overlay-color":"","overlay-gradient":""},"tablet":{"background-color":"","background-image":"","background-repeat":"repeat","background-position":"center center","background-size":"auto","background-attachment":"scroll","background-type":"","background-media":"","overlay-type":"","overlay-color":"","overlay-gradient":""},"mobile":{"background-color":"","background-image":"","background-repeat":"repeat","background-position":"center center","background-size":"auto","background-attachment":"scroll","background-type":"","background-media":"","overlay-type":"","overlay-color":"","overlay-gradient":""}},"ast-content-background-meta":{"desktop":{"background-color":"var(--ast-global-color-5)","background-image":"","background-repeat":"repeat","background-position":"center center","background-size":"auto","background-attachment":"scroll","background-type":"","background-media":"","overlay-type":"","overlay-color":"","overlay-gradient":""},"tablet":{"background-color":"var(--ast-global-color-5)","background-image":"","background-repeat":"repeat","background-position":"center center","background-size":"auto","background-attachment":"scroll","background-type":"","background-media":"","overlay-type":"","overlay-color":"","overlay-gradient":""},"mobile":{"background-color":"var(--ast-global-color-5)","background-image":"","background-repeat":"repeat","background-position":"center center","background-size":"auto","background-attachment":"scroll","background-type":"","background-media":"","overlay-type":"","overlay-color":"","overlay-gradient":""}},"footnotes":""},"categories":[1],"tags":[133548,29802,133547,23027,47166,37204],"class_list":["post-60469","post","type-post","status-publish","format-standard","hentry","category-sin-categoria","tag-antonio-ma-echevarreu-pablos","tag-juan-carlos-carretero-gonzalvez","tag-margarita-altable-sanchez","tag-maria-luz-lopez-rodriguez","tag-miquel-sol-puig","tag-nazario-martin-leon"],"_links":{"self":[{"href":"https:\/\/www.deberes.net\/tesis\/wp-json\/wp\/v2\/posts\/60469","targetHints":{"allow":["GET"]}}],"collection":[{"href":"https:\/\/www.deberes.net\/tesis\/wp-json\/wp\/v2\/posts"}],"about":[{"href":"https:\/\/www.deberes.net\/tesis\/wp-json\/wp\/v2\/types\/post"}],"author":[{"embeddable":true,"href":"https:\/\/www.deberes.net\/tesis\/wp-json\/wp\/v2\/users\/1"}],"replies":[{"embeddable":true,"href":"https:\/\/www.deberes.net\/tesis\/wp-json\/wp\/v2\/comments?post=60469"}],"version-history":[{"count":0,"href":"https:\/\/www.deberes.net\/tesis\/wp-json\/wp\/v2\/posts\/60469\/revisions"}],"wp:attachment":[{"href":"https:\/\/www.deberes.net\/tesis\/wp-json\/wp\/v2\/media?parent=60469"}],"wp:term":[{"taxonomy":"category","embeddable":true,"href":"https:\/\/www.deberes.net\/tesis\/wp-json\/wp\/v2\/categories?post=60469"},{"taxonomy":"post_tag","embeddable":true,"href":"https:\/\/www.deberes.net\/tesis\/wp-json\/wp\/v2\/tags?post=60469"}],"curies":[{"name":"wp","href":"https:\/\/api.w.org\/{rel}","templated":true}]}}