{"id":60476,"date":"2018-03-09T22:48:18","date_gmt":"2018-03-09T22:48:18","guid":{"rendered":"https:\/\/www.deberes.net\/tesis\/sin-categoria\/accionconocimiento-y-reflexion-la-facultad-del-juicio-en-la-filosofia-practica-de-kant\/"},"modified":"2018-03-09T22:48:18","modified_gmt":"2018-03-09T22:48:18","slug":"accionconocimiento-y-reflexion-la-facultad-del-juicio-en-la-filosofia-practica-de-kant","status":"publish","type":"post","link":"https:\/\/www.deberes.net\/tesis\/teoria-del-juicio\/accionconocimiento-y-reflexion-la-facultad-del-juicio-en-la-filosofia-practica-de-kant\/","title":{"rendered":"Accion,conocimiento y reflexion. la facultad del juicio en la filosofia practica de kant"},"content":{"rendered":"<h2>Tesis doctoral de <strong> Jos\u00e9 Mar\u00eda Torralba Lopez <\/strong><\/h2>\n<p>#titulo: acci\u00f3n, conocimiento y reflexi\u00f3n.  La facultad del juicio en la filosof\u00eda practica de kant #resumen: el objeto de la investigaci\u00f3n son las funciones que corresponden a la facultad del juicio en la \u00e9tica kantiana; y, en ese contexto, se valora la soluci\u00f3n ofrecida por kant al problema general de la aplicaci\u00f3n de la ley moral. La perspectiva adoptada ha sido tanto sistem\u00e1tica como anal\u00edtica. Desde un punto de vista sistem\u00e1tico, el estudio revela que en su uso pr\u00e1ctico, la facultad del juicio adopta las mismas formas fundamentales que en el uso te\u00f3rico, a saber: meramente determinante, meramente reflexionante y a la vez determinante y reflexionante. Lo cual permite asegurar, en primer lugar, el car\u00e1cter unitario de la facultad del juicio, con independencia de su esfera (gebiet) de aplicaci\u00f3n y, en segundo lugar, que la reflexi\u00f3n es el hilo conductor de todas sus formas. Desde un punto de vista anal\u00edtico, el estudio examina el inter\u00e9s de kant en asegurar la especificidad de \u00ablo pr\u00e1ctico\u00bb, as\u00ed como la prioridad ontol\u00f3gica que adquiere en su sistema filos\u00f3fico, a partir del concepto de libertad pr\u00e1ctico-trascendental. Para ello se analiza, en primer lugar, la constituci\u00f3n del objeto de la raz\u00f3n pura por medio de las categor\u00edas de la libertad y la t\u00edpica de la facultad pura pr\u00e1ctica del juicio; a continuaci\u00f3n, la elaboraci\u00f3n del sistema de los deberes, basado en los fines que surgen de la determinaci\u00f3n de la voluntad por dicho objeto, as\u00ed como las condiciones para el enjuiciamiento y aplicaci\u00f3n de las m\u00e1ximas en la doctrina de la virtud; y, por \u00faltimo, la singular noci\u00f3n kantiana de conciencia moral, que adem\u00e1s de ser la facultad pr\u00e1ctica del juicio que se juzga a s\u00ed misma, es la instancia capaz de sancionar (richten) y determinar la causalidad del sujeto. De este modo, en la conciencia moral se alcanzar\u00eda la unidad de los dos sentidos en que kant considera que la raz\u00f3n es pr\u00e1ctica, es decir, como principio de enjuiciamiento y principio de ejecuci\u00f3n o determinaci\u00f3n de la voluntad. Todo lo cual permite, en \u00faltimo t\u00e9rmino, precisar adecuadamente los t\u00e9rminos en que se formula la c\u00e9lebre sentencia kantiana de que la raz\u00f3n pura se hace pr\u00e1ctica.<\/p>\n<p>&nbsp;<\/p>\n<h3>Datos acad\u00e9micos de la tesis doctoral \u00ab<strong>Accion,conocimiento y reflexion. la facultad del juicio en la filosofia practica de kant<\/strong>\u00ab<\/h3>\n<ul>\n<li><strong>T\u00edtulo de la tesis:<\/strong>\u00a0 Accion,conocimiento y reflexion. la facultad del juicio en la filosofia practica de kant <\/li>\n<li><strong>Autor:<\/strong>\u00a0 Jos\u00e9 Mar\u00eda Torralba Lopez <\/li>\n<li><strong>Universidad:<\/strong>\u00a0 Navarra<\/li>\n<li><strong>Fecha de lectura de la tesis:<\/strong>\u00a0 17\/09\/2007<\/li>\n<\/ul>\n<p>&nbsp;<\/p>\n<h3>Direcci\u00f3n y tribunal<\/h3>\n<ul>\n<li><strong>Director de la tesis<\/strong>\n<ul>\n<li>Alejandro Llano Cifuentes<\/li>\n<\/ul>\n<\/li>\n<li><strong>Tribunal<\/strong>\n<ul>\n<li>Presidente del tribunal: Juan Arana canedo-arguelles <\/li>\n<li>rogelio Rovira Madrid (vocal)<\/li>\n<li>ramon Rodriguez garcia (vocal)<\/li>\n<li>alejandro gustavo Vigo pacheco (vocal)<\/li>\n<\/ul>\n<\/li>\n<\/ul>\n<p>&nbsp;<\/p>\n","protected":false},"excerpt":{"rendered":"<p>Tesis doctoral de Jos\u00e9 Mar\u00eda Torralba Lopez #titulo: acci\u00f3n, conocimiento y reflexi\u00f3n. La facultad del juicio en la filosof\u00eda practica [&hellip;]<\/p>\n","protected":false},"author":1,"featured_media":0,"comment_status":"open","ping_status":"open","sticky":false,"template":"","format":"standard","meta":{"site-sidebar-layout":"default","site-content-layout":"","ast-site-content-layout":"","site-content-style":"default","site-sidebar-style":"default","ast-global-header-display":"","ast-banner-title-visibility":"","ast-main-header-display":"","ast-hfb-above-header-display":"","ast-hfb-below-header-display":"","ast-hfb-mobile-header-display":"","site-post-title":"","ast-breadcrumbs-content":"","ast-featured-img":"","footer-sml-layout":"","theme-transparent-header-meta":"","adv-header-id-meta":"","stick-header-meta":"","header-above-stick-meta":"","header-main-stick-meta":"","header-below-stick-meta":"","astra-migrate-meta-layouts":"default","ast-page-background-enabled":"default","ast-page-background-meta":{"desktop":{"background-color":"var(--ast-global-color-4)","background-image":"","background-repeat":"repeat","background-position":"center center","background-size":"auto","background-attachment":"scroll","background-type":"","background-media":"","overlay-type":"","overlay-color":"","overlay-gradient":""},"tablet":{"background-color":"","background-image":"","background-repeat":"repeat","background-position":"center center","background-size":"auto","background-attachment":"scroll","background-type":"","background-media":"","overlay-type":"","overlay-color":"","overlay-gradient":""},"mobile":{"background-color":"","background-image":"","background-repeat":"repeat","background-position":"center center","background-size":"auto","background-attachment":"scroll","background-type":"","background-media":"","overlay-type":"","overlay-color":"","overlay-gradient":""}},"ast-content-background-meta":{"desktop":{"background-color":"var(--ast-global-color-5)","background-image":"","background-repeat":"repeat","background-position":"center center","background-size":"auto","background-attachment":"scroll","background-type":"","background-media":"","overlay-type":"","overlay-color":"","overlay-gradient":""},"tablet":{"background-color":"var(--ast-global-color-5)","background-image":"","background-repeat":"repeat","background-position":"center center","background-size":"auto","background-attachment":"scroll","background-type":"","background-media":"","overlay-type":"","overlay-color":"","overlay-gradient":""},"mobile":{"background-color":"var(--ast-global-color-5)","background-image":"","background-repeat":"repeat","background-position":"center center","background-size":"auto","background-attachment":"scroll","background-type":"","background-media":"","overlay-type":"","overlay-color":"","overlay-gradient":""}},"footnotes":""},"categories":[8649,1059,17749,166],"tags":[133557,18060,133556,98769,6319,78263],"class_list":["post-60476","post","type-post","status-publish","format-standard","hentry","category-etica-filosofica","category-filosofia-de-la-accion","category-navarra","category-teoria-del-juicio","tag-alejandro-gustavo-vigo-pacheco","tag-alejandro-llano-cifuentes","tag-jose-maria-torralba-lopez","tag-juan-arana-canedo-arguelles","tag-ramon-rodriguez-garcia","tag-rogelio-rovira-madrid"],"_links":{"self":[{"href":"https:\/\/www.deberes.net\/tesis\/wp-json\/wp\/v2\/posts\/60476","targetHints":{"allow":["GET"]}}],"collection":[{"href":"https:\/\/www.deberes.net\/tesis\/wp-json\/wp\/v2\/posts"}],"about":[{"href":"https:\/\/www.deberes.net\/tesis\/wp-json\/wp\/v2\/types\/post"}],"author":[{"embeddable":true,"href":"https:\/\/www.deberes.net\/tesis\/wp-json\/wp\/v2\/users\/1"}],"replies":[{"embeddable":true,"href":"https:\/\/www.deberes.net\/tesis\/wp-json\/wp\/v2\/comments?post=60476"}],"version-history":[{"count":0,"href":"https:\/\/www.deberes.net\/tesis\/wp-json\/wp\/v2\/posts\/60476\/revisions"}],"wp:attachment":[{"href":"https:\/\/www.deberes.net\/tesis\/wp-json\/wp\/v2\/media?parent=60476"}],"wp:term":[{"taxonomy":"category","embeddable":true,"href":"https:\/\/www.deberes.net\/tesis\/wp-json\/wp\/v2\/categories?post=60476"},{"taxonomy":"post_tag","embeddable":true,"href":"https:\/\/www.deberes.net\/tesis\/wp-json\/wp\/v2\/tags?post=60476"}],"curies":[{"name":"wp","href":"https:\/\/api.w.org\/{rel}","templated":true}]}}