{"id":60556,"date":"2018-03-09T22:48:22","date_gmt":"2018-03-09T22:48:22","guid":{"rendered":"https:\/\/www.deberes.net\/tesis\/sin-categoria\/el-proyecto-metafa%c2%adsico-etico-del-dr-manuel-garca%c2%ada-morente\/"},"modified":"2018-03-09T22:48:22","modified_gmt":"2018-03-09T22:48:22","slug":"el-proyecto-metafa%c2%adsico-etico-del-dr-manuel-garca%c2%ada-morente","status":"publish","type":"post","link":"https:\/\/www.deberes.net\/tesis\/barcelona\/el-proyecto-metafa%c2%adsico-etico-del-dr-manuel-garca%c2%ada-morente\/","title":{"rendered":"El proyecto metaf\u00edsico-\u00e9tico del dr. manuel garc\u00edamorente"},"content":{"rendered":"<h2>Tesis doctoral de <strong> Josep Mar\u00eda Montiu De  Nuix <\/strong><\/h2>\n<p>En esta tesis doctoral expongo su proyecto metaf\u00edsico-\u00e9tico, se\u00f1alando cual es la continuidad existente entre su nuevo proyecto metaf\u00edsico-\u00e9tico y lo que hab\u00eda sido su antigua filosof\u00eda en la que los enfoques metaf\u00edsico y \u00e9tico ten\u00edan un especial relieve. Logrando dar las claves hermen\u00e9uticas para la intelecci\u00f3n de su nueva filosof\u00eda. En la tesis he trabajado sobre las obras completas, sobre material in\u00e9dito y me he basado tambi\u00e9n en informaci\u00f3n aportada por estudiosos, familiares y disc\u00edpulos del dr. Manuel garc\u00eda morente. Esta tesis doctoral considera al dr. Manuel garc\u00eda morente en su vida y obras y en relaci\u00f3n con el pensamiento de bergson, kant, husserl, max scheler, jos\u00e9 ortega y gasset y santo tom\u00e1s de aquino. Mostrando como tomismo y eclecticismo se juntan en la \u00faltima fase filos\u00f3fica del dr. Manuel garc\u00eda morente, la cual lleg\u00f3 a un alto grado de coherencia.<\/p>\n<p>&nbsp;<\/p>\n<h3>Datos acad\u00e9micos de la tesis doctoral \u00ab<strong>El proyecto metaf\u00edsico-\u00e9tico del dr. manuel garc\u00edamorente<\/strong>\u00ab<\/h3>\n<ul>\n<li><strong>T\u00edtulo de la tesis:<\/strong>\u00a0 El proyecto metaf\u00edsico-\u00e9tico del dr. manuel garc\u00edamorente <\/li>\n<li><strong>Autor:<\/strong>\u00a0 Josep Mar\u00eda Montiu De  Nuix <\/li>\n<li><strong>Universidad:<\/strong>\u00a0 Barcelona<\/li>\n<li><strong>Fecha de lectura de la tesis:<\/strong>\u00a0 21\/09\/2007<\/li>\n<\/ul>\n<p>&nbsp;<\/p>\n<h3>Direcci\u00f3n y tribunal<\/h3>\n<ul>\n<li><strong>Director de la tesis<\/strong>\n<ul>\n<li>Eudaldo Forment Giralt<\/li>\n<\/ul>\n<\/li>\n<li><strong>Tribunal<\/strong>\n<ul>\n<li>Presidente del tribunal: Jos\u00e9 Luis Arce carrascoso <\/li>\n<li>salvador Antu\u00f1ano alea (vocal)<\/li>\n<li>joaquin Lomba (vocal)<\/li>\n<li>magdalena Bosch rabell (vocal)<\/li>\n<\/ul>\n<\/li>\n<\/ul>\n<p>&nbsp;<\/p>\n","protected":false},"excerpt":{"rendered":"<p>Tesis doctoral de Josep Mar\u00eda Montiu De Nuix En esta tesis doctoral expongo su proyecto metaf\u00edsico-\u00e9tico, se\u00f1alando cual es la [&hellip;]<\/p>\n","protected":false},"author":1,"featured_media":0,"comment_status":"open","ping_status":"open","sticky":false,"template":"","format":"standard","meta":{"site-sidebar-layout":"default","site-content-layout":"","ast-site-content-layout":"","site-content-style":"default","site-sidebar-style":"default","ast-global-header-display":"","ast-banner-title-visibility":"","ast-main-header-display":"","ast-hfb-above-header-display":"","ast-hfb-below-header-display":"","ast-hfb-mobile-header-display":"","site-post-title":"","ast-breadcrumbs-content":"","ast-featured-img":"","footer-sml-layout":"","theme-transparent-header-meta":"","adv-header-id-meta":"","stick-header-meta":"","header-above-stick-meta":"","header-main-stick-meta":"","header-below-stick-meta":"","astra-migrate-meta-layouts":"default","ast-page-background-enabled":"default","ast-page-background-meta":{"desktop":{"background-color":"var(--ast-global-color-4)","background-image":"","background-repeat":"repeat","background-position":"center center","background-size":"auto","background-attachment":"scroll","background-type":"","background-media":"","overlay-type":"","overlay-color":"","overlay-gradient":""},"tablet":{"background-color":"","background-image":"","background-repeat":"repeat","background-position":"center center","background-size":"auto","background-attachment":"scroll","background-type":"","background-media":"","overlay-type":"","overlay-color":"","overlay-gradient":""},"mobile":{"background-color":"","background-image":"","background-repeat":"repeat","background-position":"center center","background-size":"auto","background-attachment":"scroll","background-type":"","background-media":"","overlay-type":"","overlay-color":"","overlay-gradient":""}},"ast-content-background-meta":{"desktop":{"background-color":"var(--ast-global-color-5)","background-image":"","background-repeat":"repeat","background-position":"center center","background-size":"auto","background-attachment":"scroll","background-type":"","background-media":"","overlay-type":"","overlay-color":"","overlay-gradient":""},"tablet":{"background-color":"var(--ast-global-color-5)","background-image":"","background-repeat":"repeat","background-position":"center center","background-size":"auto","background-attachment":"scroll","background-type":"","background-media":"","overlay-type":"","overlay-color":"","overlay-gradient":""},"mobile":{"background-color":"var(--ast-global-color-5)","background-image":"","background-repeat":"repeat","background-position":"center center","background-size":"auto","background-attachment":"scroll","background-type":"","background-media":"","overlay-type":"","overlay-color":"","overlay-gradient":""}},"footnotes":""},"categories":[951,8649,6428],"tags":[1188,133737,1062,133736,33652,37025],"class_list":["post-60556","post","type-post","status-publish","format-standard","hentry","category-barcelona","category-etica-filosofica","category-metafisica-y-ontologia","tag-eudaldo-forment-giralt","tag-joaquin-lomba","tag-jose-luis-arce-carrascoso","tag-josep-maria-montiu-de-nuix","tag-magdalena-bosch-rabell","tag-salvador-antunano-alea"],"_links":{"self":[{"href":"https:\/\/www.deberes.net\/tesis\/wp-json\/wp\/v2\/posts\/60556","targetHints":{"allow":["GET"]}}],"collection":[{"href":"https:\/\/www.deberes.net\/tesis\/wp-json\/wp\/v2\/posts"}],"about":[{"href":"https:\/\/www.deberes.net\/tesis\/wp-json\/wp\/v2\/types\/post"}],"author":[{"embeddable":true,"href":"https:\/\/www.deberes.net\/tesis\/wp-json\/wp\/v2\/users\/1"}],"replies":[{"embeddable":true,"href":"https:\/\/www.deberes.net\/tesis\/wp-json\/wp\/v2\/comments?post=60556"}],"version-history":[{"count":0,"href":"https:\/\/www.deberes.net\/tesis\/wp-json\/wp\/v2\/posts\/60556\/revisions"}],"wp:attachment":[{"href":"https:\/\/www.deberes.net\/tesis\/wp-json\/wp\/v2\/media?parent=60556"}],"wp:term":[{"taxonomy":"category","embeddable":true,"href":"https:\/\/www.deberes.net\/tesis\/wp-json\/wp\/v2\/categories?post=60556"},{"taxonomy":"post_tag","embeddable":true,"href":"https:\/\/www.deberes.net\/tesis\/wp-json\/wp\/v2\/tags?post=60556"}],"curies":[{"name":"wp","href":"https:\/\/api.w.org\/{rel}","templated":true}]}}