{"id":60561,"date":"2018-03-09T22:48:22","date_gmt":"2018-03-09T22:48:22","guid":{"rendered":"https:\/\/www.deberes.net\/tesis\/sin-categoria\/los-municipios-la-democracia-y-la-educacion-en-portugal-despues-de-abril-de-1974-un-estudio-de-caso-en-el-agrupamiento-de-escuelas-fernando-magno\/"},"modified":"2018-03-09T22:48:22","modified_gmt":"2018-03-09T22:48:22","slug":"los-municipios-la-democracia-y-la-educacion-en-portugal-despues-de-abril-de-1974-un-estudio-de-caso-en-el-agrupamiento-de-escuelas-fernando-magno","status":"publish","type":"post","link":"https:\/\/www.deberes.net\/tesis\/planificacion-y-financiacion-de-la-educacion\/los-municipios-la-democracia-y-la-educacion-en-portugal-despues-de-abril-de-1974-un-estudio-de-caso-en-el-agrupamiento-de-escuelas-fernando-magno\/","title":{"rendered":"Los municipios. la democracia y la educaci\u00f3n en portugal despu\u00e9s de abril de 1974. un estudio de caso en el agrupamiento de escuelas fernando magno"},"content":{"rendered":"<h2>Tesis doctoral de <strong> Alberto De Jesus Almeida <\/strong><\/h2>\n<p>En este estudio, se procura, en un primer momento, estudiar los municipios, el municipalismo y la intervenci\u00f3n municipal en educaci\u00f3n. Para ello, se hace la historia de su origen y luego se estudia la intervenci\u00f3n aut\u00e1rquica en la educaci\u00f3n en portugal desde el siglo xviii, busc\u00e1ndose los argumentos que fundamentan el desarrollo de un nivel local en la administraci\u00f3n educativa y las diferentes reformas que hubo lugar a lo largo de los tiempos, contextualizando los varios tipos de administraci\u00f3n que fueron cometidas a las escuelas y a su relaci\u00f3n con la administraci\u00f3n central.  \ten seguida, se busca hacer historia sobre la creaci\u00f3n de los agrupamientos de escuelas en portugal y encuadrar legislativamente su aparici\u00f3n tanto en los discursos pol\u00edticos, como en los diversos estudios de los a\u00f1os 80, as\u00ed como en los normativos que los fueron prediciendo.  \tse caracteriza sint\u00e9ticamente el municipio donde se sit\u00faa el agrupamiento en sus dimensiones f\u00edsicas, econ\u00f3micas y sociales y se identifican la l\u00f3gica y las virtualidades de su funcionamiento y la   interrupci\u00f3n de la horizontalidad voluntaria y la imposici\u00f3n burocr\u00e1tica de la verticalidad en la constituci\u00f3n de los agrupamientos de escuelas. \tadoptando una estrategia de estudio de caso, centramos nuestra investigaci\u00f3n emp\u00edrica en el agrupamiento de escuelas fernando magno, perteneciente al municipio de resende, al centro de \u00e1rea educativa del duero sur y a la direcci\u00f3n regional de educaci\u00f3n del norte. Se procura saber los contextos de su nacimiento, su vida, sus proyectos y su extinci\u00f3n.  \tde las peripecias de su creaci\u00f3n, de sus virtualidades y de sus defectos, hicimos referencia a lo largo del estudio, procurando dar cuenta de la seriedad de sus constructores y de la vitalidad de sus artistas, dando cuerpo a una afirmaci\u00f3n constante: \u00abel cielo era su l\u00edmite\u00bb.<\/p>\n<p>&nbsp;<\/p>\n<h3>Datos acad\u00e9micos de la tesis doctoral \u00ab<strong>Los municipios. la democracia y la educaci\u00f3n en portugal despu\u00e9s de abril de 1974. un estudio de caso en el agrupamiento de escuelas fernando magno<\/strong>\u00ab<\/h3>\n<ul>\n<li><strong>T\u00edtulo de la tesis:<\/strong>\u00a0 Los municipios. la democracia y la educaci\u00f3n en portugal despu\u00e9s de abril de 1974. un estudio de caso en el agrupamiento de escuelas fernando magno <\/li>\n<li><strong>Autor:<\/strong>\u00a0 Alberto De Jesus Almeida <\/li>\n<li><strong>Universidad:<\/strong>\u00a0 Salamanca<\/li>\n<li><strong>Fecha de lectura de la tesis:<\/strong>\u00a0 21\/09\/2007<\/li>\n<\/ul>\n<p>&nbsp;<\/p>\n<h3>Direcci\u00f3n y tribunal<\/h3>\n<ul>\n<li><strong>Director de la tesis<\/strong>\n<ul>\n<li>Jos\u00e9 Mar\u00eda Hernandez Diaz<\/li>\n<\/ul>\n<\/li>\n<li><strong>Tribunal<\/strong>\n<ul>\n<li>Presidente del tribunal: narciso De gabriel fernandez <\/li>\n<li>Manuel Sarmento (vocal)<\/li>\n<li>Miguel Grande rodriguez (vocal)<\/li>\n<li>bienvenido Martin fraile (vocal)<\/li>\n<\/ul>\n<\/li>\n<\/ul>\n<p>&nbsp;<\/p>\n","protected":false},"excerpt":{"rendered":"<p>Tesis doctoral de Alberto De Jesus Almeida En este estudio, se procura, en un primer momento, estudiar los municipios, el [&hellip;]<\/p>\n","protected":false},"author":1,"featured_media":0,"comment_status":"open","ping_status":"open","sticky":false,"template":"","format":"standard","meta":{"site-sidebar-layout":"default","site-content-layout":"","ast-site-content-layout":"","site-content-style":"default","site-sidebar-style":"default","ast-global-header-display":"","ast-banner-title-visibility":"","ast-main-header-display":"","ast-hfb-above-header-display":"","ast-hfb-below-header-display":"","ast-hfb-mobile-header-display":"","site-post-title":"","ast-breadcrumbs-content":"","ast-featured-img":"","footer-sml-layout":"","theme-transparent-header-meta":"","adv-header-id-meta":"","stick-header-meta":"","header-above-stick-meta":"","header-main-stick-meta":"","header-below-stick-meta":"","astra-migrate-meta-layouts":"default","ast-page-background-enabled":"default","ast-page-background-meta":{"desktop":{"background-color":"var(--ast-global-color-4)","background-image":"","background-repeat":"repeat","background-position":"center center","background-size":"auto","background-attachment":"scroll","background-type":"","background-media":"","overlay-type":"","overlay-color":"","overlay-gradient":""},"tablet":{"background-color":"","background-image":"","background-repeat":"repeat","background-position":"center center","background-size":"auto","background-attachment":"scroll","background-type":"","background-media":"","overlay-type":"","overlay-color":"","overlay-gradient":""},"mobile":{"background-color":"","background-image":"","background-repeat":"repeat","background-position":"center center","background-size":"auto","background-attachment":"scroll","background-type":"","background-media":"","overlay-type":"","overlay-color":"","overlay-gradient":""}},"ast-content-background-meta":{"desktop":{"background-color":"var(--ast-global-color-5)","background-image":"","background-repeat":"repeat","background-position":"center center","background-size":"auto","background-attachment":"scroll","background-type":"","background-media":"","overlay-type":"","overlay-color":"","overlay-gradient":""},"tablet":{"background-color":"var(--ast-global-color-5)","background-image":"","background-repeat":"repeat","background-position":"center center","background-size":"auto","background-attachment":"scroll","background-type":"","background-media":"","overlay-type":"","overlay-color":"","overlay-gradient":""},"mobile":{"background-color":"var(--ast-global-color-5)","background-image":"","background-repeat":"repeat","background-position":"center center","background-size":"auto","background-attachment":"scroll","background-type":"","background-media":"","overlay-type":"","overlay-color":"","overlay-gradient":""}},"footnotes":""},"categories":[7611,5714,2845,9386,11958],"tags":[133746,94265,9516,133747,9641,21128],"class_list":["post-60561","post","type-post","status-publish","format-standard","hentry","category-organizacion-y-direccion-de-las-instituciones-educativas","category-pedagogia-comparada","category-planificacion-y-financiacion-de-la-educacion","category-salamanca","category-teorias-educativas","tag-alberto-de-jesus-almeida","tag-bienvenido-martin-fraile","tag-jose-maria-hernandez-diaz","tag-manuel-sarmento","tag-miguel-grande-rodriguez","tag-narciso-de-gabriel-fernandez"],"_links":{"self":[{"href":"https:\/\/www.deberes.net\/tesis\/wp-json\/wp\/v2\/posts\/60561","targetHints":{"allow":["GET"]}}],"collection":[{"href":"https:\/\/www.deberes.net\/tesis\/wp-json\/wp\/v2\/posts"}],"about":[{"href":"https:\/\/www.deberes.net\/tesis\/wp-json\/wp\/v2\/types\/post"}],"author":[{"embeddable":true,"href":"https:\/\/www.deberes.net\/tesis\/wp-json\/wp\/v2\/users\/1"}],"replies":[{"embeddable":true,"href":"https:\/\/www.deberes.net\/tesis\/wp-json\/wp\/v2\/comments?post=60561"}],"version-history":[{"count":0,"href":"https:\/\/www.deberes.net\/tesis\/wp-json\/wp\/v2\/posts\/60561\/revisions"}],"wp:attachment":[{"href":"https:\/\/www.deberes.net\/tesis\/wp-json\/wp\/v2\/media?parent=60561"}],"wp:term":[{"taxonomy":"category","embeddable":true,"href":"https:\/\/www.deberes.net\/tesis\/wp-json\/wp\/v2\/categories?post=60561"},{"taxonomy":"post_tag","embeddable":true,"href":"https:\/\/www.deberes.net\/tesis\/wp-json\/wp\/v2\/tags?post=60561"}],"curies":[{"name":"wp","href":"https:\/\/api.w.org\/{rel}","templated":true}]}}