{"id":60751,"date":"2007-04-10T00:00:00","date_gmt":"2007-04-10T00:00:00","guid":{"rendered":"https:\/\/www.deberes.net\/tesis\/sin-categoria\/estudio-anatomico-de-la-correlacion-entre-el-espesor-de-la-capa-de-fibras-nerviosas-de-la-retina-y-diversos-parametros-oculares\/"},"modified":"2007-04-10T00:00:00","modified_gmt":"2007-04-10T00:00:00","slug":"estudio-anatomico-de-la-correlacion-entre-el-espesor-de-la-capa-de-fibras-nerviosas-de-la-retina-y-diversos-parametros-oculares","status":"publish","type":"post","link":"https:\/\/www.deberes.net\/tesis\/ciencias-medicas\/estudio-anatomico-de-la-correlacion-entre-el-espesor-de-la-capa-de-fibras-nerviosas-de-la-retina-y-diversos-parametros-oculares\/","title":{"rendered":"Estudio anatomico de la correlaci\u00f3n entre el espesor de la capa de fibras nerviosas de la retina y diversos parametros oculares"},"content":{"rendered":"<h2>Tesis doctoral de <strong> Amparo Ortu\u00f1o Soto <\/strong><\/h2>\n<p>La disponibilidad de m\u00e9todos diagn\u00f3sticos objetivos que cuantifican la capa de fibras nerviosas de la retina y\/o el nervio \u00f3ptico, permiten el estudio del da\u00f1o estructural en diversas patolog\u00edas neuro-oftalmol\u00f3gicas, lo cual tiene m\u00faltiples aplicaciones cl\u00ednicas y en el terreno de la investigaci\u00f3n.    consideramos necesaria la realizaci\u00f3n de un estudio cuantitativo y reproducible de la capa de fibras nerviosas de la retina, en una muestra suficientemente amplia de sujetos sin patolog\u00eda oft\u00e1lmica evidente, empleando los \u00faltimos instrumentos tecnol\u00f3gicos disponibles.    para la realizaci\u00f3n de nuestro estudio decidimos utilizar la polarimetr\u00eda con l\u00e1ser de barrido, sistema basado en las propiedades birrefringentes de los axones de las c\u00e9lulas ganglionares, que estiman el espesor de la capa de fibras nerviosas en funci\u00f3n del cambio de polarizaci\u00f3n que sufre un haz de luz al atravesarla.    dise\u00f1amos un estudio prospectivo comparativo en el que fueron estudiados 570 ojos procedentes de sujetos de diversas edades, sexo, y defectos refractivos, que hab\u00edan superado nuestro criterio de exclusi\u00f3n. Todos ellos fueron sometidos a una revisi\u00f3n protocolizada, donde el estudio de la capa de fibras nerviosas de la retina se realiz\u00f3 con el analizador de fibras nerviosas gdx-vcc. Para cada uno de los 570 ojos se evaluaron dos variables cualitativas: sexo y lateralidad; y trece variables cuantitativas: edad, agudeza visual, esfera, cilindro, variables polarim\u00e9tricas (espesor medio, espesor superior, espesor inferior, desviaci\u00f3n est\u00e1ndar del espesor medio e \u00edndice de fibras nerviosas), presi\u00f3n intraocular, desviaci\u00f3n media, desviaci\u00f3n est\u00e1ndar de la media y paquimetr\u00eda. Una vez recogidos los datos aplicamos el estudio estad\u00edstico biom\u00e9dico spss.    obtuvimos como resultados: 1. La no influencia del sexo con las variables analizadas, a excepci\u00f3n de la esfera.2. La edad mantiene una relaci\u00f3n directamente proporcional con el \u00edndice de fibras nerv<\/p>\n<p>&nbsp;<\/p>\n<h3>Datos acad\u00e9micos de la tesis doctoral \u00ab<strong>Estudio anatomico de la correlaci\u00f3n entre el espesor de la capa de fibras nerviosas de la retina y diversos parametros oculares<\/strong>\u00ab<\/h3>\n<ul>\n<li><strong>T\u00edtulo de la tesis:<\/strong>\u00a0 Estudio anatomico de la correlaci\u00f3n entre el espesor de la capa de fibras nerviosas de la retina y diversos parametros oculares <\/li>\n<li><strong>Autor:<\/strong>\u00a0 Amparo Ortu\u00f1o Soto <\/li>\n<li><strong>Universidad:<\/strong>\u00a0 Universitat de val\u00e9ncia (estudi general)<\/li>\n<li><strong>Fecha de lectura de la tesis:<\/strong>\u00a0 04\/10\/2007<\/li>\n<\/ul>\n<p>&nbsp;<\/p>\n<h3>Direcci\u00f3n y tribunal<\/h3>\n<ul>\n<li><strong>Director de la tesis<\/strong>\n<ul>\n<li> Perez Molto Francisco Jose<\/li>\n<\/ul>\n<\/li>\n<li><strong>Tribunal<\/strong>\n<ul>\n<li>Presidente del tribunal: agustin Castaneyra perdomo <\/li>\n<li>Juan Navarro piera (vocal)<\/li>\n<li>Jos\u00e9 Antonio Vega  alvarez (vocal)<\/li>\n<li>Andr\u00e9s Mart\u00ednez almagro (vocal)<\/li>\n<\/ul>\n<\/li>\n<\/ul>\n<p>&nbsp;<\/p>\n","protected":false},"excerpt":{"rendered":"<p>Tesis doctoral de Amparo Ortu\u00f1o Soto La disponibilidad de m\u00e9todos diagn\u00f3sticos objetivos que cuantifican la capa de fibras nerviosas de [&hellip;]<\/p>\n","protected":false},"author":1,"featured_media":0,"comment_status":"open","ping_status":"open","sticky":false,"template":"","format":"standard","meta":{"site-sidebar-layout":"default","site-content-layout":"","ast-site-content-layout":"","site-content-style":"default","site-sidebar-style":"default","ast-global-header-display":"","ast-banner-title-visibility":"","ast-main-header-display":"","ast-hfb-above-header-display":"","ast-hfb-below-header-display":"","ast-hfb-mobile-header-display":"","site-post-title":"","ast-breadcrumbs-content":"","ast-featured-img":"","footer-sml-layout":"","theme-transparent-header-meta":"","adv-header-id-meta":"","stick-header-meta":"","header-above-stick-meta":"","header-main-stick-meta":"","header-below-stick-meta":"","astra-migrate-meta-layouts":"default","ast-page-background-enabled":"default","ast-page-background-meta":{"desktop":{"background-color":"var(--ast-global-color-4)","background-image":"","background-repeat":"repeat","background-position":"center center","background-size":"auto","background-attachment":"scroll","background-type":"","background-media":"","overlay-type":"","overlay-color":"","overlay-gradient":""},"tablet":{"background-color":"","background-image":"","background-repeat":"repeat","background-position":"center center","background-size":"auto","background-attachment":"scroll","background-type":"","background-media":"","overlay-type":"","overlay-color":"","overlay-gradient":""},"mobile":{"background-color":"","background-image":"","background-repeat":"repeat","background-position":"center center","background-size":"auto","background-attachment":"scroll","background-type":"","background-media":"","overlay-type":"","overlay-color":"","overlay-gradient":""}},"ast-content-background-meta":{"desktop":{"background-color":"var(--ast-global-color-5)","background-image":"","background-repeat":"repeat","background-position":"center center","background-size":"auto","background-attachment":"scroll","background-type":"","background-media":"","overlay-type":"","overlay-color":"","overlay-gradient":""},"tablet":{"background-color":"var(--ast-global-color-5)","background-image":"","background-repeat":"repeat","background-position":"center center","background-size":"auto","background-attachment":"scroll","background-type":"","background-media":"","overlay-type":"","overlay-color":"","overlay-gradient":""},"mobile":{"background-color":"var(--ast-global-color-5)","background-image":"","background-repeat":"repeat","background-position":"center center","background-size":"auto","background-attachment":"scroll","background-type":"","background-media":"","overlay-type":"","overlay-color":"","overlay-gradient":""}},"footnotes":""},"categories":[9],"tags":[16724,134183,1787,12158,134184,8874],"class_list":["post-60751","post","type-post","status-publish","format-standard","hentry","category-ciencias-medicas","tag-agustin-castaneyra-perdomo","tag-amparo-ortuno-soto","tag-andres-Martinez-almagro","tag-jose-antonio-vega-alvarez","tag-juan-navarro-piera","tag-perez-molto-francisco-jose"],"_links":{"self":[{"href":"https:\/\/www.deberes.net\/tesis\/wp-json\/wp\/v2\/posts\/60751","targetHints":{"allow":["GET"]}}],"collection":[{"href":"https:\/\/www.deberes.net\/tesis\/wp-json\/wp\/v2\/posts"}],"about":[{"href":"https:\/\/www.deberes.net\/tesis\/wp-json\/wp\/v2\/types\/post"}],"author":[{"embeddable":true,"href":"https:\/\/www.deberes.net\/tesis\/wp-json\/wp\/v2\/users\/1"}],"replies":[{"embeddable":true,"href":"https:\/\/www.deberes.net\/tesis\/wp-json\/wp\/v2\/comments?post=60751"}],"version-history":[{"count":0,"href":"https:\/\/www.deberes.net\/tesis\/wp-json\/wp\/v2\/posts\/60751\/revisions"}],"wp:attachment":[{"href":"https:\/\/www.deberes.net\/tesis\/wp-json\/wp\/v2\/media?parent=60751"}],"wp:term":[{"taxonomy":"category","embeddable":true,"href":"https:\/\/www.deberes.net\/tesis\/wp-json\/wp\/v2\/categories?post=60751"},{"taxonomy":"post_tag","embeddable":true,"href":"https:\/\/www.deberes.net\/tesis\/wp-json\/wp\/v2\/tags?post=60751"}],"curies":[{"name":"wp","href":"https:\/\/api.w.org\/{rel}","templated":true}]}}