{"id":60777,"date":"2007-05-10T00:00:00","date_gmt":"2007-05-10T00:00:00","guid":{"rendered":"https:\/\/www.deberes.net\/tesis\/sin-categoria\/formaa%c2%a7ao-continuada-do-professores-do-primero-segmento-do-ensino-fundamental-limites-e-possiblidades\/"},"modified":"2007-05-10T00:00:00","modified_gmt":"2007-05-10T00:00:00","slug":"formaa%c2%a7ao-continuada-do-professores-do-primero-segmento-do-ensino-fundamental-limites-e-possiblidades","status":"publish","type":"post","link":"https:\/\/www.deberes.net\/tesis\/pedagogia\/formaa%c2%a7ao-continuada-do-professores-do-primero-segmento-do-ensino-fundamental-limites-e-possiblidades\/","title":{"rendered":"Forma\u00c1\u00a7ao continuada do professores do primero segmento do ensino fundamental: limites e possiblidades"},"content":{"rendered":"<h2>Tesis doctoral de <strong>  Silva De Castro Pereira Debora <\/strong><\/h2>\n<p>La presente tesis tiene por objetivo analizar la formaci\u00f3n permanente de los profesores del primer ciclo de ense\u00f1anza fundamental  de la secretaria municipal de educa\u00ed\u00a7\u00ed\u00a3o e cultura de la ciudad de salvador de bahia, brasil, los l\u00edmites y posibilidades que inciden sobre esta formaci\u00f3n, sus interferencias, causas y consecuencias. la cuesti\u00f3n central de la investigaci\u00f3n consiste en saber cu\u00e1les son los factores externos y\/o internos que inciden en la formaci\u00f3n permanente de los profesores del primer ciclo de ense\u00f1anza fundamental, provocando l\u00edmites u ofreciendo posibilidades de crecimiento, de desarrollo. Tambi\u00e9n consiste en saber si esa formaci\u00f3n, imbuida de una buena metodolog\u00eda, podr\u00eda proporcionar el car\u00e1cter cr\u00edtico-reflexivo, te\u00f3rico-pr\u00e1ctico como esenciales y capaces de no solamente provocar la transformaci\u00f3n de la pr\u00e1ctica pedag\u00f3gica, sino  tambi\u00e9n de promover mejores condiciones de trabajo al profesorado. para alcanzar el objetivo propuesto, la parte i aborda la formaci\u00f3n permanente del profesorado en un marco te\u00f3rico, evidenciando datos en la parte ii presenta una definici\u00f3n sobre la l\u00ednea metodol\u00f3gica asumida en el presente trabajo de investigaci\u00f3n, los instrumentos utilizados, la definici\u00f3n de la poblaci\u00f3n sujeto del estudio y el desarrollo de la metodolog\u00eda. En la parte iii pasamos al an\u00e1lisis y discusi\u00f3n de los datos recogidos presentando mediante gr\u00e1ficos y comentarios los resultados obtenidos durante el estudio de campo.En  las consideraciones finales evidenciamos nuestro parecer frente a las conclusiones extra\u00eddas de los datos recogidos y del an\u00e1lisis de los mismos. asimismo, destacar que con esta investigaci\u00f3n hemos constatado el distanciamiento entre la formaci\u00f3n permanente del profesorado del primer ciclo de la ense\u00f1anza fundamental de 1\u00aa a 4\u00aa serie ofrecida por la smec y las necesidades b\u00e1sicas de los profesores, la dicotom\u00eda entre los objetivos expresados por el \u00f3rgano p\u00fablico que imparte formaci\u00f3<\/p>\n<p>&nbsp;<\/p>\n<h3>Datos acad\u00e9micos de la tesis doctoral \u00ab<strong>Forma\u00c1\u00a7ao continuada do professores do primero segmento do ensino fundamental: limites e possiblidades<\/strong>\u00ab<\/h3>\n<ul>\n<li><strong>T\u00edtulo de la tesis:<\/strong>\u00a0 Forma\u00c1\u00a7ao continuada do professores do primero segmento do ensino fundamental: limites e possiblidades <\/li>\n<li><strong>Autor:<\/strong>\u00a0  Silva De Castro Pereira Debora <\/li>\n<li><strong>Universidad:<\/strong>\u00a0 Aut\u00f3noma de barcelona<\/li>\n<li><strong>Fecha de lectura de la tesis:<\/strong>\u00a0 05\/10\/2007<\/li>\n<\/ul>\n<p>&nbsp;<\/p>\n<h3>Direcci\u00f3n y tribunal<\/h3>\n<ul>\n<li><strong>Director de la tesis<\/strong>\n<ul>\n<li> Comellas Carb\u00f3 Mar\u00eda  Jes\u00fas<\/li>\n<\/ul>\n<\/li>\n<li><strong>Tribunal<\/strong>\n<ul>\n<li>Presidente del tribunal: Jos\u00e9 Tejada Fernadez <\/li>\n<li>Carme Montserrat Boada (vocal)<\/li>\n<li> Campos Mamede Mar\u00eda  Apparecida (vocal)<\/li>\n<li> Balsells Bail\u00f3n Mar\u00eda  Angels (vocal)<\/li>\n<\/ul>\n<\/li>\n<\/ul>\n<p>&nbsp;<\/p>\n","protected":false},"excerpt":{"rendered":"<p>Tesis doctoral de Silva De Castro Pereira Debora La presente tesis tiene por objetivo analizar la formaci\u00f3n permanente de los [&hellip;]<\/p>\n","protected":false},"author":1,"featured_media":0,"comment_status":"open","ping_status":"open","sticky":false,"template":"","format":"standard","meta":{"site-sidebar-layout":"default","site-content-layout":"","ast-site-content-layout":"","site-content-style":"default","site-sidebar-style":"default","ast-global-header-display":"","ast-banner-title-visibility":"","ast-main-header-display":"","ast-hfb-above-header-display":"","ast-hfb-below-header-display":"","ast-hfb-mobile-header-display":"","site-post-title":"","ast-breadcrumbs-content":"","ast-featured-img":"","footer-sml-layout":"","theme-transparent-header-meta":"","adv-header-id-meta":"","stick-header-meta":"","header-above-stick-meta":"","header-main-stick-meta":"","header-below-stick-meta":"","astra-migrate-meta-layouts":"default","ast-page-background-enabled":"default","ast-page-background-meta":{"desktop":{"background-color":"var(--ast-global-color-4)","background-image":"","background-repeat":"repeat","background-position":"center center","background-size":"auto","background-attachment":"scroll","background-type":"","background-media":"","overlay-type":"","overlay-color":"","overlay-gradient":""},"tablet":{"background-color":"","background-image":"","background-repeat":"repeat","background-position":"center center","background-size":"auto","background-attachment":"scroll","background-type":"","background-media":"","overlay-type":"","overlay-color":"","overlay-gradient":""},"mobile":{"background-color":"","background-image":"","background-repeat":"repeat","background-position":"center center","background-size":"auto","background-attachment":"scroll","background-type":"","background-media":"","overlay-type":"","overlay-color":"","overlay-gradient":""}},"ast-content-background-meta":{"desktop":{"background-color":"var(--ast-global-color-5)","background-image":"","background-repeat":"repeat","background-position":"center center","background-size":"auto","background-attachment":"scroll","background-type":"","background-media":"","overlay-type":"","overlay-color":"","overlay-gradient":""},"tablet":{"background-color":"var(--ast-global-color-5)","background-image":"","background-repeat":"repeat","background-position":"center center","background-size":"auto","background-attachment":"scroll","background-type":"","background-media":"","overlay-type":"","overlay-color":"","overlay-gradient":""},"mobile":{"background-color":"var(--ast-global-color-5)","background-image":"","background-repeat":"repeat","background-position":"center center","background-size":"auto","background-attachment":"scroll","background-type":"","background-media":"","overlay-type":"","overlay-color":"","overlay-gradient":""}},"footnotes":""},"categories":[1141],"tags":[134254,134253,134252,13808,134251,134250],"class_list":["post-60777","post","type-post","status-publish","format-standard","hentry","category-pedagogia","tag-balsells-bailon-maria-angels","tag-campos-mamede-maria-apparecida","tag-carme-montserrat-boada","tag-comellas-carbo-maria-jesus","tag-jose-tejada-fernadez","tag-silva-de-castro-pereira-debora"],"_links":{"self":[{"href":"https:\/\/www.deberes.net\/tesis\/wp-json\/wp\/v2\/posts\/60777","targetHints":{"allow":["GET"]}}],"collection":[{"href":"https:\/\/www.deberes.net\/tesis\/wp-json\/wp\/v2\/posts"}],"about":[{"href":"https:\/\/www.deberes.net\/tesis\/wp-json\/wp\/v2\/types\/post"}],"author":[{"embeddable":true,"href":"https:\/\/www.deberes.net\/tesis\/wp-json\/wp\/v2\/users\/1"}],"replies":[{"embeddable":true,"href":"https:\/\/www.deberes.net\/tesis\/wp-json\/wp\/v2\/comments?post=60777"}],"version-history":[{"count":0,"href":"https:\/\/www.deberes.net\/tesis\/wp-json\/wp\/v2\/posts\/60777\/revisions"}],"wp:attachment":[{"href":"https:\/\/www.deberes.net\/tesis\/wp-json\/wp\/v2\/media?parent=60777"}],"wp:term":[{"taxonomy":"category","embeddable":true,"href":"https:\/\/www.deberes.net\/tesis\/wp-json\/wp\/v2\/categories?post=60777"},{"taxonomy":"post_tag","embeddable":true,"href":"https:\/\/www.deberes.net\/tesis\/wp-json\/wp\/v2\/tags?post=60777"}],"curies":[{"name":"wp","href":"https:\/\/api.w.org\/{rel}","templated":true}]}}