{"id":60783,"date":"2007-05-10T00:00:00","date_gmt":"2007-05-10T00:00:00","guid":{"rendered":"https:\/\/www.deberes.net\/tesis\/sin-categoria\/complejidad-comunicacion-redes-y-organizaciones-policiales\/"},"modified":"2007-05-10T00:00:00","modified_gmt":"2007-05-10T00:00:00","slug":"complejidad-comunicacion-redes-y-organizaciones-policiales","status":"publish","type":"post","link":"https:\/\/www.deberes.net\/tesis\/sin-categoria\/complejidad-comunicacion-redes-y-organizaciones-policiales\/","title":{"rendered":"Complejidad, comunicaci\u00f3n, redes y organizaciones policiales"},"content":{"rendered":"<h2>Tesis doctoral de <strong>  R\u00e1bade Roca Jos\u00e9 Manuel <\/strong><\/h2>\n<p>Esta tesis pretende, a trav\u00e9s del m\u00e9todo delphi, realizar un an\u00e1lisis prospectivo sobre las organizaciones policiales y en consecuencia, sobre los sistemas de seguridad en occidente.  en una primera parte se centra en el estado de la cuesti\u00f3n policial; conceptos, funciones, en sus peculiares caracter\u00edsticas como organizaci\u00f3n, as\u00ed como en los diferentes modelos o sistemas policiales occidentales y sus estrategias m\u00e1s caracter\u00edsticas. No podemos dejar de resaltar la importancia que la comunicaci\u00f3n tiene en los nuevos procesos estrat\u00e9gicos como la polic\u00eda comunitaria o la polic\u00eda para la soluci\u00f3n de problemas.  en una segunda parte se repasan los antecedentes de la llamada ciencia \u00abcompleja\u00bb y posteriormente nos cenramos en como este nuevo paradigma cient\u00edfico, junto con las redes (y la comunicaci\u00f3n), podr\u00edan impulsar una manera diferente de entender, gestionar, pero sobre todo de estructurar las diferentes organizaciones policiales.  la tercera parte intenta poner en pr\u00e1ctica el extenso recorrido anteriorm a trav\u00e9s de la aplicaci\u00f3n de la metodolog\u00eda delphi. Las conclusiones obtenidas a trav\u00e9s del panel de expertos cuestionan el actual sistema policial y proponen alternativas de futuro.<\/p>\n<p>&nbsp;<\/p>\n<h3>Datos acad\u00e9micos de la tesis doctoral \u00ab<strong>Complejidad, comunicaci\u00f3n, redes y organizaciones policiales<\/strong>\u00ab<\/h3>\n<ul>\n<li><strong>T\u00edtulo de la tesis:<\/strong>\u00a0 Complejidad, comunicaci\u00f3n, redes y organizaciones policiales <\/li>\n<li><strong>Autor:<\/strong>\u00a0  R\u00e1bade Roca Jos\u00e9 Manuel <\/li>\n<li><strong>Universidad:<\/strong>\u00a0 Complutense de Madrid<\/li>\n<li><strong>Fecha de lectura de la tesis:<\/strong>\u00a0 05\/10\/2007<\/li>\n<\/ul>\n<p>&nbsp;<\/p>\n<h3>Direcci\u00f3n y tribunal<\/h3>\n<ul>\n<li><strong>Director de la tesis<\/strong>\n<ul>\n<li>Francisco Garc\u00eda Garc\u00eda<\/li>\n<\/ul>\n<\/li>\n<li><strong>Tribunal<\/strong>\n<ul>\n<li>Presidente del tribunal: eusebio Moreno mangada <\/li>\n<li>Rafael L\u00f3pez lita (vocal)<\/li>\n<li>alfonso M\u00e9ndiz noguero (vocal)<\/li>\n<li>Juan  Jos\u00e9 Perona p\u00e1ez (vocal)<\/li>\n<\/ul>\n<\/li>\n<\/ul>\n<p>&nbsp;<\/p>\n","protected":false},"excerpt":{"rendered":"<p>Tesis doctoral de R\u00e1bade Roca Jos\u00e9 Manuel Esta tesis pretende, a trav\u00e9s del m\u00e9todo delphi, realizar un an\u00e1lisis prospectivo sobre [&hellip;]<\/p>\n","protected":false},"author":1,"featured_media":0,"comment_status":"open","ping_status":"open","sticky":false,"template":"","format":"standard","meta":{"site-sidebar-layout":"default","site-content-layout":"","ast-site-content-layout":"","site-content-style":"default","site-sidebar-style":"default","ast-global-header-display":"","ast-banner-title-visibility":"","ast-main-header-display":"","ast-hfb-above-header-display":"","ast-hfb-below-header-display":"","ast-hfb-mobile-header-display":"","site-post-title":"","ast-breadcrumbs-content":"","ast-featured-img":"","footer-sml-layout":"","theme-transparent-header-meta":"","adv-header-id-meta":"","stick-header-meta":"","header-above-stick-meta":"","header-main-stick-meta":"","header-below-stick-meta":"","astra-migrate-meta-layouts":"default","ast-page-background-enabled":"default","ast-page-background-meta":{"desktop":{"background-color":"var(--ast-global-color-4)","background-image":"","background-repeat":"repeat","background-position":"center center","background-size":"auto","background-attachment":"scroll","background-type":"","background-media":"","overlay-type":"","overlay-color":"","overlay-gradient":""},"tablet":{"background-color":"","background-image":"","background-repeat":"repeat","background-position":"center center","background-size":"auto","background-attachment":"scroll","background-type":"","background-media":"","overlay-type":"","overlay-color":"","overlay-gradient":""},"mobile":{"background-color":"","background-image":"","background-repeat":"repeat","background-position":"center center","background-size":"auto","background-attachment":"scroll","background-type":"","background-media":"","overlay-type":"","overlay-color":"","overlay-gradient":""}},"ast-content-background-meta":{"desktop":{"background-color":"var(--ast-global-color-5)","background-image":"","background-repeat":"repeat","background-position":"center center","background-size":"auto","background-attachment":"scroll","background-type":"","background-media":"","overlay-type":"","overlay-color":"","overlay-gradient":""},"tablet":{"background-color":"var(--ast-global-color-5)","background-image":"","background-repeat":"repeat","background-position":"center center","background-size":"auto","background-attachment":"scroll","background-type":"","background-media":"","overlay-type":"","overlay-color":"","overlay-gradient":""},"mobile":{"background-color":"var(--ast-global-color-5)","background-image":"","background-repeat":"repeat","background-position":"center center","background-size":"auto","background-attachment":"scroll","background-type":"","background-media":"","overlay-type":"","overlay-color":"","overlay-gradient":""}},"footnotes":""},"categories":[1],"tags":[17796,78246,7470,48806,134266,24150],"class_list":["post-60783","post","type-post","status-publish","format-standard","hentry","category-sin-categoria","tag-alfonso-mendiz-noguero","tag-eusebio-moreno-mangada","tag-francisco-garcia-garcia","tag-juan-jose-perona-paez","tag-rabade-roca-jose-manuel","tag-rafael-lopez-lita"],"_links":{"self":[{"href":"https:\/\/www.deberes.net\/tesis\/wp-json\/wp\/v2\/posts\/60783","targetHints":{"allow":["GET"]}}],"collection":[{"href":"https:\/\/www.deberes.net\/tesis\/wp-json\/wp\/v2\/posts"}],"about":[{"href":"https:\/\/www.deberes.net\/tesis\/wp-json\/wp\/v2\/types\/post"}],"author":[{"embeddable":true,"href":"https:\/\/www.deberes.net\/tesis\/wp-json\/wp\/v2\/users\/1"}],"replies":[{"embeddable":true,"href":"https:\/\/www.deberes.net\/tesis\/wp-json\/wp\/v2\/comments?post=60783"}],"version-history":[{"count":0,"href":"https:\/\/www.deberes.net\/tesis\/wp-json\/wp\/v2\/posts\/60783\/revisions"}],"wp:attachment":[{"href":"https:\/\/www.deberes.net\/tesis\/wp-json\/wp\/v2\/media?parent=60783"}],"wp:term":[{"taxonomy":"category","embeddable":true,"href":"https:\/\/www.deberes.net\/tesis\/wp-json\/wp\/v2\/categories?post=60783"},{"taxonomy":"post_tag","embeddable":true,"href":"https:\/\/www.deberes.net\/tesis\/wp-json\/wp\/v2\/tags?post=60783"}],"curies":[{"name":"wp","href":"https:\/\/api.w.org\/{rel}","templated":true}]}}