{"id":60809,"date":"2007-08-10T00:00:00","date_gmt":"2007-08-10T00:00:00","guid":{"rendered":"https:\/\/www.deberes.net\/tesis\/sin-categoria\/efecto-del-estres-previo-en-la-gravedad-y-progresion-de-la-isquemia-cerebral-experimental-mecanismos-implicados\/"},"modified":"2007-08-10T00:00:00","modified_gmt":"2007-08-10T00:00:00","slug":"efecto-del-estres-previo-en-la-gravedad-y-progresion-de-la-isquemia-cerebral-experimental-mecanismos-implicados","status":"publish","type":"post","link":"https:\/\/www.deberes.net\/tesis\/sin-categoria\/efecto-del-estres-previo-en-la-gravedad-y-progresion-de-la-isquemia-cerebral-experimental-mecanismos-implicados\/","title":{"rendered":"Efecto del estr\u00e9s previo en la gravedad y progresi\u00f3n de la isquemia cerebral experimental: mecanismos implicados."},"content":{"rendered":"<h2>Tesis doctoral de <strong> JavierRub\u00e9n Caso Fern\u00e1ndez <\/strong><\/h2>\n<p>La enfermedad cerebrovascular es una de las principales causas de muerte e incapacidad en los pa\u00edses occidentales lo que sit\u00faa a esta patolog\u00eda como un problema m\u00e9dico y social de primer orden. Adem\u00e1s, las previsiones de la organizaci\u00f3n mundial de la salud (oms) para el a\u00f1o 2020, indican que las enfermedades psiqui\u00e1tricas y las relacionadas con la depresi\u00f3n ser\u00e1n la primera causa de discapacidad laboral. a pesar de que existen varios estudios epidemiol\u00f3gicos que han aportado asociaciones positivas entre los s\u00edntomas depresivos y el estr\u00e9s psicol\u00f3gico con el riesgo de padecer un ictus, demostrando que el estr\u00e9s es un factor de riesgo que aumenta las probabilidades de sufrir una isquemia cerebral, existen pocos estudios experimentales que hayan examinado los posibles mecanismos por los que el estr\u00e9s pueda afectar a la evoluci\u00f3n de la enfermedad cerebrovascular. en este contexto, cabe destacar que a finales de los a\u00f1os noventa pocos estudios hab\u00edan examinado la influencia del estr\u00e9s psicol\u00f3gico sobre el resultado final del ictus en humanos y sus resultados eran controvertidos. En los a\u00f1os pr\u00f3ximos al inicio de esta tesis doctoral, aparecieron estudios asocianso la intensidad del estr\u00e9s psicol\u00f3gico con el riesgo de sufrir un ictus letal y coligando la propia percepci\u00f3n del estr\u00e9s con un incremento de la mortalidad por ictus en mujeres. as\u00ed por tanto, en los \u00faltimos a\u00f1os est\u00e1 aumentando el inter\u00e9s sobre c\u00f3mo la exposici\u00f3n a est\u00edmulos estresantes, una consecuencia del modo de vida en las sociedades occidentales, y en especial algunas patolog\u00edas psiqui\u00e1tricas como la depresi\u00f3n o la ansiedad, pueden causar o modificar la susceptibilidad, la progresi\u00f3n y\/o la resoluci\u00f3n cl\u00ednica de un episodio de enfermedad cerebrovascular. en esta tesis se analizan las acciones del estr\u00e9s previo a la isquemia experimental a trav\u00e9s del estudio de los posibles mecanismos implicados en las mismas, como la excitoxicidad, la liberaci\u00f3n de citoquinas, la traslocaci\u00f3n de bacterias intestinales y la posible implicaci\u00f3n del receptor de inmunidad innata toll-like 4.<\/p>\n<p>&nbsp;<\/p>\n<h3>Datos acad\u00e9micos de la tesis doctoral \u00ab<strong>Efecto del estr\u00e9s previo en la gravedad y progresi\u00f3n de la isquemia cerebral experimental: mecanismos implicados.<\/strong>\u00ab<\/h3>\n<ul>\n<li><strong>T\u00edtulo de la tesis:<\/strong>\u00a0 Efecto del estr\u00e9s previo en la gravedad y progresi\u00f3n de la isquemia cerebral experimental: mecanismos implicados. <\/li>\n<li><strong>Autor:<\/strong>\u00a0 JavierRub\u00e9n Caso Fern\u00e1ndez <\/li>\n<li><strong>Universidad:<\/strong>\u00a0 Complutense de Madrid<\/li>\n<li><strong>Fecha de lectura de la tesis:<\/strong>\u00a0 08\/10\/2007<\/li>\n<\/ul>\n<p>&nbsp;<\/p>\n<h3>Direcci\u00f3n y tribunal<\/h3>\n<ul>\n<li><strong>Director de la tesis<\/strong>\n<ul>\n<li>Juan  Carlos Leza Cerro<\/li>\n<\/ul>\n<\/li>\n<li><strong>Tribunal<\/strong>\n<ul>\n<li>Presidente del tribunal: pedro Lorenzo fern\u00e1ndez <\/li>\n<li>carmen Guaza rodriguez (vocal)<\/li>\n<li>joaqu\u00edn Sereno leal (vocal)<\/li>\n<li>Juan  bautista Salom sanvalero (vocal)<\/li>\n<\/ul>\n<\/li>\n<\/ul>\n<p>&nbsp;<\/p>\n","protected":false},"excerpt":{"rendered":"<p>Tesis doctoral de JavierRub\u00e9n Caso Fern\u00e1ndez La enfermedad cerebrovascular es una de las principales causas de muerte e incapacidad en [&hellip;]<\/p>\n","protected":false},"author":1,"featured_media":0,"comment_status":"open","ping_status":"open","sticky":false,"template":"","format":"standard","meta":{"site-sidebar-layout":"default","site-content-layout":"","ast-site-content-layout":"","site-content-style":"default","site-sidebar-style":"default","ast-global-header-display":"","ast-banner-title-visibility":"","ast-main-header-display":"","ast-hfb-above-header-display":"","ast-hfb-below-header-display":"","ast-hfb-mobile-header-display":"","site-post-title":"","ast-breadcrumbs-content":"","ast-featured-img":"","footer-sml-layout":"","theme-transparent-header-meta":"","adv-header-id-meta":"","stick-header-meta":"","header-above-stick-meta":"","header-main-stick-meta":"","header-below-stick-meta":"","astra-migrate-meta-layouts":"default","ast-page-background-enabled":"default","ast-page-background-meta":{"desktop":{"background-color":"var(--ast-global-color-4)","background-image":"","background-repeat":"repeat","background-position":"center center","background-size":"auto","background-attachment":"scroll","background-type":"","background-media":"","overlay-type":"","overlay-color":"","overlay-gradient":""},"tablet":{"background-color":"","background-image":"","background-repeat":"repeat","background-position":"center center","background-size":"auto","background-attachment":"scroll","background-type":"","background-media":"","overlay-type":"","overlay-color":"","overlay-gradient":""},"mobile":{"background-color":"","background-image":"","background-repeat":"repeat","background-position":"center center","background-size":"auto","background-attachment":"scroll","background-type":"","background-media":"","overlay-type":"","overlay-color":"","overlay-gradient":""}},"ast-content-background-meta":{"desktop":{"background-color":"var(--ast-global-color-5)","background-image":"","background-repeat":"repeat","background-position":"center center","background-size":"auto","background-attachment":"scroll","background-type":"","background-media":"","overlay-type":"","overlay-color":"","overlay-gradient":""},"tablet":{"background-color":"var(--ast-global-color-5)","background-image":"","background-repeat":"repeat","background-position":"center center","background-size":"auto","background-attachment":"scroll","background-type":"","background-media":"","overlay-type":"","overlay-color":"","overlay-gradient":""},"mobile":{"background-color":"var(--ast-global-color-5)","background-image":"","background-repeat":"repeat","background-position":"center center","background-size":"auto","background-attachment":"scroll","background-type":"","background-media":"","overlay-type":"","overlay-color":"","overlay-gradient":""}},"footnotes":""},"categories":[1],"tags":[6848,134329,134331,134332,134330,898],"class_list":["post-60809","post","type-post","status-publish","format-standard","hentry","category-sin-categoria","tag-carmen-guaza-rodriguez","tag-javierruben-caso-fernandez","tag-joaquin-sereno-leal","tag-juan-bautista-salom-sanvalero","tag-juan-carlos-leza-cerro","tag-pedro-lorenzo-fernandez"],"_links":{"self":[{"href":"https:\/\/www.deberes.net\/tesis\/wp-json\/wp\/v2\/posts\/60809","targetHints":{"allow":["GET"]}}],"collection":[{"href":"https:\/\/www.deberes.net\/tesis\/wp-json\/wp\/v2\/posts"}],"about":[{"href":"https:\/\/www.deberes.net\/tesis\/wp-json\/wp\/v2\/types\/post"}],"author":[{"embeddable":true,"href":"https:\/\/www.deberes.net\/tesis\/wp-json\/wp\/v2\/users\/1"}],"replies":[{"embeddable":true,"href":"https:\/\/www.deberes.net\/tesis\/wp-json\/wp\/v2\/comments?post=60809"}],"version-history":[{"count":0,"href":"https:\/\/www.deberes.net\/tesis\/wp-json\/wp\/v2\/posts\/60809\/revisions"}],"wp:attachment":[{"href":"https:\/\/www.deberes.net\/tesis\/wp-json\/wp\/v2\/media?parent=60809"}],"wp:term":[{"taxonomy":"category","embeddable":true,"href":"https:\/\/www.deberes.net\/tesis\/wp-json\/wp\/v2\/categories?post=60809"},{"taxonomy":"post_tag","embeddable":true,"href":"https:\/\/www.deberes.net\/tesis\/wp-json\/wp\/v2\/tags?post=60809"}],"curies":[{"name":"wp","href":"https:\/\/api.w.org\/{rel}","templated":true}]}}