{"id":60811,"date":"2007-08-10T00:00:00","date_gmt":"2007-08-10T00:00:00","guid":{"rendered":"https:\/\/www.deberes.net\/tesis\/sin-categoria\/el-pp-y-la-guerra-de-irak-discurso-belico-y-derechos-humanos-en-la-prensa-espanola-el-paa%c2%ads-el-mundo-y-abc\/"},"modified":"2007-08-10T00:00:00","modified_gmt":"2007-08-10T00:00:00","slug":"el-pp-y-la-guerra-de-irak-discurso-belico-y-derechos-humanos-en-la-prensa-espanola-el-paa%c2%ads-el-mundo-y-abc","status":"publish","type":"post","link":"https:\/\/www.deberes.net\/tesis\/historia-de-la-guerra\/el-pp-y-la-guerra-de-irak-discurso-belico-y-derechos-humanos-en-la-prensa-espanola-el-paa%c2%ads-el-mundo-y-abc\/","title":{"rendered":"El pp y la guerra de irak: discurso b\u00e9lico y derechos humanos en la prensa espa\u00f1ola (el pa\u00eds, el mundo y abc)"},"content":{"rendered":"<h2>Tesis doctoral de <strong> Roberto Wanderley De Miranda <\/strong><\/h2>\n<p>El pp y la guerra de irak: discurso b\u00e9lico y derechos humanos en la prensa espa\u00f1ola (el pa\u00eds, el mundo y abc)<\/p>\n<p>&nbsp;<\/p>\n<h3>Datos acad\u00e9micos de la tesis doctoral \u00ab<strong>El pp y la guerra de irak: discurso b\u00e9lico y derechos humanos en la prensa espa\u00f1ola (el pa\u00eds, el mundo y abc)<\/strong>\u00ab<\/h3>\n<ul>\n<li><strong>T\u00edtulo de la tesis:<\/strong>\u00a0 El pp y la guerra de irak: discurso b\u00e9lico y derechos humanos en la prensa espa\u00f1ola (el pa\u00eds, el mundo y abc) <\/li>\n<li><strong>Autor:<\/strong>\u00a0 Roberto Wanderley De Miranda <\/li>\n<li><strong>Universidad:<\/strong>\u00a0 Salamanca<\/li>\n<li><strong>Fecha de lectura de la tesis:<\/strong>\u00a0 08\/10\/2007<\/li>\n<\/ul>\n<p>&nbsp;<\/p>\n<h3>Direcci\u00f3n y tribunal<\/h3>\n<ul>\n<li><strong>Director de la tesis<\/strong>\n<ul>\n<li>Esther Martinez Quinteiro<\/li>\n<\/ul>\n<\/li>\n<li><strong>Tribunal<\/strong>\n<ul>\n<li>Presidente del tribunal: fernando Olivan lopez <\/li>\n<li>Miguel \u00e1ngel Gonz\u00e1lez iglesias (vocal)<\/li>\n<li>david Jos\u00e9 Geraldes falcao (vocal)<\/li>\n<li>cristina Garc\u00eda nicol\u00e1s (vocal)<\/li>\n<\/ul>\n<\/li>\n<\/ul>\n<p>&nbsp;<\/p>\n","protected":false},"excerpt":{"rendered":"<p>Tesis doctoral de Roberto Wanderley De Miranda El pp y la guerra de irak: discurso b\u00e9lico y derechos humanos en [&hellip;]<\/p>\n","protected":false},"author":1,"featured_media":0,"comment_status":"open","ping_status":"open","sticky":false,"template":"","format":"standard","meta":{"site-sidebar-layout":"default","site-content-layout":"","ast-site-content-layout":"","site-content-style":"default","site-sidebar-style":"default","ast-global-header-display":"","ast-banner-title-visibility":"","ast-main-header-display":"","ast-hfb-above-header-display":"","ast-hfb-below-header-display":"","ast-hfb-mobile-header-display":"","site-post-title":"","ast-breadcrumbs-content":"","ast-featured-img":"","footer-sml-layout":"","theme-transparent-header-meta":"","adv-header-id-meta":"","stick-header-meta":"","header-above-stick-meta":"","header-main-stick-meta":"","header-below-stick-meta":"","astra-migrate-meta-layouts":"default","ast-page-background-enabled":"default","ast-page-background-meta":{"desktop":{"background-color":"var(--ast-global-color-4)","background-image":"","background-repeat":"repeat","background-position":"center center","background-size":"auto","background-attachment":"scroll","background-type":"","background-media":"","overlay-type":"","overlay-color":"","overlay-gradient":""},"tablet":{"background-color":"","background-image":"","background-repeat":"repeat","background-position":"center center","background-size":"auto","background-attachment":"scroll","background-type":"","background-media":"","overlay-type":"","overlay-color":"","overlay-gradient":""},"mobile":{"background-color":"","background-image":"","background-repeat":"repeat","background-position":"center center","background-size":"auto","background-attachment":"scroll","background-type":"","background-media":"","overlay-type":"","overlay-color":"","overlay-gradient":""}},"ast-content-background-meta":{"desktop":{"background-color":"var(--ast-global-color-5)","background-image":"","background-repeat":"repeat","background-position":"center center","background-size":"auto","background-attachment":"scroll","background-type":"","background-media":"","overlay-type":"","overlay-color":"","overlay-gradient":""},"tablet":{"background-color":"var(--ast-global-color-5)","background-image":"","background-repeat":"repeat","background-position":"center center","background-size":"auto","background-attachment":"scroll","background-type":"","background-media":"","overlay-type":"","overlay-color":"","overlay-gradient":""},"mobile":{"background-color":"var(--ast-global-color-5)","background-image":"","background-repeat":"repeat","background-position":"center center","background-size":"auto","background-attachment":"scroll","background-type":"","background-media":"","overlay-type":"","overlay-color":"","overlay-gradient":""}},"footnotes":""},"categories":[413,13482,9386],"tags":[134337,120983,7057,120870,127421,134336],"class_list":["post-60811","post","type-post","status-publish","format-standard","hentry","category-historia-de-la-guerra","category-politica-de-la-informacion","category-salamanca","tag-cristina-garcia-nicolas","tag-david-jose-geraldes-falcao","tag-esther-Martinez-quinteiro","tag-fernando-olivan-lopez","tag-miguel-angel-gonzalez-iglesias","tag-roberto-wanderley-de-miranda"],"_links":{"self":[{"href":"https:\/\/www.deberes.net\/tesis\/wp-json\/wp\/v2\/posts\/60811","targetHints":{"allow":["GET"]}}],"collection":[{"href":"https:\/\/www.deberes.net\/tesis\/wp-json\/wp\/v2\/posts"}],"about":[{"href":"https:\/\/www.deberes.net\/tesis\/wp-json\/wp\/v2\/types\/post"}],"author":[{"embeddable":true,"href":"https:\/\/www.deberes.net\/tesis\/wp-json\/wp\/v2\/users\/1"}],"replies":[{"embeddable":true,"href":"https:\/\/www.deberes.net\/tesis\/wp-json\/wp\/v2\/comments?post=60811"}],"version-history":[{"count":0,"href":"https:\/\/www.deberes.net\/tesis\/wp-json\/wp\/v2\/posts\/60811\/revisions"}],"wp:attachment":[{"href":"https:\/\/www.deberes.net\/tesis\/wp-json\/wp\/v2\/media?parent=60811"}],"wp:term":[{"taxonomy":"category","embeddable":true,"href":"https:\/\/www.deberes.net\/tesis\/wp-json\/wp\/v2\/categories?post=60811"},{"taxonomy":"post_tag","embeddable":true,"href":"https:\/\/www.deberes.net\/tesis\/wp-json\/wp\/v2\/tags?post=60811"}],"curies":[{"name":"wp","href":"https:\/\/api.w.org\/{rel}","templated":true}]}}