{"id":60861,"date":"2018-03-09T22:48:40","date_gmt":"2018-03-09T22:48:40","guid":{"rendered":"https:\/\/www.deberes.net\/tesis\/sin-categoria\/los-contenciosos-de-propiedad-intelectual-en-los-sistemas-de-integracion-regional\/"},"modified":"2018-03-09T22:48:40","modified_gmt":"2018-03-09T22:48:40","slug":"los-contenciosos-de-propiedad-intelectual-en-los-sistemas-de-integracion-regional","status":"publish","type":"post","link":"https:\/\/www.deberes.net\/tesis\/sin-categoria\/los-contenciosos-de-propiedad-intelectual-en-los-sistemas-de-integracion-regional\/","title":{"rendered":"Los contenciosos de propiedad intelectual en los sistemas de integraci\u00f3n regional"},"content":{"rendered":"<h2>Tesis doctoral de <strong>  Posada Castro Natalia Eugenia <\/strong><\/h2>\n<p>An\u00e1lisis de la propiedad intelectual, entendida en sentido amplio, en su interacci\u00f3n con el comercio internacional, especialmente en el \u00e1mbito regional o subregional, desde la perspectiva de instrumentos de normalizaci\u00f3n multilateral (vg. Adpic) y desde su tratamiento en procesos de integraci\u00f3n o de acuerdos comerciales, tales como, la uni\u00f3n europea, mercosur, tlcan, alca y, principalmente, la comunidad andina de naciones. Estudio que se sustenta de la doctrina y de manera preponderante de diversos contenciosos conocidos por el tribunal de justicia de las comunidades europea y tribunal de justicia andino, que evidencian la realidad actuante de la problem\u00e1tica intelectual en relaci\u00f3n con el derecho de la competencia y la libre circulaci\u00f3n de mercanc\u00edas y de servicios, por lo menos en la zona a la que cada uno de ellos pertenece; pronunciamientos de dichos tribunales, que a su vez se utilizan como punto de comparaci\u00f3n y de contraste entre los sistemas jur\u00eddicos que abarcan, as\u00ed como con otros procesos de integraci\u00f3n o acuerdos de libre comercio de am\u00e9rica, y en los que tambi\u00e9n est\u00e1 presente la regulaci\u00f3n en materia de derechos de propiedad intelectual.<\/p>\n<p>&nbsp;<\/p>\n<h3>Datos acad\u00e9micos de la tesis doctoral \u00ab<strong>Los contenciosos de propiedad intelectual en los sistemas de integraci\u00f3n regional<\/strong>\u00ab<\/h3>\n<ul>\n<li><strong>T\u00edtulo de la tesis:<\/strong>\u00a0 Los contenciosos de propiedad intelectual en los sistemas de integraci\u00f3n regional <\/li>\n<li><strong>Autor:<\/strong>\u00a0  Posada Castro Natalia Eugenia <\/li>\n<li><strong>Universidad:<\/strong>\u00a0 Complutense de Madrid<\/li>\n<li><strong>Fecha de lectura de la tesis:<\/strong>\u00a0 15\/10\/2007<\/li>\n<\/ul>\n<p>&nbsp;<\/p>\n<h3>Direcci\u00f3n y tribunal<\/h3>\n<ul>\n<li><strong>Director de la tesis<\/strong>\n<ul>\n<li>Jos\u00e9 Carlos Fernandez Rozas<\/li>\n<\/ul>\n<\/li>\n<li><strong>Tribunal<\/strong>\n<ul>\n<li>Presidente del tribunal: Pedro Alberto De Miguel Asensio <\/li>\n<li>Jos\u00e9 Mar\u00eda Espinar Vicente (vocal)<\/li>\n<li>Jos\u00e9 Manuel Otero Lastres (vocal)<\/li>\n<li>Guillermo Palao Moreno (vocal)<\/li>\n<\/ul>\n<\/li>\n<\/ul>\n<p>&nbsp;<\/p>\n","protected":false},"excerpt":{"rendered":"<p>Tesis doctoral de Posada Castro Natalia Eugenia An\u00e1lisis de la propiedad intelectual, entendida en sentido amplio, en su interacci\u00f3n con [&hellip;]<\/p>\n","protected":false},"author":1,"featured_media":0,"comment_status":"open","ping_status":"open","sticky":false,"template":"","format":"standard","meta":{"site-sidebar-layout":"default","site-content-layout":"","ast-site-content-layout":"","site-content-style":"default","site-sidebar-style":"default","ast-global-header-display":"","ast-banner-title-visibility":"","ast-main-header-display":"","ast-hfb-above-header-display":"","ast-hfb-below-header-display":"","ast-hfb-mobile-header-display":"","site-post-title":"","ast-breadcrumbs-content":"","ast-featured-img":"","footer-sml-layout":"","theme-transparent-header-meta":"","adv-header-id-meta":"","stick-header-meta":"","header-above-stick-meta":"","header-main-stick-meta":"","header-below-stick-meta":"","astra-migrate-meta-layouts":"default","ast-page-background-enabled":"default","ast-page-background-meta":{"desktop":{"background-color":"var(--ast-global-color-4)","background-image":"","background-repeat":"repeat","background-position":"center center","background-size":"auto","background-attachment":"scroll","background-type":"","background-media":"","overlay-type":"","overlay-color":"","overlay-gradient":""},"tablet":{"background-color":"","background-image":"","background-repeat":"repeat","background-position":"center center","background-size":"auto","background-attachment":"scroll","background-type":"","background-media":"","overlay-type":"","overlay-color":"","overlay-gradient":""},"mobile":{"background-color":"","background-image":"","background-repeat":"repeat","background-position":"center center","background-size":"auto","background-attachment":"scroll","background-type":"","background-media":"","overlay-type":"","overlay-color":"","overlay-gradient":""}},"ast-content-background-meta":{"desktop":{"background-color":"var(--ast-global-color-5)","background-image":"","background-repeat":"repeat","background-position":"center center","background-size":"auto","background-attachment":"scroll","background-type":"","background-media":"","overlay-type":"","overlay-color":"","overlay-gradient":""},"tablet":{"background-color":"var(--ast-global-color-5)","background-image":"","background-repeat":"repeat","background-position":"center center","background-size":"auto","background-attachment":"scroll","background-type":"","background-media":"","overlay-type":"","overlay-color":"","overlay-gradient":""},"mobile":{"background-color":"var(--ast-global-color-5)","background-image":"","background-repeat":"repeat","background-position":"center center","background-size":"auto","background-attachment":"scroll","background-type":"","background-media":"","overlay-type":"","overlay-color":"","overlay-gradient":""}},"footnotes":""},"categories":[1],"tags":[27386,6577,4991,17559,23892,134445],"class_list":["post-60861","post","type-post","status-publish","format-standard","hentry","category-sin-categoria","tag-guillermo-palao-moreno","tag-jose-carlos-fernandez-rozas","tag-jose-manuel-otero-lastres","tag-jose-maria-espinar-vicente","tag-pedro-alberto-de-miguel-asensio","tag-posada-castro-natalia-eugenia"],"_links":{"self":[{"href":"https:\/\/www.deberes.net\/tesis\/wp-json\/wp\/v2\/posts\/60861","targetHints":{"allow":["GET"]}}],"collection":[{"href":"https:\/\/www.deberes.net\/tesis\/wp-json\/wp\/v2\/posts"}],"about":[{"href":"https:\/\/www.deberes.net\/tesis\/wp-json\/wp\/v2\/types\/post"}],"author":[{"embeddable":true,"href":"https:\/\/www.deberes.net\/tesis\/wp-json\/wp\/v2\/users\/1"}],"replies":[{"embeddable":true,"href":"https:\/\/www.deberes.net\/tesis\/wp-json\/wp\/v2\/comments?post=60861"}],"version-history":[{"count":0,"href":"https:\/\/www.deberes.net\/tesis\/wp-json\/wp\/v2\/posts\/60861\/revisions"}],"wp:attachment":[{"href":"https:\/\/www.deberes.net\/tesis\/wp-json\/wp\/v2\/media?parent=60861"}],"wp:term":[{"taxonomy":"category","embeddable":true,"href":"https:\/\/www.deberes.net\/tesis\/wp-json\/wp\/v2\/categories?post=60861"},{"taxonomy":"post_tag","embeddable":true,"href":"https:\/\/www.deberes.net\/tesis\/wp-json\/wp\/v2\/tags?post=60861"}],"curies":[{"name":"wp","href":"https:\/\/api.w.org\/{rel}","templated":true}]}}