{"id":60918,"date":"2018-03-09T22:48:44","date_gmt":"2018-03-09T22:48:44","guid":{"rendered":"https:\/\/www.deberes.net\/tesis\/sin-categoria\/solucion-jurisdiccional-del-conflicto-laboral-vs-solucion-extrajurisdiccional\/"},"modified":"2018-03-09T22:48:44","modified_gmt":"2018-03-09T22:48:44","slug":"solucion-jurisdiccional-del-conflicto-laboral-vs-solucion-extrajurisdiccional","status":"publish","type":"post","link":"https:\/\/www.deberes.net\/tesis\/derecho-procesal\/solucion-jurisdiccional-del-conflicto-laboral-vs-solucion-extrajurisdiccional\/","title":{"rendered":"Soluci\u00f3n jurisdiccional del conflicto laboral vs. soluci\u00f3n extrajurisdiccional"},"content":{"rendered":"<h2>Tesis doctoral de <strong> Isusko Ode\u00f1anza Guezuraga <\/strong><\/h2>\n<p>La investigaci\u00f3n realiza una comparaci\u00f3n de la v\u00eda jurisdiccional y la extrajurisdiccional para la resoluci\u00f3n del conflicto laboral. Tras analizar ambos sistemas, sus debilidades y fortalezas, el doctorando presenta su tesis sobre cu\u00e1l debe ser la relaci\u00f3n entre ambas v\u00edas de resoluci\u00f3n del conflicto laboral<\/p>\n<p>&nbsp;<\/p>\n<h3>Datos acad\u00e9micos de la tesis doctoral \u00ab<strong>Soluci\u00f3n jurisdiccional del conflicto laboral vs. soluci\u00f3n extrajurisdiccional<\/strong>\u00ab<\/h3>\n<ul>\n<li><strong>T\u00edtulo de la tesis:<\/strong>\u00a0 Soluci\u00f3n jurisdiccional del conflicto laboral vs. soluci\u00f3n extrajurisdiccional <\/li>\n<li><strong>Autor:<\/strong>\u00a0 Isusko Ode\u00f1anza Guezuraga <\/li>\n<li><strong>Universidad:<\/strong>\u00a0 Pa\u00eds vasco\/euskal herriko unibertsitatea<\/li>\n<li><strong>Fecha de lectura de la tesis:<\/strong>\u00a0 18\/10\/2007<\/li>\n<\/ul>\n<p>&nbsp;<\/p>\n<h3>Direcci\u00f3n y tribunal<\/h3>\n<ul>\n<li><strong>Director de la tesis<\/strong>\n<ul>\n<li>I\u00f1aki Esparza Leibar<\/li>\n<\/ul>\n<\/li>\n<li><strong>Tribunal<\/strong>\n<ul>\n<li>Presidente del tribunal: Juan Montero Aroca <\/li>\n<li>Silvia Barona Vilar (vocal)<\/li>\n<li>Juan  Luis Gomez Colomer (vocal)<\/li>\n<li>Juan  Jos\u00e9 Fern\u00e1ndez Dom\u00ednguez (vocal)<\/li>\n<\/ul>\n<\/li>\n<\/ul>\n<p>&nbsp;<\/p>\n","protected":false},"excerpt":{"rendered":"<p>Tesis doctoral de Isusko Ode\u00f1anza Guezuraga La investigaci\u00f3n realiza una comparaci\u00f3n de la v\u00eda jurisdiccional y la extrajurisdiccional para la [&hellip;]<\/p>\n","protected":false},"author":1,"featured_media":0,"comment_status":"open","ping_status":"open","sticky":false,"template":"","format":"standard","meta":{"site-sidebar-layout":"default","site-content-layout":"","ast-site-content-layout":"","site-content-style":"default","site-sidebar-style":"default","ast-global-header-display":"","ast-banner-title-visibility":"","ast-main-header-display":"","ast-hfb-above-header-display":"","ast-hfb-below-header-display":"","ast-hfb-mobile-header-display":"","site-post-title":"","ast-breadcrumbs-content":"","ast-featured-img":"","footer-sml-layout":"","theme-transparent-header-meta":"","adv-header-id-meta":"","stick-header-meta":"","header-above-stick-meta":"","header-main-stick-meta":"","header-below-stick-meta":"","astra-migrate-meta-layouts":"default","ast-page-background-enabled":"default","ast-page-background-meta":{"desktop":{"background-color":"var(--ast-global-color-4)","background-image":"","background-repeat":"repeat","background-position":"center center","background-size":"auto","background-attachment":"scroll","background-type":"","background-media":"","overlay-type":"","overlay-color":"","overlay-gradient":""},"tablet":{"background-color":"","background-image":"","background-repeat":"repeat","background-position":"center center","background-size":"auto","background-attachment":"scroll","background-type":"","background-media":"","overlay-type":"","overlay-color":"","overlay-gradient":""},"mobile":{"background-color":"","background-image":"","background-repeat":"repeat","background-position":"center center","background-size":"auto","background-attachment":"scroll","background-type":"","background-media":"","overlay-type":"","overlay-color":"","overlay-gradient":""}},"ast-content-background-meta":{"desktop":{"background-color":"var(--ast-global-color-5)","background-image":"","background-repeat":"repeat","background-position":"center center","background-size":"auto","background-attachment":"scroll","background-type":"","background-media":"","overlay-type":"","overlay-color":"","overlay-gradient":""},"tablet":{"background-color":"var(--ast-global-color-5)","background-image":"","background-repeat":"repeat","background-position":"center center","background-size":"auto","background-attachment":"scroll","background-type":"","background-media":"","overlay-type":"","overlay-color":"","overlay-gradient":""},"mobile":{"background-color":"var(--ast-global-color-5)","background-image":"","background-repeat":"repeat","background-position":"center center","background-size":"auto","background-attachment":"scroll","background-type":"","background-media":"","overlay-type":"","overlay-color":"","overlay-gradient":""}},"footnotes":""},"categories":[3620,12909],"tags":[18729,134563,37202,18730,12325,44053],"class_list":["post-60918","post","type-post","status-publish","format-standard","hentry","category-derecho-procesal","category-pais-vasco-euskal-herriko-unibertsitatea","tag-inaki-esparza-leibar","tag-isusko-odenanza-guezuraga","tag-juan-jose-fernandez-dominguez","tag-juan-luis-gomez-colomer","tag-juan-montero-aroca","tag-silvia-barona-vilar"],"_links":{"self":[{"href":"https:\/\/www.deberes.net\/tesis\/wp-json\/wp\/v2\/posts\/60918","targetHints":{"allow":["GET"]}}],"collection":[{"href":"https:\/\/www.deberes.net\/tesis\/wp-json\/wp\/v2\/posts"}],"about":[{"href":"https:\/\/www.deberes.net\/tesis\/wp-json\/wp\/v2\/types\/post"}],"author":[{"embeddable":true,"href":"https:\/\/www.deberes.net\/tesis\/wp-json\/wp\/v2\/users\/1"}],"replies":[{"embeddable":true,"href":"https:\/\/www.deberes.net\/tesis\/wp-json\/wp\/v2\/comments?post=60918"}],"version-history":[{"count":0,"href":"https:\/\/www.deberes.net\/tesis\/wp-json\/wp\/v2\/posts\/60918\/revisions"}],"wp:attachment":[{"href":"https:\/\/www.deberes.net\/tesis\/wp-json\/wp\/v2\/media?parent=60918"}],"wp:term":[{"taxonomy":"category","embeddable":true,"href":"https:\/\/www.deberes.net\/tesis\/wp-json\/wp\/v2\/categories?post=60918"},{"taxonomy":"post_tag","embeddable":true,"href":"https:\/\/www.deberes.net\/tesis\/wp-json\/wp\/v2\/tags?post=60918"}],"curies":[{"name":"wp","href":"https:\/\/api.w.org\/{rel}","templated":true}]}}