{"id":60981,"date":"2018-03-09T22:48:47","date_gmt":"2018-03-09T22:48:47","guid":{"rendered":"https:\/\/www.deberes.net\/tesis\/sin-categoria\/edicion-paleografica-transliteracion-y-analisis-de-un-manuscrito-inedito-judeoespanol-esmirna-1872-1923\/"},"modified":"2018-03-09T22:48:47","modified_gmt":"2018-03-09T22:48:47","slug":"edicion-paleografica-transliteracion-y-analisis-de-un-manuscrito-inedito-judeoespanol-esmirna-1872-1923","status":"publish","type":"post","link":"https:\/\/www.deberes.net\/tesis\/lengua-y-literatura\/edicion-paleografica-transliteracion-y-analisis-de-un-manuscrito-inedito-judeoespanol-esmirna-1872-1923\/","title":{"rendered":"Edici\u00f3n paleogr\u00e1fica, transliteraci\u00f3n y an\u00e1lisis de un manuscrito in\u00e9dito judeoespa\u00f1ol, esmirna 1872-1923"},"content":{"rendered":"<h2>Tesis doctoral de <strong> Mordechai Ben Abir <\/strong><\/h2>\n<p>1,- genealog\u00eda de la familia cavaller de cervera y falset en catalu\u00f1a y en la edad media hasta 1942.     la cavaller-caballero en el imperio otomano a partir de 1942 y hasta el siglo xix.     los caballeros en am\u00e9rica latina e israel en el siglo xx.     2,- el cronista sefard\u00ed bekor eliyah caballero y su diario: recuerdo de los d\u00edas, edici\u00f3n paleogr\u00e1fica, transliteraci\u00f3n y an\u00e1lisis del manuscrito esmirna 1872-1928<\/p>\n<p>&nbsp;<\/p>\n<h3>Datos acad\u00e9micos de la tesis doctoral \u00ab<strong>Edici\u00f3n paleogr\u00e1fica, transliteraci\u00f3n y an\u00e1lisis de un manuscrito in\u00e9dito judeoespa\u00f1ol, esmirna 1872-1923<\/strong>\u00ab<\/h3>\n<ul>\n<li><strong>T\u00edtulo de la tesis:<\/strong>\u00a0 Edici\u00f3n paleogr\u00e1fica, transliteraci\u00f3n y an\u00e1lisis de un manuscrito in\u00e9dito judeoespa\u00f1ol, esmirna 1872-1923 <\/li>\n<li><strong>Autor:<\/strong>\u00a0 Mordechai Ben Abir <\/li>\n<li><strong>Universidad:<\/strong>\u00a0 Barcelona<\/li>\n<li><strong>Fecha de lectura de la tesis:<\/strong>\u00a0 22\/10\/2007<\/li>\n<\/ul>\n<p>&nbsp;<\/p>\n<h3>Direcci\u00f3n y tribunal<\/h3>\n<ul>\n<li><strong>Director de la tesis<\/strong>\n<ul>\n<li>Jos\u00e9 Ram\u00f3n Magdalena Nom De D\u00e9u<\/li>\n<\/ul>\n<\/li>\n<li><strong>Tribunal<\/strong>\n<ul>\n<li>Presidente del tribunal: Coloma Lleal Galceran <\/li>\n<li>Matilde Morcillo Rosillo (vocal)<\/li>\n<li>Pilar Romeu Ferr\u00e9 (vocal)<\/li>\n<li>Pablo Mart\u00edn Asuero (vocal)<\/li>\n<\/ul>\n<\/li>\n<\/ul>\n<p>&nbsp;<\/p>\n","protected":false},"excerpt":{"rendered":"<p>Tesis doctoral de Mordechai Ben Abir 1,- genealog\u00eda de la familia cavaller de cervera y falset en catalu\u00f1a y en [&hellip;]<\/p>\n","protected":false},"author":1,"featured_media":0,"comment_status":"open","ping_status":"open","sticky":false,"template":"","format":"standard","meta":{"site-sidebar-layout":"default","site-content-layout":"","ast-site-content-layout":"","site-content-style":"default","site-sidebar-style":"default","ast-global-header-display":"","ast-banner-title-visibility":"","ast-main-header-display":"","ast-hfb-above-header-display":"","ast-hfb-below-header-display":"","ast-hfb-mobile-header-display":"","site-post-title":"","ast-breadcrumbs-content":"","ast-featured-img":"","footer-sml-layout":"","theme-transparent-header-meta":"","adv-header-id-meta":"","stick-header-meta":"","header-above-stick-meta":"","header-main-stick-meta":"","header-below-stick-meta":"","astra-migrate-meta-layouts":"default","ast-page-background-enabled":"default","ast-page-background-meta":{"desktop":{"background-color":"var(--ast-global-color-4)","background-image":"","background-repeat":"repeat","background-position":"center center","background-size":"auto","background-attachment":"scroll","background-type":"","background-media":"","overlay-type":"","overlay-color":"","overlay-gradient":""},"tablet":{"background-color":"","background-image":"","background-repeat":"repeat","background-position":"center center","background-size":"auto","background-attachment":"scroll","background-type":"","background-media":"","overlay-type":"","overlay-color":"","overlay-gradient":""},"mobile":{"background-color":"","background-image":"","background-repeat":"repeat","background-position":"center center","background-size":"auto","background-attachment":"scroll","background-type":"","background-media":"","overlay-type":"","overlay-color":"","overlay-gradient":""}},"ast-content-background-meta":{"desktop":{"background-color":"var(--ast-global-color-5)","background-image":"","background-repeat":"repeat","background-position":"center center","background-size":"auto","background-attachment":"scroll","background-type":"","background-media":"","overlay-type":"","overlay-color":"","overlay-gradient":""},"tablet":{"background-color":"var(--ast-global-color-5)","background-image":"","background-repeat":"repeat","background-position":"center center","background-size":"auto","background-attachment":"scroll","background-type":"","background-media":"","overlay-type":"","overlay-color":"","overlay-gradient":""},"mobile":{"background-color":"var(--ast-global-color-5)","background-image":"","background-repeat":"repeat","background-position":"center center","background-size":"auto","background-attachment":"scroll","background-type":"","background-media":"","overlay-type":"","overlay-color":"","overlay-gradient":""}},"footnotes":""},"categories":[951,636],"tags":[43675,32690,77192,134702,134704,134703],"class_list":["post-60981","post","type-post","status-publish","format-standard","hentry","category-barcelona","category-lengua-y-literatura","tag-coloma-lleal-galceran","tag-jose-ramon-magdalena-nom-de-deu","tag-matilde-morcillo-rosillo","tag-mordechai-ben-abir","tag-pablo-martin-asuero","tag-pilar-romeu-ferre"],"_links":{"self":[{"href":"https:\/\/www.deberes.net\/tesis\/wp-json\/wp\/v2\/posts\/60981","targetHints":{"allow":["GET"]}}],"collection":[{"href":"https:\/\/www.deberes.net\/tesis\/wp-json\/wp\/v2\/posts"}],"about":[{"href":"https:\/\/www.deberes.net\/tesis\/wp-json\/wp\/v2\/types\/post"}],"author":[{"embeddable":true,"href":"https:\/\/www.deberes.net\/tesis\/wp-json\/wp\/v2\/users\/1"}],"replies":[{"embeddable":true,"href":"https:\/\/www.deberes.net\/tesis\/wp-json\/wp\/v2\/comments?post=60981"}],"version-history":[{"count":0,"href":"https:\/\/www.deberes.net\/tesis\/wp-json\/wp\/v2\/posts\/60981\/revisions"}],"wp:attachment":[{"href":"https:\/\/www.deberes.net\/tesis\/wp-json\/wp\/v2\/media?parent=60981"}],"wp:term":[{"taxonomy":"category","embeddable":true,"href":"https:\/\/www.deberes.net\/tesis\/wp-json\/wp\/v2\/categories?post=60981"},{"taxonomy":"post_tag","embeddable":true,"href":"https:\/\/www.deberes.net\/tesis\/wp-json\/wp\/v2\/tags?post=60981"}],"curies":[{"name":"wp","href":"https:\/\/api.w.org\/{rel}","templated":true}]}}