{"id":60986,"date":"2018-03-09T22:48:51","date_gmt":"2018-03-09T22:48:51","guid":{"rendered":"https:\/\/www.deberes.net\/tesis\/sin-categoria\/seleccion-y-planificacion-temporal-de-una-cartera-de-proyectos-bajo-un-enfoque-multicriterio\/"},"modified":"2018-03-09T22:48:51","modified_gmt":"2018-03-09T22:48:51","slug":"seleccion-y-planificacion-temporal-de-una-cartera-de-proyectos-bajo-un-enfoque-multicriterio","status":"publish","type":"post","link":"https:\/\/www.deberes.net\/tesis\/organizacion-y-gestion-de-empresas\/seleccion-y-planificacion-temporal-de-una-cartera-de-proyectos-bajo-un-enfoque-multicriterio\/","title":{"rendered":"Selecci\u00f3n y planificaci\u00f3n temporal de una cartera de proyectos bajo un enfoque multicriterio"},"content":{"rendered":"<h2>Tesis doctoral de <strong> Ana Fern\u00e1ndez Carazo <\/strong><\/h2>\n<p>Este trabajo surge ante el deseo de responder a un problema com\u00fan en todas las organizaciones y que consiste en como invertir y gestionar los recursos escasos entre una serie de proyectos potenciales, a qu\u00e9 alternativas dedicar una mayor cantidad de tiempo, personal, etc. Tradicionalmente las empresas no utilizaban ninguna t\u00e9cnica espec\u00edfica para seleccionar proyectos, sino que este proceso de toma de decisiones se realizaba de manera subjetiva, ya que se consideraba que no exist\u00edan modelos que pudiesen resumir o agregar toda esta informaci\u00f3n y aportar una conclusi\u00f3n relevante. A pesar de que durante muchos a\u00f1os se mantuvo este modo de actuar, la evoluci\u00f3n de las organizaciones con el consiguiente incremento en tama\u00f1o de \u00e9stas requiere plantear una estrategia m\u00e1s racional a la hora de seleccionar proyectos por parte de los empresarios. As\u00ed durante los a\u00f1os 60-80 surgen los primerios estudios selecci\u00f3n y clasificaci\u00f3n entre proyectos candidatos bas\u00e1ndose para ellos en modelos de cl\u00e1sicos de selecci\u00f3n basados en t\u00e9cnicas econ\u00f3micas, \u00e1rboles de decisi\u00f3n, m\u00e9todos basados en pesos y ranking, etc.    el deseo de aprovechar al m\u00e1ximo los recursos de cualquier organizaci\u00f3n nos ha llevado a plantear como objetivo el desarrollar un modelo matem\u00e1tico gen\u00e9rico que nos ayude a seleccionar, programar y gestionar de forma \u00f3ptima una cartera de proyectos eficientes teniendo en cuenta m\u00faltiples criterios, de manera que se verifiquen las restricciones presupuestarias, de personal, tiempo y riesgo y que aproveche las sinergias existentes entre proyectos. Es decir, presentar un modelo selecci\u00f3n y planificaci\u00f3n de los proyectos, que no solamente seleccione los mejores proyectos individualmente considerados, como ocurr\u00eda a finales de los a\u00f1os 80-90, sino que esta selecci\u00f3n permita por un lado, aprovechar las sinergias producidas entre ellos, y por otro, que determine en que momento debe comenzar y finalizar cada uno de los proyectos en en esta existan.<\/p>\n<p>&nbsp;<\/p>\n<h3>Datos acad\u00e9micos de la tesis doctoral \u00ab<strong>Selecci\u00f3n y planificaci\u00f3n temporal de una cartera de proyectos bajo un enfoque multicriterio<\/strong>\u00ab<\/h3>\n<ul>\n<li><strong>T\u00edtulo de la tesis:<\/strong>\u00a0 Selecci\u00f3n y planificaci\u00f3n temporal de una cartera de proyectos bajo un enfoque multicriterio <\/li>\n<li><strong>Autor:<\/strong>\u00a0 Ana Fern\u00e1ndez Carazo <\/li>\n<li><strong>Universidad:<\/strong>\u00a0 Pablo de olavide<\/li>\n<li><strong>Fecha de lectura de la tesis:<\/strong>\u00a0 22\/10\/2007<\/li>\n<\/ul>\n<p>&nbsp;<\/p>\n<h3>Direcci\u00f3n y tribunal<\/h3>\n<ul>\n<li><strong>Director de la tesis<\/strong>\n<ul>\n<li>Trinidad G\u00f3mez N\u00fa\u00f1ez<\/li>\n<\/ul>\n<\/li>\n<li><strong>Tribunal<\/strong>\n<ul>\n<li>Presidente del tribunal: Carlos Romero L\u00f3pez <\/li>\n<li>Mar\u00eda  Victoria Rodriguez Uria (vocal)<\/li>\n<li>Rafael Caballero Fern\u00e1ndez (vocal)<\/li>\n<li>Juli\u00e1n Molina Luque (vocal)<\/li>\n<\/ul>\n<\/li>\n<\/ul>\n<p>&nbsp;<\/p>\n","protected":false},"excerpt":{"rendered":"<p>Tesis doctoral de Ana Fern\u00e1ndez Carazo Este trabajo surge ante el deseo de responder a un problema com\u00fan en todas [&hellip;]<\/p>\n","protected":false},"author":1,"featured_media":0,"comment_status":"open","ping_status":"open","sticky":false,"template":"","format":"standard","meta":{"site-sidebar-layout":"default","site-content-layout":"","ast-site-content-layout":"","site-content-style":"default","site-sidebar-style":"default","ast-global-header-display":"","ast-banner-title-visibility":"","ast-main-header-display":"","ast-hfb-above-header-display":"","ast-hfb-below-header-display":"","ast-hfb-mobile-header-display":"","site-post-title":"","ast-breadcrumbs-content":"","ast-featured-img":"","footer-sml-layout":"","theme-transparent-header-meta":"","adv-header-id-meta":"","stick-header-meta":"","header-above-stick-meta":"","header-main-stick-meta":"","header-below-stick-meta":"","astra-migrate-meta-layouts":"default","ast-page-background-enabled":"default","ast-page-background-meta":{"desktop":{"background-color":"var(--ast-global-color-4)","background-image":"","background-repeat":"repeat","background-position":"center center","background-size":"auto","background-attachment":"scroll","background-type":"","background-media":"","overlay-type":"","overlay-color":"","overlay-gradient":""},"tablet":{"background-color":"","background-image":"","background-repeat":"repeat","background-position":"center center","background-size":"auto","background-attachment":"scroll","background-type":"","background-media":"","overlay-type":"","overlay-color":"","overlay-gradient":""},"mobile":{"background-color":"","background-image":"","background-repeat":"repeat","background-position":"center center","background-size":"auto","background-attachment":"scroll","background-type":"","background-media":"","overlay-type":"","overlay-color":"","overlay-gradient":""}},"ast-content-background-meta":{"desktop":{"background-color":"var(--ast-global-color-5)","background-image":"","background-repeat":"repeat","background-position":"center center","background-size":"auto","background-attachment":"scroll","background-type":"","background-media":"","overlay-type":"","overlay-color":"","overlay-gradient":""},"tablet":{"background-color":"var(--ast-global-color-5)","background-image":"","background-repeat":"repeat","background-position":"center center","background-size":"auto","background-attachment":"scroll","background-type":"","background-media":"","overlay-type":"","overlay-color":"","overlay-gradient":""},"mobile":{"background-color":"var(--ast-global-color-5)","background-image":"","background-repeat":"repeat","background-position":"center center","background-size":"auto","background-attachment":"scroll","background-type":"","background-media":"","overlay-type":"","overlay-color":"","overlay-gradient":""}},"footnotes":""},"categories":[2428,1302,37286],"tags":[134711,2432,124974,80529,8137,93582],"class_list":["post-60986","post","type-post","status-publish","format-standard","hentry","category-investigacion-operativa-en-la-empresa","category-organizacion-y-gestion-de-empresas","category-pablo-de-olavide","tag-ana-fernandez-carazo","tag-carlos-romero-lopez","tag-julian-molina-luque","tag-maria-victoria-rodriguez-uria","tag-rafael-caballero-fernandez","tag-trinidad-gomez-nunez"],"_links":{"self":[{"href":"https:\/\/www.deberes.net\/tesis\/wp-json\/wp\/v2\/posts\/60986","targetHints":{"allow":["GET"]}}],"collection":[{"href":"https:\/\/www.deberes.net\/tesis\/wp-json\/wp\/v2\/posts"}],"about":[{"href":"https:\/\/www.deberes.net\/tesis\/wp-json\/wp\/v2\/types\/post"}],"author":[{"embeddable":true,"href":"https:\/\/www.deberes.net\/tesis\/wp-json\/wp\/v2\/users\/1"}],"replies":[{"embeddable":true,"href":"https:\/\/www.deberes.net\/tesis\/wp-json\/wp\/v2\/comments?post=60986"}],"version-history":[{"count":0,"href":"https:\/\/www.deberes.net\/tesis\/wp-json\/wp\/v2\/posts\/60986\/revisions"}],"wp:attachment":[{"href":"https:\/\/www.deberes.net\/tesis\/wp-json\/wp\/v2\/media?parent=60986"}],"wp:term":[{"taxonomy":"category","embeddable":true,"href":"https:\/\/www.deberes.net\/tesis\/wp-json\/wp\/v2\/categories?post=60986"},{"taxonomy":"post_tag","embeddable":true,"href":"https:\/\/www.deberes.net\/tesis\/wp-json\/wp\/v2\/tags?post=60986"}],"curies":[{"name":"wp","href":"https:\/\/api.w.org\/{rel}","templated":true}]}}