{"id":60991,"date":"2018-03-09T22:48:51","date_gmt":"2018-03-09T22:48:51","guid":{"rendered":"https:\/\/www.deberes.net\/tesis\/sin-categoria\/manejo-de-la-terapia-inhalatoria-con-enfermedades-respiratorios\/"},"modified":"2018-03-09T22:48:51","modified_gmt":"2018-03-09T22:48:51","slug":"manejo-de-la-terapia-inhalatoria-con-enfermedades-respiratorios","status":"publish","type":"post","link":"https:\/\/www.deberes.net\/tesis\/enfermedades-pulmonares\/manejo-de-la-terapia-inhalatoria-con-enfermedades-respiratorios\/","title":{"rendered":"Manejo de la terapia inhalatoria con enfermedades respiratorios"},"content":{"rendered":"<h2>Tesis doctoral de <strong> Alina Quintana Otero <\/strong><\/h2>\n<p>Introducci\u00f3n: la administraci\u00f3n de f\u00e1rmacos por v\u00eda inhalatoria se ha convertido en la v\u00eda m\u00e1s importante para muchas enfermedades respiratorias. Por un lado aporta la ventaja de la acci\u00f3n directa sobre el \u00f3rgano diana, en este caso, el aparato respiratorio y por otro lado minimiza los efectos que pudieran tener dichos f\u00e1rmacos al administrarse por v\u00eda oral o parenteral. El principal inconveniente de la v\u00eda inhalatoria es su mal uso por parte de los pacientes, porque aunque la t\u00e9cnica de aplicaci\u00f3n es aparentemente sencilla, muchas veces no se les explica adecuadamente o los pacientes tienden a olvidar lo que se les explica.Entre las enfermedades respiratorias donde m\u00e1s se utiliza la v\u00eda inhalatoria est\u00e1n las enfermedades obstructivas y dentro de ellas, la enfermedad pulmonar obstructiva cr\u00f3nica (epoc) y el asma bronquial. material y m\u00e9todos: estudio descriptivo y posteriormente con intervenci\u00f3n sobre 268 pacientes diagnosticados con enfermedades pulmonares cr\u00f3nicas, que acudieron a la consulta del centro de especialidades \u00bb inocencio jim\u00e9nez\u00bb de zaragoza en el per\u00edodo entre enero y diciembre de 2004.Todos los pacientes estaban usando al menos uno de los dispositivos inhalados , accuhaler o turbuhaler. a partir de enero de 2004, a todos los pacientes que acudieron a la consulta , a los que previamente se les realiz\u00f3 una espirometr\u00eda y una prueba broncodilatadora, el m\u00e9dico les pregunt\u00f3 si llevaba consigo su inhalador y le solicit\u00f3 que realizase una demostraci\u00f3n de la maniobra que realizaba habitualmente. Esta maniobra se evalu\u00f3 paso a paso seg\u00fan el dispositivo inhalador en cuesti\u00f3n. posteriormente se corrigieron los fallos y se le ense\u00f1\u00f3 al paciente la t\u00e9cnica correcta paso a paso. Al finalizar el a\u00f1o, se revisaron la historias cl\u00ednicas y las hojas de recogida de datos y se seleccionaron aquellos pacientes que hab\u00edan acudido a consulta con un intervalo de al menos 6 meses a los que tambi\u00e9n se les hab\u00eda hecho una espirometr\u00eda , una prueba broncodilatadora y hab\u00edan realizado una demostraci\u00f3n de la maniobra inhalatoria. Tres a\u00f1os despu\u00e9s se realiz\u00f3 una encuesta telef\u00f3nicapara conocer el grado de satisfacci\u00f3n de los pacientes. conclusiones:el manejo de los inhaladores accuhaler y turbuhaler , es deficiente en la gran mayor\u00eda de los pacientes. Despu\u00e9s de 6 meses de la ense\u00f1anza de la t\u00e9cnica correcta, la habilidad en el manejo de los dispositivos se incrementa significativamente. La liberaci\u00f3n de la dosis resulta m\u00e1s. Sencilla con el accuhaler que con el turbuhaler. Los pacientes que presentan hiperreactividad bronquial en el momento de la consulta realizan peor la maniobra que el resto de los pacientes.Transcurridos 6 meses desde la ense\u00f1anza correcta de la t\u00e9cnica no se aprecian diferencias. Se aprecia una tendencia a realizar mejor la maniobra despu\u00e9s de la ense\u00f1anza correcta en los pacientes con epoc. Solo en los pacientes asm\u00e1ticos se producen modificaciones significativas en la funci\u00f3n pulmonar. Estas modificaciones se asocian al mejor manejo de los inhaladores. No se produce mejor\u00eda espirom\u00e9trica en los pacientes en dependencia del tipo de dispositivo utilizado. A largo plazo, los pacientes consideran positiva la ense\u00f1anza de la t\u00e9cnica para la evoluci\u00f3n de su enfermedad y que debe ser reforzada en el tiempo.<\/p>\n<p>&nbsp;<\/p>\n<h3>Datos acad\u00e9micos de la tesis doctoral \u00ab<strong>Manejo de la terapia inhalatoria con enfermedades respiratorios<\/strong>\u00ab<\/h3>\n<ul>\n<li><strong>T\u00edtulo de la tesis:<\/strong>\u00a0 Manejo de la terapia inhalatoria con enfermedades respiratorios <\/li>\n<li><strong>Autor:<\/strong>\u00a0 Alina Quintana Otero <\/li>\n<li><strong>Universidad:<\/strong>\u00a0 Zaragoza<\/li>\n<li><strong>Fecha de lectura de la tesis:<\/strong>\u00a0 22\/10\/2007<\/li>\n<\/ul>\n<p>&nbsp;<\/p>\n<h3>Direcci\u00f3n y tribunal<\/h3>\n<ul>\n<li><strong>Director de la tesis<\/strong>\n<ul>\n<li>Antonio  Francisco Sebastian Ari\u00f1o<\/li>\n<\/ul>\n<\/li>\n<li><strong>Tribunal<\/strong>\n<ul>\n<li>Presidente del tribunal: pedro Cia gomez <\/li>\n<li>blanca Sinues porta (vocal)<\/li>\n<li>ramon Coll artes (vocal)<\/li>\n<li>  (vocal)<\/li>\n<\/ul>\n<\/li>\n<\/ul>\n<p>&nbsp;<\/p>\n","protected":false},"excerpt":{"rendered":"<p>Tesis doctoral de Alina Quintana Otero Introducci\u00f3n: la administraci\u00f3n de f\u00e1rmacos por v\u00eda inhalatoria se ha convertido en la v\u00eda [&hellip;]<\/p>\n","protected":false},"author":1,"featured_media":0,"comment_status":"open","ping_status":"open","sticky":false,"template":"","format":"standard","meta":{"site-sidebar-layout":"default","site-content-layout":"","ast-site-content-layout":"","site-content-style":"default","site-sidebar-style":"default","ast-global-header-display":"","ast-banner-title-visibility":"","ast-main-header-display":"","ast-hfb-above-header-display":"","ast-hfb-below-header-display":"","ast-hfb-mobile-header-display":"","site-post-title":"","ast-breadcrumbs-content":"","ast-featured-img":"","footer-sml-layout":"","theme-transparent-header-meta":"","adv-header-id-meta":"","stick-header-meta":"","header-above-stick-meta":"","header-main-stick-meta":"","header-below-stick-meta":"","astra-migrate-meta-layouts":"default","ast-page-background-enabled":"default","ast-page-background-meta":{"desktop":{"background-color":"var(--ast-global-color-4)","background-image":"","background-repeat":"repeat","background-position":"center center","background-size":"auto","background-attachment":"scroll","background-type":"","background-media":"","overlay-type":"","overlay-color":"","overlay-gradient":""},"tablet":{"background-color":"","background-image":"","background-repeat":"repeat","background-position":"center center","background-size":"auto","background-attachment":"scroll","background-type":"","background-media":"","overlay-type":"","overlay-color":"","overlay-gradient":""},"mobile":{"background-color":"","background-image":"","background-repeat":"repeat","background-position":"center center","background-size":"auto","background-attachment":"scroll","background-type":"","background-media":"","overlay-type":"","overlay-color":"","overlay-gradient":""}},"ast-content-background-meta":{"desktop":{"background-color":"var(--ast-global-color-5)","background-image":"","background-repeat":"repeat","background-position":"center center","background-size":"auto","background-attachment":"scroll","background-type":"","background-media":"","overlay-type":"","overlay-color":"","overlay-gradient":""},"tablet":{"background-color":"var(--ast-global-color-5)","background-image":"","background-repeat":"repeat","background-position":"center center","background-size":"auto","background-attachment":"scroll","background-type":"","background-media":"","overlay-type":"","overlay-color":"","overlay-gradient":""},"mobile":{"background-color":"var(--ast-global-color-5)","background-image":"","background-repeat":"repeat","background-position":"center center","background-size":"auto","background-attachment":"scroll","background-type":"","background-media":"","overlay-type":"","overlay-color":"","overlay-gradient":""}},"footnotes":""},"categories":[69,13610],"tags":[134719,134720,45754,7863,134721],"class_list":["post-60991","post","type-post","status-publish","format-standard","hentry","category-enfermedades-pulmonares","category-zaragoza","tag-alina-quintana-otero","tag-antonio-francisco-sebastian-arino","tag-blanca-sinues-porta","tag-pedro-cia-gomez","tag-ramon-coll-artes"],"_links":{"self":[{"href":"https:\/\/www.deberes.net\/tesis\/wp-json\/wp\/v2\/posts\/60991","targetHints":{"allow":["GET"]}}],"collection":[{"href":"https:\/\/www.deberes.net\/tesis\/wp-json\/wp\/v2\/posts"}],"about":[{"href":"https:\/\/www.deberes.net\/tesis\/wp-json\/wp\/v2\/types\/post"}],"author":[{"embeddable":true,"href":"https:\/\/www.deberes.net\/tesis\/wp-json\/wp\/v2\/users\/1"}],"replies":[{"embeddable":true,"href":"https:\/\/www.deberes.net\/tesis\/wp-json\/wp\/v2\/comments?post=60991"}],"version-history":[{"count":0,"href":"https:\/\/www.deberes.net\/tesis\/wp-json\/wp\/v2\/posts\/60991\/revisions"}],"wp:attachment":[{"href":"https:\/\/www.deberes.net\/tesis\/wp-json\/wp\/v2\/media?parent=60991"}],"wp:term":[{"taxonomy":"category","embeddable":true,"href":"https:\/\/www.deberes.net\/tesis\/wp-json\/wp\/v2\/categories?post=60991"},{"taxonomy":"post_tag","embeddable":true,"href":"https:\/\/www.deberes.net\/tesis\/wp-json\/wp\/v2\/tags?post=60991"}],"curies":[{"name":"wp","href":"https:\/\/api.w.org\/{rel}","templated":true}]}}