{"id":60993,"date":"2018-03-09T22:48:51","date_gmt":"2018-03-09T22:48:51","guid":{"rendered":"https:\/\/www.deberes.net\/tesis\/sin-categoria\/relaciones-de-genero-y-medios-de-comunicacion-comunistas-gaceta-y-mundo-obrero-1970-1982\/"},"modified":"2018-03-09T22:48:51","modified_gmt":"2018-03-09T22:48:51","slug":"relaciones-de-genero-y-medios-de-comunicacion-comunistas-gaceta-y-mundo-obrero-1970-1982","status":"publish","type":"post","link":"https:\/\/www.deberes.net\/tesis\/grupos-sociales\/relaciones-de-genero-y-medios-de-comunicacion-comunistas-gaceta-y-mundo-obrero-1970-1982\/","title":{"rendered":"Relaciones de g\u00e9nero y medios de comunicaci\u00f3n comunistas: gaceta y mundo obrero (1970-1982)"},"content":{"rendered":"<h2>Tesis doctoral de <strong> M\u00aa Teresa L\u00f3pez Hern\u00e1ndez <\/strong><\/h2>\n<p>El principal objeto de esta investigaci\u00f3n es el estudio del papel desempe\u00f1ado por los comunistas en lo concerniente a las relaciones de g\u00e9nero. para tal fin hemos analizado dos publicaciones comunistas: la \u00abgaceta\u00bb, publicaci\u00f3n del sindicato comunista comisiones obreras y \u00abmundo obrero\u00bb, publicaci\u00f3n del partido comunista de espa\u00f1a. el an\u00e1lisis cuantitativo y cualitativo de las revistas nos ha ayudado a conocer el n\u00famero de p\u00e1ginas dedicadas a cuestiones de g\u00e9nero, el n\u00famero de art\u00edculos dedicados en las revistas a estos temas, si eran autoras o autores los que los escrib\u00edan, los componentes femeninos y masculinos de la redacci\u00f3n, etc. Esto, unido a la informaci\u00f3n aportada sobre mujeres, ha permitido comprobar si era cierta la acusaci\u00f3n hecha por las militantes de la izquierda pol\u00edtica de que hubo m\u00e1s preocupaci\u00f3n por los problemas pol\u00edticos y econ\u00f3micos que por las reivindicaciones espec\u00edficas femeninas, siempre relegadas para otro momento.<\/p>\n<p>&nbsp;<\/p>\n<h3>Datos acad\u00e9micos de la tesis doctoral \u00ab<strong>Relaciones de g\u00e9nero y medios de comunicaci\u00f3n comunistas: gaceta y mundo obrero (1970-1982)<\/strong>\u00ab<\/h3>\n<ul>\n<li><strong>T\u00edtulo de la tesis:<\/strong>\u00a0 Relaciones de g\u00e9nero y medios de comunicaci\u00f3n comunistas: gaceta y mundo obrero (1970-1982) <\/li>\n<li><strong>Autor:<\/strong>\u00a0 M\u00aa Teresa L\u00f3pez Hern\u00e1ndez <\/li>\n<li><strong>Universidad:<\/strong>\u00a0 Salamanca<\/li>\n<li><strong>Fecha de lectura de la tesis:<\/strong>\u00a0 22\/10\/2007<\/li>\n<\/ul>\n<p>&nbsp;<\/p>\n<h3>Direcci\u00f3n y tribunal<\/h3>\n<ul>\n<li><strong>Director de la tesis<\/strong>\n<ul>\n<li>Esther Martinez Quinteiro<\/li>\n<\/ul>\n<\/li>\n<li><strong>Tribunal<\/strong>\n<ul>\n<li>Presidente del tribunal: julia Varela fern\u00e1ndez <\/li>\n<li>M\u00aa luz de Prado herrera (vocal)<\/li>\n<li>enrique Cabero mor\u00e1n (vocal)<\/li>\n<li>susana Tavera garcia (vocal)<\/li>\n<\/ul>\n<\/li>\n<\/ul>\n<p>&nbsp;<\/p>\n","protected":false},"excerpt":{"rendered":"<p>Tesis doctoral de M\u00aa Teresa L\u00f3pez Hern\u00e1ndez El principal objeto de esta investigaci\u00f3n es el estudio del papel desempe\u00f1ado por [&hellip;]<\/p>\n","protected":false},"author":1,"featured_media":0,"comment_status":"open","ping_status":"open","sticky":false,"template":"","format":"standard","meta":{"site-sidebar-layout":"default","site-content-layout":"","ast-site-content-layout":"","site-content-style":"default","site-sidebar-style":"default","ast-global-header-display":"","ast-banner-title-visibility":"","ast-main-header-display":"","ast-hfb-above-header-display":"","ast-hfb-below-header-display":"","ast-hfb-mobile-header-display":"","site-post-title":"","ast-breadcrumbs-content":"","ast-featured-img":"","footer-sml-layout":"","theme-transparent-header-meta":"","adv-header-id-meta":"","stick-header-meta":"","header-above-stick-meta":"","header-main-stick-meta":"","header-below-stick-meta":"","astra-migrate-meta-layouts":"default","ast-page-background-enabled":"default","ast-page-background-meta":{"desktop":{"background-color":"var(--ast-global-color-4)","background-image":"","background-repeat":"repeat","background-position":"center center","background-size":"auto","background-attachment":"scroll","background-type":"","background-media":"","overlay-type":"","overlay-color":"","overlay-gradient":""},"tablet":{"background-color":"","background-image":"","background-repeat":"repeat","background-position":"center center","background-size":"auto","background-attachment":"scroll","background-type":"","background-media":"","overlay-type":"","overlay-color":"","overlay-gradient":""},"mobile":{"background-color":"","background-image":"","background-repeat":"repeat","background-position":"center center","background-size":"auto","background-attachment":"scroll","background-type":"","background-media":"","overlay-type":"","overlay-color":"","overlay-gradient":""}},"ast-content-background-meta":{"desktop":{"background-color":"var(--ast-global-color-5)","background-image":"","background-repeat":"repeat","background-position":"center center","background-size":"auto","background-attachment":"scroll","background-type":"","background-media":"","overlay-type":"","overlay-color":"","overlay-gradient":""},"tablet":{"background-color":"var(--ast-global-color-5)","background-image":"","background-repeat":"repeat","background-position":"center center","background-size":"auto","background-attachment":"scroll","background-type":"","background-media":"","overlay-type":"","overlay-color":"","overlay-gradient":""},"mobile":{"background-color":"var(--ast-global-color-5)","background-image":"","background-repeat":"repeat","background-position":"center center","background-size":"auto","background-attachment":"scroll","background-type":"","background-media":"","overlay-type":"","overlay-color":"","overlay-gradient":""}},"footnotes":""},"categories":[291,3538,8113,9386],"tags":[9453,7057,5005,124697,134724,42650],"class_list":["post-60993","post","type-post","status-publish","format-standard","hentry","category-grupos-sociales","category-historia-de-las-ideas-politicas","category-posicion-social-de-la-mujer","category-salamanca","tag-enrique-cabero-moran","tag-esther-Martinez-quinteiro","tag-julia-varela-fernandez","tag-ma-luz-de-prado-herrera","tag-ma-teresa-lopez-hernandez","tag-susana-tavera-garcia"],"_links":{"self":[{"href":"https:\/\/www.deberes.net\/tesis\/wp-json\/wp\/v2\/posts\/60993","targetHints":{"allow":["GET"]}}],"collection":[{"href":"https:\/\/www.deberes.net\/tesis\/wp-json\/wp\/v2\/posts"}],"about":[{"href":"https:\/\/www.deberes.net\/tesis\/wp-json\/wp\/v2\/types\/post"}],"author":[{"embeddable":true,"href":"https:\/\/www.deberes.net\/tesis\/wp-json\/wp\/v2\/users\/1"}],"replies":[{"embeddable":true,"href":"https:\/\/www.deberes.net\/tesis\/wp-json\/wp\/v2\/comments?post=60993"}],"version-history":[{"count":0,"href":"https:\/\/www.deberes.net\/tesis\/wp-json\/wp\/v2\/posts\/60993\/revisions"}],"wp:attachment":[{"href":"https:\/\/www.deberes.net\/tesis\/wp-json\/wp\/v2\/media?parent=60993"}],"wp:term":[{"taxonomy":"category","embeddable":true,"href":"https:\/\/www.deberes.net\/tesis\/wp-json\/wp\/v2\/categories?post=60993"},{"taxonomy":"post_tag","embeddable":true,"href":"https:\/\/www.deberes.net\/tesis\/wp-json\/wp\/v2\/tags?post=60993"}],"curies":[{"name":"wp","href":"https:\/\/api.w.org\/{rel}","templated":true}]}}