{"id":61128,"date":"2018-03-09T22:48:58","date_gmt":"2018-03-09T22:48:58","guid":{"rendered":"https:\/\/www.deberes.net\/tesis\/sin-categoria\/agresiones-verbales-emocionales-fa%c2%adsicas-y-sexuales-en-las-relaciones-de-pareja-de-los-adolescentes-naturaleza-y-factores-asociados\/"},"modified":"2018-03-09T22:48:58","modified_gmt":"2018-03-09T22:48:58","slug":"agresiones-verbales-emocionales-fa%c2%adsicas-y-sexuales-en-las-relaciones-de-pareja-de-los-adolescentes-naturaleza-y-factores-asociados","status":"publish","type":"post","link":"https:\/\/www.deberes.net\/tesis\/psicologia-del-nino-y-del-adolescente\/agresiones-verbales-emocionales-fa%c2%adsicas-y-sexuales-en-las-relaciones-de-pareja-de-los-adolescentes-naturaleza-y-factores-asociados\/","title":{"rendered":"Agresiones verbales-emocionales, f\u00edsicas y sexuales en las relaciones de pareja de los adolescentes: naturaleza y factores asociados"},"content":{"rendered":"<h2>Tesis doctoral de <strong> Andr\u00e9s Avelino Fern\u00e1ndez Fuertes <\/strong><\/h2>\n<p>Con este estudio se pretende contribuir a la descripci\u00f3n de lo que sucede en las parejas de los adolescentes de nuestro contexto (e.G., Incidencia, frecuencia, din\u00e1micas relacionales y diferencias intersexos), as\u00ed como conocer algunos de los posibles factores asociados a este problema, tanto desde la perspectiva del agresor como desde la de la v\u00edctima. Para ello, se cont\u00f3 con una muestra incidental de 601 adolescentes de salamanca, de edades comprendidas entre los 15 y los 19 a\u00f1os (42% varones y 58% mujeres); adem\u00e1s, todos ellos hab\u00edan mantenido al menos una relaci\u00f3n de pareja en los 12 meses previos al estudio. Los resultados m\u00e1s relevantes de este trabajo nos llevan a concluir, en primer lugar, que existe un alto porcentaje de adolescentes que afirman que se han producido agresiones en su relaci\u00f3n de pareja, sobre todo, de naturaleza verbal-emocional; no obstante, la frecuencia de los comportamientos agresivos tend\u00eda a ser baja. En segundo lugar, tambi\u00e9n se observa que los participantes suelen se\u00f1alar que las agresiones se han producido de forma mutua en sus parejas. En tercer lugar, se obtiene que la frecuencia media de agresiones verbales-emocionales cometidas es m\u00e1s elevada en el grupo de las chicas, mientras que con respecto a las sexuales, son los varones los que admiten haber perpetrado m\u00e1s agresiones. En cuarto lugar, se aprecia que existe una estrecha relaci\u00f3n entre las tres formas de agresi\u00f3n analizadas. Por \u00faltimo, se puede concluir que de los principales predictores analizados en el estudio (i.E., Sexo, comportamiento agresivo en otras relaciones anteriores, las dimensiones del apego, los costes y los beneficios anticipados de perpetrar agresiones y tres \u00edndices del compromiso), quiz\u00e1 la existencia de agresiones en otras relaciones de pareja y esperar consecuencias positivas de cometer agresiones, representen las variables m\u00e1s importantes para explicar la existencia de agresiones en estas parejas.<\/p>\n<p>&nbsp;<\/p>\n<h3>Datos acad\u00e9micos de la tesis doctoral \u00ab<strong>Agresiones verbales-emocionales, f\u00edsicas y sexuales en las relaciones de pareja de los adolescentes: naturaleza y factores asociados<\/strong>\u00ab<\/h3>\n<ul>\n<li><strong>T\u00edtulo de la tesis:<\/strong>\u00a0 Agresiones verbales-emocionales, f\u00edsicas y sexuales en las relaciones de pareja de los adolescentes: naturaleza y factores asociados <\/li>\n<li><strong>Autor:<\/strong>\u00a0 Andr\u00e9s Avelino Fern\u00e1ndez Fuertes <\/li>\n<li><strong>Universidad:<\/strong>\u00a0 Salamanca<\/li>\n<li><strong>Fecha de lectura de la tesis:<\/strong>\u00a0 29\/10\/2007<\/li>\n<\/ul>\n<p>&nbsp;<\/p>\n<h3>Direcci\u00f3n y tribunal<\/h3>\n<ul>\n<li><strong>Director de la tesis<\/strong>\n<ul>\n<li>Jos\u00e9 Antonio Fuertes Mart\u00edn<\/li>\n<\/ul>\n<\/li>\n<li><strong>Tribunal<\/strong>\n<ul>\n<li>Presidente del tribunal: emilio Sanchez Miguel <\/li>\n<li>rosaura Gonz\u00e1lez m\u00e9ndez (vocal)<\/li>\n<li>marina julia Mu\u00f1oz rivas (vocal)<\/li>\n<li>Carlos eugenio Neves sim\u00ed\u00b5es (vocal)<\/li>\n<\/ul>\n<\/li>\n<\/ul>\n<p>&nbsp;<\/p>\n","protected":false},"excerpt":{"rendered":"<p>Tesis doctoral de Andr\u00e9s Avelino Fern\u00e1ndez Fuertes Con este estudio se pretende contribuir a la descripci\u00f3n de lo que sucede [&hellip;]<\/p>\n","protected":false},"author":1,"featured_media":0,"comment_status":"open","ping_status":"open","sticky":false,"template":"","format":"standard","meta":{"site-sidebar-layout":"default","site-content-layout":"","ast-site-content-layout":"","site-content-style":"default","site-sidebar-style":"default","ast-global-header-display":"","ast-banner-title-visibility":"","ast-main-header-display":"","ast-hfb-above-header-display":"","ast-hfb-below-header-display":"","ast-hfb-mobile-header-display":"","site-post-title":"","ast-breadcrumbs-content":"","ast-featured-img":"","footer-sml-layout":"","theme-transparent-header-meta":"","adv-header-id-meta":"","stick-header-meta":"","header-above-stick-meta":"","header-main-stick-meta":"","header-below-stick-meta":"","astra-migrate-meta-layouts":"default","ast-page-background-enabled":"default","ast-page-background-meta":{"desktop":{"background-color":"var(--ast-global-color-4)","background-image":"","background-repeat":"repeat","background-position":"center center","background-size":"auto","background-attachment":"scroll","background-type":"","background-media":"","overlay-type":"","overlay-color":"","overlay-gradient":""},"tablet":{"background-color":"","background-image":"","background-repeat":"repeat","background-position":"center center","background-size":"auto","background-attachment":"scroll","background-type":"","background-media":"","overlay-type":"","overlay-color":"","overlay-gradient":""},"mobile":{"background-color":"","background-image":"","background-repeat":"repeat","background-position":"center center","background-size":"auto","background-attachment":"scroll","background-type":"","background-media":"","overlay-type":"","overlay-color":"","overlay-gradient":""}},"ast-content-background-meta":{"desktop":{"background-color":"var(--ast-global-color-5)","background-image":"","background-repeat":"repeat","background-position":"center center","background-size":"auto","background-attachment":"scroll","background-type":"","background-media":"","overlay-type":"","overlay-color":"","overlay-gradient":""},"tablet":{"background-color":"var(--ast-global-color-5)","background-image":"","background-repeat":"repeat","background-position":"center center","background-size":"auto","background-attachment":"scroll","background-type":"","background-media":"","overlay-type":"","overlay-color":"","overlay-gradient":""},"mobile":{"background-color":"var(--ast-global-color-5)","background-image":"","background-repeat":"repeat","background-position":"center center","background-size":"auto","background-attachment":"scroll","background-type":"","background-media":"","overlay-type":"","overlay-color":"","overlay-gradient":""}},"footnotes":""},"categories":[14934,7071,6025,970,9386],"tags":[135038,135040,10405,46724,102296,135039],"class_list":["post-61128","post","type-post","status-publish","format-standard","hentry","category-analisis-experimental-de-la-conducta","category-desordenes-del-comportamiento","category-estudio-psicologico-de-cuestiones-sociales","category-psicologia-del-nino-y-del-adolescente","category-salamanca","tag-andres-avelino-fernandez-fuertes","tag-carlos-eugenio-neves-simies","tag-emilio-sanchez-miguel","tag-jose-antonio-fuertes-martin","tag-marina-julia-munoz-rivas","tag-rosaura-gonzalez-mendez"],"_links":{"self":[{"href":"https:\/\/www.deberes.net\/tesis\/wp-json\/wp\/v2\/posts\/61128","targetHints":{"allow":["GET"]}}],"collection":[{"href":"https:\/\/www.deberes.net\/tesis\/wp-json\/wp\/v2\/posts"}],"about":[{"href":"https:\/\/www.deberes.net\/tesis\/wp-json\/wp\/v2\/types\/post"}],"author":[{"embeddable":true,"href":"https:\/\/www.deberes.net\/tesis\/wp-json\/wp\/v2\/users\/1"}],"replies":[{"embeddable":true,"href":"https:\/\/www.deberes.net\/tesis\/wp-json\/wp\/v2\/comments?post=61128"}],"version-history":[{"count":0,"href":"https:\/\/www.deberes.net\/tesis\/wp-json\/wp\/v2\/posts\/61128\/revisions"}],"wp:attachment":[{"href":"https:\/\/www.deberes.net\/tesis\/wp-json\/wp\/v2\/media?parent=61128"}],"wp:term":[{"taxonomy":"category","embeddable":true,"href":"https:\/\/www.deberes.net\/tesis\/wp-json\/wp\/v2\/categories?post=61128"},{"taxonomy":"post_tag","embeddable":true,"href":"https:\/\/www.deberes.net\/tesis\/wp-json\/wp\/v2\/tags?post=61128"}],"curies":[{"name":"wp","href":"https:\/\/api.w.org\/{rel}","templated":true}]}}