{"id":61130,"date":"2018-03-09T22:48:58","date_gmt":"2018-03-09T22:48:58","guid":{"rendered":"https:\/\/www.deberes.net\/tesis\/sin-categoria\/analisis-de-la-interaccion-funcional-de-p73-y-ras-durante-la-diferenciacion-neuronal\/"},"modified":"2018-03-09T22:48:58","modified_gmt":"2018-03-09T22:48:58","slug":"analisis-de-la-interaccion-funcional-de-p73-y-ras-durante-la-diferenciacion-neuronal","status":"publish","type":"post","link":"https:\/\/www.deberes.net\/tesis\/leon\/analisis-de-la-interaccion-funcional-de-p73-y-ras-durante-la-diferenciacion-neuronal\/","title":{"rendered":"An\u00e1lisis de la interacci\u00f3n funcional de p73 y ras durante la diferenciaci\u00f3n neuronal"},"content":{"rendered":"<h2>Tesis doctoral de <strong> Mar\u00eda Bel\u00e9n Fern\u00e1ndez Garc\u00eda <\/strong><\/h2>\n<p>La diferenciaci\u00f3n es un proceso fundamental durante el desarrollo, y es necesario para el mantenimiento de la homeostasis en los tejidos. As\u00ed, la incapacidad de las c\u00e9lulas para diferenciarse apropiadamente, se ha relacionado con el establecimiento y la progresi\u00f3n tumoral. El desarrollo de un tumor es debido al desajuste entre varios procesos antag\u00f3nicos del control homeost\u00e1tico celular: diferenciaci\u00f3n, muerte celular y proliferaci\u00f3n. Estos procesos son controlados por gran cantidad de prote\u00ednas, como por ejemplo ras y la familia de p53\/p73\/p63. El estudio de estas prote\u00ednas y de las interacciones existentes entre ellas es de gran importancia en el estudio de estos procesos.      en este trabajo hemos demostrado la existencia de un bucle de retroalimentaci\u00f3n entre p73 y ras semejante al descrito para p53 en otros sistemas. En esta interacci\u00f3n funcional, la activaci\u00f3n constitutiva de ras activa y estabiliza a p73. P73 a su vez, es capaz de activar erk y cooperar de forma sin\u00e9rgica con ras tanto en la activaci\u00f3n de la cascada de las mapks como en la activaci\u00f3n de dianas transcripcionales ap-1 y p21waf1. Esta funci\u00f3n de p73 es necesaria para el desarrollo apropiado del proceso de diferenciaci\u00f3n en c\u00e9lulas ur61 desencadenado por ras.      la ruta responsable del efecto modulador de ras en la estabilizaci\u00f3n y activaci\u00f3n de p73, as\u00ed como en la cooperaci\u00f3n sin\u00e9rgica de ambos es la v\u00eda ras-raf-mek-erk. Adem\u00e1s, la sobreexpresi\u00f3n de raf activado es suficiente para desencadenar una respuesta biol\u00f3gica de diferenciaci\u00f3n de las c\u00e9lulas ur61 (de forma semejante a ras), y raf por s\u00ed mismo es capaz de estabilizar tap73a, siendo capaz de  incrementar su actividad transcripcional sobre el promotor de p21waf1, sugiriendo as\u00ed que tap73a act\u00faa como efector de raf en la inducci\u00f3n de la expresi\u00f3n de p21waf1.       la inducci\u00f3n de la expresi\u00f3n de p21waf1 desencadenada por la activaci\u00f3n de raf, es dependiente de la funci\u00f3n de p73, e independiente de<\/p>\n<p>&nbsp;<\/p>\n<h3>Datos acad\u00e9micos de la tesis doctoral \u00ab<strong>An\u00e1lisis de la interacci\u00f3n funcional de p73 y ras durante la diferenciaci\u00f3n neuronal<\/strong>\u00ab<\/h3>\n<ul>\n<li><strong>T\u00edtulo de la tesis:<\/strong>\u00a0 An\u00e1lisis de la interacci\u00f3n funcional de p73 y ras durante la diferenciaci\u00f3n neuronal <\/li>\n<li><strong>Autor:<\/strong>\u00a0 Mar\u00eda Bel\u00e9n Fern\u00e1ndez Garc\u00eda <\/li>\n<li><strong>Universidad:<\/strong>\u00a0 Le\u00f3n<\/li>\n<li><strong>Fecha de lectura de la tesis:<\/strong>\u00a0 30\/10\/2007<\/li>\n<\/ul>\n<p>&nbsp;<\/p>\n<h3>Direcci\u00f3n y tribunal<\/h3>\n<ul>\n<li><strong>Director de la tesis<\/strong>\n<ul>\n<li> Mar\u00edn Vieira Mar\u00eda Del Carmen<\/li>\n<\/ul>\n<\/li>\n<li><strong>Tribunal<\/strong>\n<ul>\n<li>Presidente del tribunal: pilar (secretario) L\u00f3pez fierro <\/li>\n<li>Javier Le\u00f3n serrano (vocal)<\/li>\n<li>Alberto Mu\u00f1oz terol (vocal)<\/li>\n<li>  (vocal)<\/li>\n<\/ul>\n<\/li>\n<\/ul>\n<p>&nbsp;<\/p>\n","protected":false},"excerpt":{"rendered":"<p>Tesis doctoral de Mar\u00eda Bel\u00e9n Fern\u00e1ndez Garc\u00eda La diferenciaci\u00f3n es un proceso fundamental durante el desarrollo, y es necesario para [&hellip;]<\/p>\n","protected":false},"author":1,"featured_media":0,"comment_status":"open","ping_status":"open","sticky":false,"template":"","format":"standard","meta":{"site-sidebar-layout":"default","site-content-layout":"","ast-site-content-layout":"","site-content-style":"default","site-sidebar-style":"default","ast-global-header-display":"","ast-banner-title-visibility":"","ast-main-header-display":"","ast-hfb-above-header-display":"","ast-hfb-below-header-display":"","ast-hfb-mobile-header-display":"","site-post-title":"","ast-breadcrumbs-content":"","ast-featured-img":"","footer-sml-layout":"","theme-transparent-header-meta":"","adv-header-id-meta":"","stick-header-meta":"","header-above-stick-meta":"","header-main-stick-meta":"","header-below-stick-meta":"","astra-migrate-meta-layouts":"default","ast-page-background-enabled":"default","ast-page-background-meta":{"desktop":{"background-color":"var(--ast-global-color-4)","background-image":"","background-repeat":"repeat","background-position":"center center","background-size":"auto","background-attachment":"scroll","background-type":"","background-media":"","overlay-type":"","overlay-color":"","overlay-gradient":""},"tablet":{"background-color":"","background-image":"","background-repeat":"repeat","background-position":"center center","background-size":"auto","background-attachment":"scroll","background-type":"","background-media":"","overlay-type":"","overlay-color":"","overlay-gradient":""},"mobile":{"background-color":"","background-image":"","background-repeat":"repeat","background-position":"center center","background-size":"auto","background-attachment":"scroll","background-type":"","background-media":"","overlay-type":"","overlay-color":"","overlay-gradient":""}},"ast-content-background-meta":{"desktop":{"background-color":"var(--ast-global-color-5)","background-image":"","background-repeat":"repeat","background-position":"center center","background-size":"auto","background-attachment":"scroll","background-type":"","background-media":"","overlay-type":"","overlay-color":"","overlay-gradient":""},"tablet":{"background-color":"var(--ast-global-color-5)","background-image":"","background-repeat":"repeat","background-position":"center center","background-size":"auto","background-attachment":"scroll","background-type":"","background-media":"","overlay-type":"","overlay-color":"","overlay-gradient":""},"mobile":{"background-color":"var(--ast-global-color-5)","background-image":"","background-repeat":"repeat","background-position":"center center","background-size":"auto","background-attachment":"scroll","background-type":"","background-media":"","overlay-type":"","overlay-color":"","overlay-gradient":""}},"footnotes":""},"categories":[9399,4430],"tags":[15488,14452,135043,135044,135045],"class_list":["post-61130","post","type-post","status-publish","format-standard","hentry","category-cultivo-celular","category-leon","tag-alberto-munoz-terol","tag-javier-leon-serrano","tag-maria-belen-fernandez-garcia","tag-marin-vieira-maria-del-carmen","tag-pilar-secretario-lopez-fierro"],"_links":{"self":[{"href":"https:\/\/www.deberes.net\/tesis\/wp-json\/wp\/v2\/posts\/61130","targetHints":{"allow":["GET"]}}],"collection":[{"href":"https:\/\/www.deberes.net\/tesis\/wp-json\/wp\/v2\/posts"}],"about":[{"href":"https:\/\/www.deberes.net\/tesis\/wp-json\/wp\/v2\/types\/post"}],"author":[{"embeddable":true,"href":"https:\/\/www.deberes.net\/tesis\/wp-json\/wp\/v2\/users\/1"}],"replies":[{"embeddable":true,"href":"https:\/\/www.deberes.net\/tesis\/wp-json\/wp\/v2\/comments?post=61130"}],"version-history":[{"count":0,"href":"https:\/\/www.deberes.net\/tesis\/wp-json\/wp\/v2\/posts\/61130\/revisions"}],"wp:attachment":[{"href":"https:\/\/www.deberes.net\/tesis\/wp-json\/wp\/v2\/media?parent=61130"}],"wp:term":[{"taxonomy":"category","embeddable":true,"href":"https:\/\/www.deberes.net\/tesis\/wp-json\/wp\/v2\/categories?post=61130"},{"taxonomy":"post_tag","embeddable":true,"href":"https:\/\/www.deberes.net\/tesis\/wp-json\/wp\/v2\/tags?post=61130"}],"curies":[{"name":"wp","href":"https:\/\/api.w.org\/{rel}","templated":true}]}}