{"id":61137,"date":"2018-03-09T22:48:58","date_gmt":"2018-03-09T22:48:58","guid":{"rendered":"https:\/\/www.deberes.net\/tesis\/sin-categoria\/jorge-semprun-militancia-y-oposicion-en-el-franquismo\/"},"modified":"2018-03-09T22:48:58","modified_gmt":"2018-03-09T22:48:58","slug":"jorge-semprun-militancia-y-oposicion-en-el-franquismo","status":"publish","type":"post","link":"https:\/\/www.deberes.net\/tesis\/historia-contemporanea\/jorge-semprun-militancia-y-oposicion-en-el-franquismo\/","title":{"rendered":"Jorge semprun; militancia y oposici\u00f3n en el franquismo"},"content":{"rendered":"<h2>Tesis doctoral de <strong> Felipe Nieto Blanco <\/strong><\/h2>\n<p>La investigaci\u00f3n se centra en la actividad pol\u00edtica de jorge sempr\u00fan como militante comunista desde su ingreso en el partido comunista de espa\u00f1a, pce, hasta el a\u00f1o 1956. Actividad militante desarrollada fundamentalmente en el sector cultural, la tesis estudia la movilizaci\u00f3n pol\u00edtica de los intelectuales, universitarios y profesionales por obra del instructor enviado por el pce, residente clandestino en Madrid durante diez a\u00f1os, que supo atraer a una generaci\u00f3n joven, insatisfecha e inquieta y dirigirla pol\u00edticamente contra la dictadura franquista. Los actos de protesta en Madrid en 1995 y 1956 acabaron en grandes incidentes que provocaron la primera crisis ministerial de la historia del franquismo no decidida previamente por el dictador. Sempr\u00fan y los universitarios madrile\u00f1os lanzaron un manifiesto el 1 de abril del a\u00f1o 56, veinte a\u00f1os despu\u00e9s de la guerra civil, en el que ped\u00edan el cese de los efectos pol\u00edticos del enfrentamiento pasado y  la reconciliaci\u00f3n. Precisamente la reconciliaci\u00f3n nacional de los espa\u00f1oles ser\u00eda la nueva estrategia pol\u00edtica propuesta por el pce, el partido que a ra\u00edz del eco alcanzado por su pol\u00edtica en ese a\u00f1o esperanzador, nacional e internacionalmente, renueva su direcci\u00f3n y su orientaci\u00f3n pol\u00edtica. la tesis recorre las distintas etapas de la vida de sempr\u00fan, desde su exilio familiar a francia en 1936, el ingreso en el pce en 1942, el maquis y la deportaci\u00f3n a alemania (buchenwald), hasta su liberaci\u00f3n y compromiso militante en el partido comunista, primero en par\u00eds y despu\u00e9s en Madrid. puesto que sempr\u00fan es un escritor, la tesis estudia la obra de sempr\u00fan, servida en una gran variedad de g\u00e9neros, art\u00edculos, poemas y obras teatrales, como una gran parte integrante de su acci\u00f3n pol\u00edtica militante. Asimismo, se aborda la reflexi\u00f3n posterior que el escritor ha ido haciendo en sus libros sobre su pasado militante, un tiempo de proyectos y promesas, muchos fallidos, que cont\u00f3 siempre con la entrega<\/p>\n<p>&nbsp;<\/p>\n<h3>Datos acad\u00e9micos de la tesis doctoral \u00ab<strong>Jorge semprun; militancia y oposici\u00f3n en el franquismo<\/strong>\u00ab<\/h3>\n<ul>\n<li><strong>T\u00edtulo de la tesis:<\/strong>\u00a0 Jorge semprun; militancia y oposici\u00f3n en el franquismo <\/li>\n<li><strong>Autor:<\/strong>\u00a0 Felipe Nieto Blanco <\/li>\n<li><strong>Universidad:<\/strong>\u00a0 Nacional de educaci\u00f3n a distancia<\/li>\n<li><strong>Fecha de lectura de la tesis:<\/strong>\u00a0 30\/10\/2007<\/li>\n<\/ul>\n<p>&nbsp;<\/p>\n<h3>Direcci\u00f3n y tribunal<\/h3>\n<ul>\n<li><strong>Director de la tesis<\/strong>\n<ul>\n<li>Abd\u00f3n Mateos L\u00f3pez<\/li>\n<\/ul>\n<\/li>\n<li><strong>Tribunal<\/strong>\n<ul>\n<li>Presidente del tribunal: feliciano Montero garcia <\/li>\n<li>\u00c1lvaro Soto carmona (vocal)<\/li>\n<li>Juan Aviles farre (vocal)<\/li>\n<li>jordi Garcia garcia (vocal)<\/li>\n<\/ul>\n<\/li>\n<\/ul>\n<p>&nbsp;<\/p>\n","protected":false},"excerpt":{"rendered":"<p>Tesis doctoral de Felipe Nieto Blanco La investigaci\u00f3n se centra en la actividad pol\u00edtica de jorge sempr\u00fan como militante comunista [&hellip;]<\/p>\n","protected":false},"author":1,"featured_media":0,"comment_status":"open","ping_status":"open","sticky":false,"template":"","format":"standard","meta":{"site-sidebar-layout":"default","site-content-layout":"","ast-site-content-layout":"","site-content-style":"default","site-sidebar-style":"default","ast-global-header-display":"","ast-banner-title-visibility":"","ast-main-header-display":"","ast-hfb-above-header-display":"","ast-hfb-below-header-display":"","ast-hfb-mobile-header-display":"","site-post-title":"","ast-breadcrumbs-content":"","ast-featured-img":"","footer-sml-layout":"","theme-transparent-header-meta":"","adv-header-id-meta":"","stick-header-meta":"","header-above-stick-meta":"","header-main-stick-meta":"","header-below-stick-meta":"","astra-migrate-meta-layouts":"default","ast-page-background-enabled":"default","ast-page-background-meta":{"desktop":{"background-color":"var(--ast-global-color-4)","background-image":"","background-repeat":"repeat","background-position":"center center","background-size":"auto","background-attachment":"scroll","background-type":"","background-media":"","overlay-type":"","overlay-color":"","overlay-gradient":""},"tablet":{"background-color":"","background-image":"","background-repeat":"repeat","background-position":"center center","background-size":"auto","background-attachment":"scroll","background-type":"","background-media":"","overlay-type":"","overlay-color":"","overlay-gradient":""},"mobile":{"background-color":"","background-image":"","background-repeat":"repeat","background-position":"center center","background-size":"auto","background-attachment":"scroll","background-type":"","background-media":"","overlay-type":"","overlay-color":"","overlay-gradient":""}},"ast-content-background-meta":{"desktop":{"background-color":"var(--ast-global-color-5)","background-image":"","background-repeat":"repeat","background-position":"center center","background-size":"auto","background-attachment":"scroll","background-type":"","background-media":"","overlay-type":"","overlay-color":"","overlay-gradient":""},"tablet":{"background-color":"var(--ast-global-color-5)","background-image":"","background-repeat":"repeat","background-position":"center center","background-size":"auto","background-attachment":"scroll","background-type":"","background-media":"","overlay-type":"","overlay-color":"","overlay-gradient":""},"mobile":{"background-color":"var(--ast-global-color-5)","background-image":"","background-repeat":"repeat","background-position":"center center","background-size":"auto","background-attachment":"scroll","background-type":"","background-media":"","overlay-type":"","overlay-color":"","overlay-gradient":""}},"footnotes":""},"categories":[1816,17070],"tags":[59365,5659,6390,135058,135059,17122],"class_list":["post-61137","post","type-post","status-publish","format-standard","hentry","category-historia-contemporanea","category-nacional-de-educacion-a-distancia","tag-abdon-mateos-lopez","tag-alvaro-soto-carmona","tag-feliciano-montero-garcia","tag-felipe-nieto-blanco","tag-jordi-garcia-garcia","tag-juan-aviles-farre"],"_links":{"self":[{"href":"https:\/\/www.deberes.net\/tesis\/wp-json\/wp\/v2\/posts\/61137","targetHints":{"allow":["GET"]}}],"collection":[{"href":"https:\/\/www.deberes.net\/tesis\/wp-json\/wp\/v2\/posts"}],"about":[{"href":"https:\/\/www.deberes.net\/tesis\/wp-json\/wp\/v2\/types\/post"}],"author":[{"embeddable":true,"href":"https:\/\/www.deberes.net\/tesis\/wp-json\/wp\/v2\/users\/1"}],"replies":[{"embeddable":true,"href":"https:\/\/www.deberes.net\/tesis\/wp-json\/wp\/v2\/comments?post=61137"}],"version-history":[{"count":0,"href":"https:\/\/www.deberes.net\/tesis\/wp-json\/wp\/v2\/posts\/61137\/revisions"}],"wp:attachment":[{"href":"https:\/\/www.deberes.net\/tesis\/wp-json\/wp\/v2\/media?parent=61137"}],"wp:term":[{"taxonomy":"category","embeddable":true,"href":"https:\/\/www.deberes.net\/tesis\/wp-json\/wp\/v2\/categories?post=61137"},{"taxonomy":"post_tag","embeddable":true,"href":"https:\/\/www.deberes.net\/tesis\/wp-json\/wp\/v2\/tags?post=61137"}],"curies":[{"name":"wp","href":"https:\/\/api.w.org\/{rel}","templated":true}]}}