{"id":61138,"date":"2018-03-09T22:48:58","date_gmt":"2018-03-09T22:48:58","guid":{"rendered":"https:\/\/www.deberes.net\/tesis\/sin-categoria\/un-estudio-de-los-efectos-de-difusion-multiple-sobre-la-radiacion-difundida-por-agregados-de-parta%c2%adculas\/"},"modified":"2018-03-09T22:48:58","modified_gmt":"2018-03-09T22:48:58","slug":"un-estudio-de-los-efectos-de-difusion-multiple-sobre-la-radiacion-difundida-por-agregados-de-parta%c2%adculas","status":"publish","type":"post","link":"https:\/\/www.deberes.net\/tesis\/optica\/un-estudio-de-los-efectos-de-difusion-multiple-sobre-la-radiacion-difundida-por-agregados-de-parta%c2%adculas\/","title":{"rendered":"Un estudio de los efectos de difusi\u00f3n m\u00faltiple sobre la radiaci\u00f3n difundida por agregados de part\u00edculas"},"content":{"rendered":"<h2>Tesis doctoral de <strong> Olivier Merchiers <\/strong><\/h2>\n<p>En esta tesis abordamos dos aspectos de la difusi\u00f3n de luz en distintos sistemas difusores: por una parte la intensidad y polarizaci\u00f3n media y pro otra parte la estad\u00edstica. el objetivo principal es el estudio del efecto de la difusi\u00f3n m\u00faltiple sobre las propiedades de la luz difundida.  prestamos especial inter\u00e9s al estudio de la intensidad, la polarizaci\u00f3n y las fluctuaciones estad\u00edsticas de la intensidad y polarizaci\u00f3n. Con el fin de extraer con cierta facilidad la f\u00edsica del problema planteado, se analizan agregados simples de dos y tres part\u00edculas esf\u00e9ricas con tama\u00f1o mucho menor que la longitud de onda. Se estudia la evoluci\u00f3n de la estad\u00edstica utilizando distintos par\u00e1metros tales como la funci\u00f3n de densidad de probabilidad, los segundos momentos factoriales, el grado de polarizaci\u00f3n lineal, etc.., En funci\u00f3n de las propiedades \u00f3pticas y morfol\u00f3gicas de los agregados. hemos estudiado en profundidad los fen\u00f3menos de resonancia presentes en sistemas de agregados simples. Vimos que estas resonancias pueden inducir fen\u00f3menos de coherencia como la rama de polarizaci\u00f3n negativa en el coeficiente de polarizaci\u00f3n lineal, obtenido en medidas astron\u00f3micas y terrestres. Tambi\u00e9n se han generalizado el m\u00e9todo para part\u00edculas con propiedades magn\u00e9ticas. En particular, son muy interesantes las propiedades de difusi\u00f3n que tienen las part\u00edculas magn\u00e9ticas puntuales como la posibilidad de reducir a cero la difusi\u00f3n hac\u00eda adelante o la retrodifusi\u00f3n. Se ha estudiado como la difusi\u00f3n m\u00faltiple se ve afectada por estos fen\u00f3menos, mirando un sistema difusor constituido por dos part\u00edculas puntuales id\u00e9nticas a distancia fija y posiciones fijas frente al campo incidente. De la misma forma que se estudi\u00f3 en el caso de part\u00edculas con propiedades \u00f3pticas puramente el\u00e9ctricas, se investig\u00f3 el espectro de resonancias para part\u00edculas magn\u00e9ticas.  se estudi\u00f3 la influencia de las nuevas resonancias sobre la rama de polarizaci\u00f3n negativa.<\/p>\n<p>&nbsp;<\/p>\n<h3>Datos acad\u00e9micos de la tesis doctoral \u00ab<strong>Un estudio de los efectos de difusi\u00f3n m\u00faltiple sobre la radiaci\u00f3n difundida por agregados de part\u00edculas<\/strong>\u00ab<\/h3>\n<ul>\n<li><strong>T\u00edtulo de la tesis:<\/strong>\u00a0 Un estudio de los efectos de difusi\u00f3n m\u00faltiple sobre la radiaci\u00f3n difundida por agregados de part\u00edculas <\/li>\n<li><strong>Autor:<\/strong>\u00a0 Olivier Merchiers <\/li>\n<li><strong>Universidad:<\/strong>\u00a0 Cantabria<\/li>\n<li><strong>Fecha de lectura de la tesis:<\/strong>\u00a0 30\/10\/2007<\/li>\n<\/ul>\n<p>&nbsp;<\/p>\n<h3>Direcci\u00f3n y tribunal<\/h3>\n<ul>\n<li><strong>Director de la tesis<\/strong>\n<ul>\n<li>Francisco Gonz\u00e1lez Fernandez<\/li>\n<\/ul>\n<\/li>\n<li><strong>Tribunal<\/strong>\n<ul>\n<li>Presidente del tribunal: Manuel Nieto Vesperinas <\/li>\n<li>Rodolphe Vaillon (vocal)<\/li>\n<li>Pinar Menguc M. (vocal)<\/li>\n<li>Fernando Moren Danvila (vocal)<\/li>\n<\/ul>\n<\/li>\n<\/ul>\n<p>&nbsp;<\/p>\n","protected":false},"excerpt":{"rendered":"<p>Tesis doctoral de Olivier Merchiers En esta tesis abordamos dos aspectos de la difusi\u00f3n de luz en distintos sistemas difusores: [&hellip;]<\/p>\n","protected":false},"author":1,"featured_media":0,"comment_status":"open","ping_status":"open","sticky":false,"template":"","format":"standard","meta":{"site-sidebar-layout":"default","site-content-layout":"","ast-site-content-layout":"","site-content-style":"default","site-sidebar-style":"default","ast-global-header-display":"","ast-banner-title-visibility":"","ast-main-header-display":"","ast-hfb-above-header-display":"","ast-hfb-below-header-display":"","ast-hfb-mobile-header-display":"","site-post-title":"","ast-breadcrumbs-content":"","ast-featured-img":"","footer-sml-layout":"","theme-transparent-header-meta":"","adv-header-id-meta":"","stick-header-meta":"","header-above-stick-meta":"","header-main-stick-meta":"","header-below-stick-meta":"","astra-migrate-meta-layouts":"default","ast-page-background-enabled":"default","ast-page-background-meta":{"desktop":{"background-color":"var(--ast-global-color-4)","background-image":"","background-repeat":"repeat","background-position":"center center","background-size":"auto","background-attachment":"scroll","background-type":"","background-media":"","overlay-type":"","overlay-color":"","overlay-gradient":""},"tablet":{"background-color":"","background-image":"","background-repeat":"repeat","background-position":"center center","background-size":"auto","background-attachment":"scroll","background-type":"","background-media":"","overlay-type":"","overlay-color":"","overlay-gradient":""},"mobile":{"background-color":"","background-image":"","background-repeat":"repeat","background-position":"center center","background-size":"auto","background-attachment":"scroll","background-type":"","background-media":"","overlay-type":"","overlay-color":"","overlay-gradient":""}},"ast-content-background-meta":{"desktop":{"background-color":"var(--ast-global-color-5)","background-image":"","background-repeat":"repeat","background-position":"center center","background-size":"auto","background-attachment":"scroll","background-type":"","background-media":"","overlay-type":"","overlay-color":"","overlay-gradient":""},"tablet":{"background-color":"var(--ast-global-color-5)","background-image":"","background-repeat":"repeat","background-position":"center center","background-size":"auto","background-attachment":"scroll","background-type":"","background-media":"","overlay-type":"","overlay-color":"","overlay-gradient":""},"mobile":{"background-color":"var(--ast-global-color-5)","background-image":"","background-repeat":"repeat","background-position":"center center","background-size":"auto","background-attachment":"scroll","background-type":"","background-media":"","overlay-type":"","overlay-color":"","overlay-gradient":""}},"footnotes":""},"categories":[10518,1525],"tags":[135063,29118,15217,135060,135062,135061],"class_list":["post-61138","post","type-post","status-publish","format-standard","hentry","category-cantabria","category-optica","tag-fernando-moren-danvila","tag-francisco-gonzalez-fernandez","tag-manuel-nieto-vesperinas","tag-olivier-merchiers","tag-pinar-menguc-m","tag-rodolphe-vaillon"],"_links":{"self":[{"href":"https:\/\/www.deberes.net\/tesis\/wp-json\/wp\/v2\/posts\/61138","targetHints":{"allow":["GET"]}}],"collection":[{"href":"https:\/\/www.deberes.net\/tesis\/wp-json\/wp\/v2\/posts"}],"about":[{"href":"https:\/\/www.deberes.net\/tesis\/wp-json\/wp\/v2\/types\/post"}],"author":[{"embeddable":true,"href":"https:\/\/www.deberes.net\/tesis\/wp-json\/wp\/v2\/users\/1"}],"replies":[{"embeddable":true,"href":"https:\/\/www.deberes.net\/tesis\/wp-json\/wp\/v2\/comments?post=61138"}],"version-history":[{"count":0,"href":"https:\/\/www.deberes.net\/tesis\/wp-json\/wp\/v2\/posts\/61138\/revisions"}],"wp:attachment":[{"href":"https:\/\/www.deberes.net\/tesis\/wp-json\/wp\/v2\/media?parent=61138"}],"wp:term":[{"taxonomy":"category","embeddable":true,"href":"https:\/\/www.deberes.net\/tesis\/wp-json\/wp\/v2\/categories?post=61138"},{"taxonomy":"post_tag","embeddable":true,"href":"https:\/\/www.deberes.net\/tesis\/wp-json\/wp\/v2\/tags?post=61138"}],"curies":[{"name":"wp","href":"https:\/\/api.w.org\/{rel}","templated":true}]}}