{"id":61180,"date":"2018-03-09T22:49:03","date_gmt":"2018-03-09T22:49:03","guid":{"rendered":"https:\/\/www.deberes.net\/tesis\/sin-categoria\/inmigracion-y-aprendizaje-del-espanol-el-reto-de-la-integracion\/"},"modified":"2018-03-09T22:49:03","modified_gmt":"2018-03-09T22:49:03","slug":"inmigracion-y-aprendizaje-del-espanol-el-reto-de-la-integracion","status":"publish","type":"post","link":"https:\/\/www.deberes.net\/tesis\/ensenanza-de-lenguas\/inmigracion-y-aprendizaje-del-espanol-el-reto-de-la-integracion\/","title":{"rendered":"Inmigracion y aprendizaje del espa\u00f1ol: el reto de la integracion"},"content":{"rendered":"<h2>Tesis doctoral de <strong> Miriam Calvo Rodriguez <\/strong><\/h2>\n<p>Inmigraci\u00f3n y aprendizaje del espa\u00f1ol: el reto de la integraci\u00f3n surge para intentar dar respuesta a una situaci\u00f3n apremiante, compleja y, en cierto modo, relegada a un segundo plano: la ense\u00f1anza de espa\u00f1ol a inmigrantes adultos alfabetizados.  el objetivo principal de este trabajo es la elaboraci\u00f3n de una programaci\u00f3n completa (a1, a2, b1, b2, c1 y c2) que siga fielmente las directrices del mcer y que est\u00e9 dirigida a la ense\u00f1anza de la lengua y la cultura espa\u00f1olas a inmigrantes adultos que han sido alfabetizados en su lengua materna, o en una segunda lengua, y que desconozcan el espa\u00f1ol.  entre los objetivos secundarios est\u00e1n:  &#8211;\tconseguir la integraci\u00f3n al proporcionar al alumno una programaci\u00f3n de un curso completo donde, no s\u00f3lo se cubran las necesidades inmediatas relacionadas con la b\u00fasqueda de empleo o con la cumplimentaci\u00f3n de documentos, sino que se ofrezca al alumno la posibilidad de alcanzar un nivel verdaderamente alto de espa\u00f1ol. &#8211;\tfacilitar el conocimiento intercultural, cuyos objetivos son, por un lado, evitar el choque cultural y, por otro, favorecer el entendimiento y el respeto hacia otras culturas. &#8211;\tpermitir la movilidad \u00c2\u00bftanto dentro como fuera de espa\u00f1a- al proponer un curso que sigue los objetivos del mcer para cada uno de los niveles. As\u00ed los estudiantes podr\u00e1n mostrar una certificaci\u00f3n en todo momento de su conocimiento del idioma y, en caso de traslado, podr\u00edan continuar el curso en otro lugar. Aparte de esto, tener un certificado homologado les puede facilitar el acceso a un puesto de trabajo mejor. &#8211;\tasimismo, al tener hijos, que los padres conozcan la lengua  y la cultura espa\u00f1olas facilitar\u00e1 tambi\u00e9n el aprendizaje de los ni\u00f1os y el respeto hacia la lengua y la cultura del pa\u00eds de acogida. &#8211;\tofrecer una programaci\u00f3n ideal que sirva de referencia para aquellos que tengan que impartir un curso de espa\u00f1ol para inmigrantes adultos alfabetizados. &#8211;\tidear asimismo una serie de actividades interculturales que puedan servir de apoyo en las clases de espa\u00f1ol para inmigrantes adultos alfabetizados. &#8211;\ty, por \u00faltimo, proporcionar un nuevo modelo de ense\u00f1anza\/aprendizaje de una l2.<\/p>\n<p>&nbsp;<\/p>\n<h3>Datos acad\u00e9micos de la tesis doctoral \u00ab<strong>Inmigracion y aprendizaje del espa\u00f1ol: el reto de la integracion<\/strong>\u00ab<\/h3>\n<ul>\n<li><strong>T\u00edtulo de la tesis:<\/strong>\u00a0 Inmigracion y aprendizaje del espa\u00f1ol: el reto de la integracion <\/li>\n<li><strong>Autor:<\/strong>\u00a0 Miriam Calvo Rodriguez <\/li>\n<li><strong>Universidad:<\/strong>\u00a0 Alcal\u00e1<\/li>\n<li><strong>Fecha de lectura de la tesis:<\/strong>\u00a0 31\/10\/2007<\/li>\n<\/ul>\n<p>&nbsp;<\/p>\n<h3>Direcci\u00f3n y tribunal<\/h3>\n<ul>\n<li><strong>Director de la tesis<\/strong>\n<ul>\n<li>M\u00aa. Angeles \u00e1lvarez Mart\u00ednez<\/li>\n<\/ul>\n<\/li>\n<li><strong>Tribunal<\/strong>\n<ul>\n<li>Presidente del tribunal: Jos\u00e9 Antonio Martinez garcia <\/li>\n<li>Mar\u00eda teresa C\u00e1ceres lorenzo (vocal)<\/li>\n<li>Rafael Rodriguez-ponga salamanca (vocal)<\/li>\n<li>Juan  pedro Basterrechea (vocal)<\/li>\n<\/ul>\n<\/li>\n<\/ul>\n<p>&nbsp;<\/p>\n","protected":false},"excerpt":{"rendered":"<p>Tesis doctoral de Miriam Calvo Rodriguez Inmigraci\u00f3n y aprendizaje del espa\u00f1ol: el reto de la integraci\u00f3n surge para intentar dar [&hellip;]<\/p>\n","protected":false},"author":1,"featured_media":0,"comment_status":"open","ping_status":"open","sticky":false,"template":"","format":"standard","meta":{"site-sidebar-layout":"default","site-content-layout":"","ast-site-content-layout":"","site-content-style":"default","site-sidebar-style":"default","ast-global-header-display":"","ast-banner-title-visibility":"","ast-main-header-display":"","ast-hfb-above-header-display":"","ast-hfb-below-header-display":"","ast-hfb-mobile-header-display":"","site-post-title":"","ast-breadcrumbs-content":"","ast-featured-img":"","footer-sml-layout":"","theme-transparent-header-meta":"","adv-header-id-meta":"","stick-header-meta":"","header-above-stick-meta":"","header-main-stick-meta":"","header-below-stick-meta":"","astra-migrate-meta-layouts":"default","ast-page-background-enabled":"default","ast-page-background-meta":{"desktop":{"background-color":"var(--ast-global-color-4)","background-image":"","background-repeat":"repeat","background-position":"center center","background-size":"auto","background-attachment":"scroll","background-type":"","background-media":"","overlay-type":"","overlay-color":"","overlay-gradient":""},"tablet":{"background-color":"","background-image":"","background-repeat":"repeat","background-position":"center center","background-size":"auto","background-attachment":"scroll","background-type":"","background-media":"","overlay-type":"","overlay-color":"","overlay-gradient":""},"mobile":{"background-color":"","background-image":"","background-repeat":"repeat","background-position":"center center","background-size":"auto","background-attachment":"scroll","background-type":"","background-media":"","overlay-type":"","overlay-color":"","overlay-gradient":""}},"ast-content-background-meta":{"desktop":{"background-color":"var(--ast-global-color-5)","background-image":"","background-repeat":"repeat","background-position":"center center","background-size":"auto","background-attachment":"scroll","background-type":"","background-media":"","overlay-type":"","overlay-color":"","overlay-gradient":""},"tablet":{"background-color":"var(--ast-global-color-5)","background-image":"","background-repeat":"repeat","background-position":"center center","background-size":"auto","background-attachment":"scroll","background-type":"","background-media":"","overlay-type":"","overlay-color":"","overlay-gradient":""},"mobile":{"background-color":"var(--ast-global-color-5)","background-image":"","background-repeat":"repeat","background-position":"center center","background-size":"auto","background-attachment":"scroll","background-type":"","background-media":"","overlay-type":"","overlay-color":"","overlay-gradient":""}},"footnotes":""},"categories":[17426,1891],"tags":[126149,135144,38204,135142,8959,135143],"class_list":["post-61180","post","type-post","status-publish","format-standard","hentry","category-alcala","category-ensenanza-de-lenguas","tag-jose-antonio-Martinez-garcia","tag-juan-pedro-basterrechea","tag-maria-teresa-caceres-lorenzo","tag-miriam-calvo-rodriguez","tag-ma-angeles-alvarez-Martinez","tag-rafael-rodriguez-ponga-salamanca"],"_links":{"self":[{"href":"https:\/\/www.deberes.net\/tesis\/wp-json\/wp\/v2\/posts\/61180","targetHints":{"allow":["GET"]}}],"collection":[{"href":"https:\/\/www.deberes.net\/tesis\/wp-json\/wp\/v2\/posts"}],"about":[{"href":"https:\/\/www.deberes.net\/tesis\/wp-json\/wp\/v2\/types\/post"}],"author":[{"embeddable":true,"href":"https:\/\/www.deberes.net\/tesis\/wp-json\/wp\/v2\/users\/1"}],"replies":[{"embeddable":true,"href":"https:\/\/www.deberes.net\/tesis\/wp-json\/wp\/v2\/comments?post=61180"}],"version-history":[{"count":0,"href":"https:\/\/www.deberes.net\/tesis\/wp-json\/wp\/v2\/posts\/61180\/revisions"}],"wp:attachment":[{"href":"https:\/\/www.deberes.net\/tesis\/wp-json\/wp\/v2\/media?parent=61180"}],"wp:term":[{"taxonomy":"category","embeddable":true,"href":"https:\/\/www.deberes.net\/tesis\/wp-json\/wp\/v2\/categories?post=61180"},{"taxonomy":"post_tag","embeddable":true,"href":"https:\/\/www.deberes.net\/tesis\/wp-json\/wp\/v2\/tags?post=61180"}],"curies":[{"name":"wp","href":"https:\/\/api.w.org\/{rel}","templated":true}]}}