{"id":61197,"date":"2007-05-11T00:00:00","date_gmt":"2007-05-11T00:00:00","guid":{"rendered":"https:\/\/www.deberes.net\/tesis\/sin-categoria\/aplicaciones-de-la-energia-solar-al-tratamiento-termico-en-suelos-de-invernadero\/"},"modified":"2007-05-11T00:00:00","modified_gmt":"2007-05-11T00:00:00","slug":"aplicaciones-de-la-energia-solar-al-tratamiento-termico-en-suelos-de-invernadero","status":"publish","type":"post","link":"https:\/\/www.deberes.net\/tesis\/cordoba\/aplicaciones-de-la-energia-solar-al-tratamiento-termico-en-suelos-de-invernadero\/","title":{"rendered":"Aplicaciones de la energia solar al tratamiento termico en suelos de invernadero"},"content":{"rendered":"<h2>Tesis doctoral de <strong>  Perez De Los Reyes Mar\u00eda  Caridad <\/strong><\/h2>\n<p>El cultivo bajo invernadero ofrece problemas de aparici\u00f3n repetitiva de pat\u00f3genos en el suelo que pueden hacer peligrar la viabilidad de la producci\u00f3n. Los m\u00e9todos de control f\u00edsico de pat\u00f3genos, como la solarizaci\u00f3n y los tratamientos con vapor de agua, se han manifestado en ensayos realizados por diversos pat\u00f3logos como una eficaz soluci\u00f3n a los problemas agron\u00f3micos y medio ambientales producidos por el uso de tratamientos qu\u00edmicos. La solarizaci\u00f3n consiste en mantener durante 6 a 8 semanas el suelo a temperaturas pr\u00f3ximas a los 45\u00c2\u00bac en la \u00e9poca estival de m\u00e1xima insolaci\u00f3n, usando par ello l\u00e1minas de pl\u00e1stico transparente. De esta forma se eliminan la mayor parte de los pat\u00f3genos del suelo sin afectar a la microflora y microfauna auxiliares del mismo. la desinfestaci\u00f3n con vapor de agua elimina todos los pat\u00f3genos del suelo. Sin embargo, temperaturas por encima de 82\u00c2\u00bac pueden causar problemas agron\u00f3micos y patol\u00f3gicos  en el mismo, aunque el principal inconveniente de este m\u00e9todo es su alto coste econ\u00f3mico y energ\u00e9tico.     en esta tesis doctoral se demuestra que el uso de energ\u00eda solar activa disminuye las limitaciones delos sistemas de tratamiento del suelo por solarizaci\u00f3n y vapor de agua por las siguientes razones:     * los panes solares planos y los concertadores cil\u00edndrico-parab\u00f3licos disminuyen el tiempo invertido en el tratamiento por somatizaci\u00f3n, evitan dejar la parcela improductiva e a\u00f1o en que se realiza el tratamiento y permiten la elecci\u00f3n dela fecha de tratamiento por parte del agricultor y el uso de estas t\u00e9cnicas en meses no h\u00e1biles para el tratamiento solar pasivo.     * el uso de energ\u00eda solar t\u00e9rmica activa, mediante paneles solares planos y concertadores cil\u00edndrico parab\u00f3licos, supone un ahorro de energ\u00eda convencionales y minimiza el impacto medio ambiental producido por su utilizaci\u00f3n.     el desarrollo tecnol\u00f3gico de nuevos sistemas de control de pat\u00f3genos compatibles con la conservaci<\/p>\n<p>&nbsp;<\/p>\n<h3>Datos acad\u00e9micos de la tesis doctoral \u00ab<strong>Aplicaciones de la energia solar al tratamiento termico en suelos de invernadero<\/strong>\u00ab<\/h3>\n<ul>\n<li><strong>T\u00edtulo de la tesis:<\/strong>\u00a0 Aplicaciones de la energia solar al tratamiento termico en suelos de invernadero <\/li>\n<li><strong>Autor:<\/strong>\u00a0  Perez De Los Reyes Mar\u00eda  Caridad <\/li>\n<li><strong>Universidad:<\/strong>\u00a0 C\u00f3rdoba<\/li>\n<li><strong>Fecha de lectura de la tesis:<\/strong>\u00a0 05\/11\/2007<\/li>\n<\/ul>\n<p>&nbsp;<\/p>\n<h3>Direcci\u00f3n y tribunal<\/h3>\n<ul>\n<li><strong>Director de la tesis<\/strong>\n<ul>\n<li>Francisco Montes Tubio<\/li>\n<\/ul>\n<\/li>\n<li><strong>Tribunal<\/strong>\n<ul>\n<li>Presidente del tribunal: Manuel S\u00e1nchez De La Orden <\/li>\n<li>Javier Muniozguren Colindres (vocal)<\/li>\n<li>Mar\u00eda  Jes\u00fas Aguilera Ure\u00f1a (vocal)<\/li>\n<li>Jos\u00e9 Martinez Garcia (vocal)<\/li>\n<\/ul>\n<\/li>\n<\/ul>\n<p>&nbsp;<\/p>\n","protected":false},"excerpt":{"rendered":"<p>Tesis doctoral de Perez De Los Reyes Mar\u00eda Caridad El cultivo bajo invernadero ofrece problemas de aparici\u00f3n repetitiva de pat\u00f3genos [&hellip;]<\/p>\n","protected":false},"author":1,"featured_media":0,"comment_status":"open","ping_status":"open","sticky":false,"template":"","format":"standard","meta":{"site-sidebar-layout":"default","site-content-layout":"","ast-site-content-layout":"","site-content-style":"default","site-sidebar-style":"default","ast-global-header-display":"","ast-banner-title-visibility":"","ast-main-header-display":"","ast-hfb-above-header-display":"","ast-hfb-below-header-display":"","ast-hfb-mobile-header-display":"","site-post-title":"","ast-breadcrumbs-content":"","ast-featured-img":"","footer-sml-layout":"","theme-transparent-header-meta":"","adv-header-id-meta":"","stick-header-meta":"","header-above-stick-meta":"","header-main-stick-meta":"","header-below-stick-meta":"","astra-migrate-meta-layouts":"default","ast-page-background-enabled":"default","ast-page-background-meta":{"desktop":{"background-color":"var(--ast-global-color-4)","background-image":"","background-repeat":"repeat","background-position":"center center","background-size":"auto","background-attachment":"scroll","background-type":"","background-media":"","overlay-type":"","overlay-color":"","overlay-gradient":""},"tablet":{"background-color":"","background-image":"","background-repeat":"repeat","background-position":"center center","background-size":"auto","background-attachment":"scroll","background-type":"","background-media":"","overlay-type":"","overlay-color":"","overlay-gradient":""},"mobile":{"background-color":"","background-image":"","background-repeat":"repeat","background-position":"center center","background-size":"auto","background-attachment":"scroll","background-type":"","background-media":"","overlay-type":"","overlay-color":"","overlay-gradient":""}},"ast-content-background-meta":{"desktop":{"background-color":"var(--ast-global-color-5)","background-image":"","background-repeat":"repeat","background-position":"center center","background-size":"auto","background-attachment":"scroll","background-type":"","background-media":"","overlay-type":"","overlay-color":"","overlay-gradient":""},"tablet":{"background-color":"var(--ast-global-color-5)","background-image":"","background-repeat":"repeat","background-position":"center center","background-size":"auto","background-attachment":"scroll","background-type":"","background-media":"","overlay-type":"","overlay-color":"","overlay-gradient":""},"mobile":{"background-color":"var(--ast-global-color-5)","background-image":"","background-repeat":"repeat","background-position":"center center","background-size":"auto","background-attachment":"scroll","background-type":"","background-media":"","overlay-type":"","overlay-color":"","overlay-gradient":""}},"footnotes":""},"categories":[973,1995],"tags":[38284,13374,57819,2267,46968,135183],"class_list":["post-61197","post","type-post","status-publish","format-standard","hentry","category-cordoba","category-tecnicas-de-cultivo","tag-francisco-montes-tubio","tag-javier-muniozguren-colindres","tag-jose-Martinez-garcia","tag-manuel-sanchez-de-la-orden","tag-maria-jesus-aguilera-urena","tag-perez-de-los-reyes-maria-caridad"],"_links":{"self":[{"href":"https:\/\/www.deberes.net\/tesis\/wp-json\/wp\/v2\/posts\/61197","targetHints":{"allow":["GET"]}}],"collection":[{"href":"https:\/\/www.deberes.net\/tesis\/wp-json\/wp\/v2\/posts"}],"about":[{"href":"https:\/\/www.deberes.net\/tesis\/wp-json\/wp\/v2\/types\/post"}],"author":[{"embeddable":true,"href":"https:\/\/www.deberes.net\/tesis\/wp-json\/wp\/v2\/users\/1"}],"replies":[{"embeddable":true,"href":"https:\/\/www.deberes.net\/tesis\/wp-json\/wp\/v2\/comments?post=61197"}],"version-history":[{"count":0,"href":"https:\/\/www.deberes.net\/tesis\/wp-json\/wp\/v2\/posts\/61197\/revisions"}],"wp:attachment":[{"href":"https:\/\/www.deberes.net\/tesis\/wp-json\/wp\/v2\/media?parent=61197"}],"wp:term":[{"taxonomy":"category","embeddable":true,"href":"https:\/\/www.deberes.net\/tesis\/wp-json\/wp\/v2\/categories?post=61197"},{"taxonomy":"post_tag","embeddable":true,"href":"https:\/\/www.deberes.net\/tesis\/wp-json\/wp\/v2\/tags?post=61197"}],"curies":[{"name":"wp","href":"https:\/\/api.w.org\/{rel}","templated":true}]}}