{"id":61241,"date":"2007-08-11T00:00:00","date_gmt":"2007-08-11T00:00:00","guid":{"rendered":"https:\/\/www.deberes.net\/tesis\/sin-categoria\/los-proyectos-de-mejoramiento-educativo-estudio-y-analisis-de-su-efectividad-en-las-escuelas-de-la-provincia-de-bio-bio\/"},"modified":"2007-08-11T00:00:00","modified_gmt":"2007-08-11T00:00:00","slug":"los-proyectos-de-mejoramiento-educativo-estudio-y-analisis-de-su-efectividad-en-las-escuelas-de-la-provincia-de-bio-bio","status":"publish","type":"post","link":"https:\/\/www.deberes.net\/tesis\/metodos-pedagogicos\/los-proyectos-de-mejoramiento-educativo-estudio-y-analisis-de-su-efectividad-en-las-escuelas-de-la-provincia-de-bio-bio\/","title":{"rendered":"Los proyectos de mejoramiento educativo, estudio y an\u00e1lisis de su efectividad en las escuelas de la provincia de bio-bio"},"content":{"rendered":"<h2>Tesis doctoral de <strong>  Povea V\u00e9jar Mar\u00eda Violeta <\/strong><\/h2>\n<p>&nbsp;<\/p>\n<h3>Datos acad\u00e9micos de la tesis doctoral \u00ab<strong>Los proyectos de mejoramiento educativo, estudio y an\u00e1lisis de su efectividad en las escuelas de la provincia de bio-bio<\/strong>\u00ab<\/h3>\n<ul>\n<li><strong>T\u00edtulo de la tesis:<\/strong>\u00a0 Los proyectos de mejoramiento educativo, estudio y an\u00e1lisis de su efectividad en las escuelas de la provincia de bio-bio <\/li>\n<li><strong>Autor:<\/strong>\u00a0  Povea V\u00e9jar Mar\u00eda Violeta <\/li>\n<li><strong>Universidad:<\/strong>\u00a0 Sevilla<\/li>\n<li><strong>Fecha de lectura de la tesis:<\/strong>\u00a0 08\/11\/2007<\/li>\n<\/ul>\n<p>&nbsp;<\/p>\n<h3>Direcci\u00f3n y tribunal<\/h3>\n<ul>\n<li><strong>Director de la tesis<\/strong>\n<ul>\n<li>Paulino Murillo Estepa<\/li>\n<\/ul>\n<\/li>\n<li><strong>Tribunal<\/strong>\n<ul>\n<li>Presidente del tribunal: Carlos Marcelo Garc\u00eda <\/li>\n<li>Carmen Armengol Asparo (vocal)<\/li>\n<li>Virginia P\u00e9rez-sostoa Gaztelu-urrutia (vocal)<\/li>\n<li>Pedro Moises Aramendi Jauregui (vocal)<\/li>\n<\/ul>\n<\/li>\n<\/ul>\n<p>&nbsp;<\/p>\n","protected":false},"excerpt":{"rendered":"<p>Tesis doctoral de Povea V\u00e9jar Mar\u00eda Violeta &nbsp; Datos acad\u00e9micos de la tesis doctoral \u00abLos proyectos de mejoramiento educativo, estudio [&hellip;]<\/p>\n","protected":false},"author":1,"featured_media":0,"comment_status":"open","ping_status":"open","sticky":false,"template":"","format":"standard","meta":{"site-sidebar-layout":"default","site-content-layout":"","ast-site-content-layout":"","site-content-style":"default","site-sidebar-style":"default","ast-global-header-display":"","ast-banner-title-visibility":"","ast-main-header-display":"","ast-hfb-above-header-display":"","ast-hfb-below-header-display":"","ast-hfb-mobile-header-display":"","site-post-title":"","ast-breadcrumbs-content":"","ast-featured-img":"","footer-sml-layout":"","theme-transparent-header-meta":"","adv-header-id-meta":"","stick-header-meta":"","header-above-stick-meta":"","header-main-stick-meta":"","header-below-stick-meta":"","astra-migrate-meta-layouts":"default","ast-page-background-enabled":"default","ast-page-background-meta":{"desktop":{"background-color":"var(--ast-global-color-4)","background-image":"","background-repeat":"repeat","background-position":"center center","background-size":"auto","background-attachment":"scroll","background-type":"","background-media":"","overlay-type":"","overlay-color":"","overlay-gradient":""},"tablet":{"background-color":"","background-image":"","background-repeat":"repeat","background-position":"center center","background-size":"auto","background-attachment":"scroll","background-type":"","background-media":"","overlay-type":"","overlay-color":"","overlay-gradient":""},"mobile":{"background-color":"","background-image":"","background-repeat":"repeat","background-position":"center center","background-size":"auto","background-attachment":"scroll","background-type":"","background-media":"","overlay-type":"","overlay-color":"","overlay-gradient":""}},"ast-content-background-meta":{"desktop":{"background-color":"var(--ast-global-color-5)","background-image":"","background-repeat":"repeat","background-position":"center center","background-size":"auto","background-attachment":"scroll","background-type":"","background-media":"","overlay-type":"","overlay-color":"","overlay-gradient":""},"tablet":{"background-color":"var(--ast-global-color-5)","background-image":"","background-repeat":"repeat","background-position":"center center","background-size":"auto","background-attachment":"scroll","background-type":"","background-media":"","overlay-type":"","overlay-color":"","overlay-gradient":""},"mobile":{"background-color":"var(--ast-global-color-5)","background-image":"","background-repeat":"repeat","background-position":"center center","background-size":"auto","background-attachment":"scroll","background-type":"","background-media":"","overlay-type":"","overlay-color":"","overlay-gradient":""}},"footnotes":""},"categories":[2233,7611,10715],"tags":[26637,62242,103774,95571,135292,135293],"class_list":["post-61241","post","type-post","status-publish","format-standard","hentry","category-metodos-pedagogicos","category-organizacion-y-direccion-de-las-instituciones-educativas","category-sevilla","tag-carlos-marcelo-garcia","tag-carmen-armengol-asparo","tag-paulino-murillo-estepa","tag-pedro-moises-aramendi-jauregui","tag-povea-vejar-maria-violeta","tag-virginia-perez-sostoa-gaztelu-urrutia"],"_links":{"self":[{"href":"https:\/\/www.deberes.net\/tesis\/wp-json\/wp\/v2\/posts\/61241","targetHints":{"allow":["GET"]}}],"collection":[{"href":"https:\/\/www.deberes.net\/tesis\/wp-json\/wp\/v2\/posts"}],"about":[{"href":"https:\/\/www.deberes.net\/tesis\/wp-json\/wp\/v2\/types\/post"}],"author":[{"embeddable":true,"href":"https:\/\/www.deberes.net\/tesis\/wp-json\/wp\/v2\/users\/1"}],"replies":[{"embeddable":true,"href":"https:\/\/www.deberes.net\/tesis\/wp-json\/wp\/v2\/comments?post=61241"}],"version-history":[{"count":0,"href":"https:\/\/www.deberes.net\/tesis\/wp-json\/wp\/v2\/posts\/61241\/revisions"}],"wp:attachment":[{"href":"https:\/\/www.deberes.net\/tesis\/wp-json\/wp\/v2\/media?parent=61241"}],"wp:term":[{"taxonomy":"category","embeddable":true,"href":"https:\/\/www.deberes.net\/tesis\/wp-json\/wp\/v2\/categories?post=61241"},{"taxonomy":"post_tag","embeddable":true,"href":"https:\/\/www.deberes.net\/tesis\/wp-json\/wp\/v2\/tags?post=61241"}],"curies":[{"name":"wp","href":"https:\/\/api.w.org\/{rel}","templated":true}]}}