{"id":61286,"date":"2007-09-11T00:00:00","date_gmt":"2007-09-11T00:00:00","guid":{"rendered":"https:\/\/www.deberes.net\/tesis\/sin-categoria\/la-comunicacion-de-las-marcas-universitarias-espanolas-a-traves-de-sus-sedes-webs-institucionales\/"},"modified":"2007-09-11T00:00:00","modified_gmt":"2007-09-11T00:00:00","slug":"la-comunicacion-de-las-marcas-universitarias-espanolas-a-traves-de-sus-sedes-webs-institucionales","status":"publish","type":"post","link":"https:\/\/www.deberes.net\/tesis\/extremadura\/la-comunicacion-de-las-marcas-universitarias-espanolas-a-traves-de-sus-sedes-webs-institucionales\/","title":{"rendered":"La comunicaci\u00f3n de las marcas universitarias espa\u00f1olas a trav\u00e9s de sus sedes webs institucionales"},"content":{"rendered":"<h2>Tesis doctoral de <strong> Ana Castillo D\u00edaz <\/strong><\/h2>\n<p>Todas las universidades espa\u00f1olas, sin excepci\u00f3n, cuentan con una sede web institucional en las que ofrecen informaci\u00f3n sobre sus marcas y en las que algunos incluso, prestan alg\u00fan servicio. Todo lo que las universidades hacen y dicen en estos soportes influye en su imagen y su regulaci\u00f3n.  esta tesis propone un modelo para evaluar la comunicaci\u00f3n que las universidades realizan en sus redes webs institucionales.<\/p>\n<p>&nbsp;<\/p>\n<h3>Datos acad\u00e9micos de la tesis doctoral \u00ab<strong>La comunicaci\u00f3n de las marcas universitarias espa\u00f1olas a trav\u00e9s de sus sedes webs institucionales<\/strong>\u00ab<\/h3>\n<ul>\n<li><strong>T\u00edtulo de la tesis:<\/strong>\u00a0 La comunicaci\u00f3n de las marcas universitarias espa\u00f1olas a trav\u00e9s de sus sedes webs institucionales <\/li>\n<li><strong>Autor:<\/strong>\u00a0 Ana Castillo D\u00edaz <\/li>\n<li><strong>Universidad:<\/strong>\u00a0 Extremadura<\/li>\n<li><strong>Fecha de lectura de la tesis:<\/strong>\u00a0 09\/11\/2007<\/li>\n<\/ul>\n<p>&nbsp;<\/p>\n<h3>Direcci\u00f3n y tribunal<\/h3>\n<ul>\n<li><strong>Director de la tesis<\/strong>\n<ul>\n<li>M\u00aa Victoria Carrillo Dur\u00e1n<\/li>\n<\/ul>\n<\/li>\n<li><strong>Tribunal<\/strong>\n<ul>\n<li>Presidente del tribunal: Juan Benavides delgado <\/li>\n<li>Mar\u00eda isabel De salas nestares (vocal)<\/li>\n<li>Fernando Manuel Dos santos ramos (vocal)<\/li>\n<li>inmaculada Mart\u00ednez mart\u00ednez (vocal)<\/li>\n<\/ul>\n<\/li>\n<\/ul>\n<p>&nbsp;<\/p>\n","protected":false},"excerpt":{"rendered":"<p>Tesis doctoral de Ana Castillo D\u00edaz Todas las universidades espa\u00f1olas, sin excepci\u00f3n, cuentan con una sede web institucional en las [&hellip;]<\/p>\n","protected":false},"author":1,"featured_media":0,"comment_status":"open","ping_status":"open","sticky":false,"template":"","format":"standard","meta":{"site-sidebar-layout":"default","site-content-layout":"","ast-site-content-layout":"","site-content-style":"default","site-sidebar-style":"default","ast-global-header-display":"","ast-banner-title-visibility":"","ast-main-header-display":"","ast-hfb-above-header-display":"","ast-hfb-below-header-display":"","ast-hfb-mobile-header-display":"","site-post-title":"","ast-breadcrumbs-content":"","ast-featured-img":"","footer-sml-layout":"","theme-transparent-header-meta":"","adv-header-id-meta":"","stick-header-meta":"","header-above-stick-meta":"","header-main-stick-meta":"","header-below-stick-meta":"","astra-migrate-meta-layouts":"default","ast-page-background-enabled":"default","ast-page-background-meta":{"desktop":{"background-color":"var(--ast-global-color-4)","background-image":"","background-repeat":"repeat","background-position":"center center","background-size":"auto","background-attachment":"scroll","background-type":"","background-media":"","overlay-type":"","overlay-color":"","overlay-gradient":""},"tablet":{"background-color":"","background-image":"","background-repeat":"repeat","background-position":"center center","background-size":"auto","background-attachment":"scroll","background-type":"","background-media":"","overlay-type":"","overlay-color":"","overlay-gradient":""},"mobile":{"background-color":"","background-image":"","background-repeat":"repeat","background-position":"center center","background-size":"auto","background-attachment":"scroll","background-type":"","background-media":"","overlay-type":"","overlay-color":"","overlay-gradient":""}},"ast-content-background-meta":{"desktop":{"background-color":"var(--ast-global-color-5)","background-image":"","background-repeat":"repeat","background-position":"center center","background-size":"auto","background-attachment":"scroll","background-type":"","background-media":"","overlay-type":"","overlay-color":"","overlay-gradient":""},"tablet":{"background-color":"var(--ast-global-color-5)","background-image":"","background-repeat":"repeat","background-position":"center center","background-size":"auto","background-attachment":"scroll","background-type":"","background-media":"","overlay-type":"","overlay-color":"","overlay-gradient":""},"mobile":{"background-color":"var(--ast-global-color-5)","background-image":"","background-repeat":"repeat","background-position":"center center","background-size":"auto","background-attachment":"scroll","background-type":"","background-media":"","overlay-type":"","overlay-color":"","overlay-gradient":""}},"footnotes":""},"categories":[4735,949],"tags":[135381,135382,44864,5803,58564,38461],"class_list":["post-61286","post","type-post","status-publish","format-standard","hentry","category-comunicaciones-sociales","category-extremadura","tag-ana-castillo-diaz","tag-fernando-manuel-dos-santos-ramos","tag-inmaculada-Martinez-Martinez","tag-juan-benavides-delgado","tag-maria-isabel-de-salas-nestares","tag-ma-victoria-carrillo-duran"],"_links":{"self":[{"href":"https:\/\/www.deberes.net\/tesis\/wp-json\/wp\/v2\/posts\/61286","targetHints":{"allow":["GET"]}}],"collection":[{"href":"https:\/\/www.deberes.net\/tesis\/wp-json\/wp\/v2\/posts"}],"about":[{"href":"https:\/\/www.deberes.net\/tesis\/wp-json\/wp\/v2\/types\/post"}],"author":[{"embeddable":true,"href":"https:\/\/www.deberes.net\/tesis\/wp-json\/wp\/v2\/users\/1"}],"replies":[{"embeddable":true,"href":"https:\/\/www.deberes.net\/tesis\/wp-json\/wp\/v2\/comments?post=61286"}],"version-history":[{"count":0,"href":"https:\/\/www.deberes.net\/tesis\/wp-json\/wp\/v2\/posts\/61286\/revisions"}],"wp:attachment":[{"href":"https:\/\/www.deberes.net\/tesis\/wp-json\/wp\/v2\/media?parent=61286"}],"wp:term":[{"taxonomy":"category","embeddable":true,"href":"https:\/\/www.deberes.net\/tesis\/wp-json\/wp\/v2\/categories?post=61286"},{"taxonomy":"post_tag","embeddable":true,"href":"https:\/\/www.deberes.net\/tesis\/wp-json\/wp\/v2\/tags?post=61286"}],"curies":[{"name":"wp","href":"https:\/\/api.w.org\/{rel}","templated":true}]}}