{"id":61299,"date":"2007-12-11T00:00:00","date_gmt":"2007-12-11T00:00:00","guid":{"rendered":"https:\/\/www.deberes.net\/tesis\/sin-categoria\/asociacionismo-sociabilidad-y-movimientos-sociales-en-el-franquismo-y-la-transicion-a-la-democracia-murcia-1964-1986\/"},"modified":"2007-12-11T00:00:00","modified_gmt":"2007-12-11T00:00:00","slug":"asociacionismo-sociabilidad-y-movimientos-sociales-en-el-franquismo-y-la-transicion-a-la-democracia-murcia-1964-1986","status":"publish","type":"post","link":"https:\/\/www.deberes.net\/tesis\/historia-contemporanea\/asociacionismo-sociabilidad-y-movimientos-sociales-en-el-franquismo-y-la-transicion-a-la-democracia-murcia-1964-1986\/","title":{"rendered":"Asociacionismo, sociabilidad y movimientos sociales en el franquismo y la transici\u00f3n a la democracia. murcia, 1964-1986"},"content":{"rendered":"<h2>Tesis doctoral de <strong> Isabel Mar\u00edn G\u00f3mez <\/strong><\/h2>\n<p>El principal objetivo de esta tesis es el estudio de la relaci\u00f3n entre las tres categor\u00edas hist\u00f3ricas: el asociacionismo, la sociabilidad y los movimientos sociales en el franquismo y la transici\u00f3n a la democracia, a trav\u00e9s del an\u00e1lisis de las asociaciones que, con car\u00e1cter voluntario, se constituyen legalmente en la regi\u00f3n de murcia, entre 1964 y 1986, de conformidad con lo dispuesto en la ley de asociaciones de 1964. la complejidad de la cuesti\u00f3n planteada ha requerido el desarrollo de la investigaci\u00f3n desde distintos planos epistemol\u00f3gicos y metodol\u00f3gicos. Por una parte, se ha planteado la necesidad de realizar un balance historiogr\u00e1fico dentro del contexto hist\u00f3rico en el que se desenvuelve, ya que afecta de forma determinante a la evoluci\u00f3n del asociacionismo en espa\u00f1a, adem\u00e1s del an\u00e1lisis de cada una de las citadas categor\u00edas sociales desde el punto de vista hist\u00f3rico e historiogr\u00e1fico, lo que se ha realizado en los cap\u00edtulos 1 y 2. Por otra parte, era necesario tambi\u00e9n un amplio estudio de la normativa sobre asociacionismo en la espa\u00f1a contempor\u00e1nea, la especial interpretaci\u00f3n que hizo el franquismo sobre el derecho de asociaci\u00f3n, y la forma de aplicaci\u00f3n de las leyes que emiti\u00f3 al respecto, como se trata en el cap\u00edtulo 3; as\u00ed como una exposici\u00f3n de la situaci\u00f3n historiogr\u00e1fica e hist\u00f3rica del espacio regional al que se refiere. para esta investigaci\u00f3n han sido trascendentales los datos aportados por la documentaci\u00f3n vaciada en el registro de asociaciones de la comunidad aut\u00f3noma de la regi\u00f3n de murcia, a partir de la cual se ha realizado una base de datos, constatando, junto con el an\u00e1lisis de otros documentos, la existencia de un total de 1.984 asociaciones de car\u00e1cter voluntario, inscritas en la regi\u00f3n de murcia, en las fechas propuestas, confirmando adem\u00e1s la importancia de la fuente oral y de la hemerograf\u00eda, para completar el estudio, tanto desde el punto de vista cuantitativo como cualitativo. una vez esta<\/p>\n<p>&nbsp;<\/p>\n<h3>Datos acad\u00e9micos de la tesis doctoral \u00ab<strong>Asociacionismo, sociabilidad y movimientos sociales en el franquismo y la transici\u00f3n a la democracia. murcia, 1964-1986<\/strong>\u00ab<\/h3>\n<ul>\n<li><strong>T\u00edtulo de la tesis:<\/strong>\u00a0 Asociacionismo, sociabilidad y movimientos sociales en el franquismo y la transici\u00f3n a la democracia. murcia, 1964-1986 <\/li>\n<li><strong>Autor:<\/strong>\u00a0 Isabel Mar\u00edn G\u00f3mez <\/li>\n<li><strong>Universidad:<\/strong>\u00a0 Murcia<\/li>\n<li><strong>Fecha de lectura de la tesis:<\/strong>\u00a0 12\/11\/2007<\/li>\n<\/ul>\n<p>&nbsp;<\/p>\n<h3>Direcci\u00f3n y tribunal<\/h3>\n<ul>\n<li><strong>Director de la tesis<\/strong>\n<ul>\n<li> Nicol\u00e1s Mar\u00edn M\u00aa Encarnaci\u00f3n<\/li>\n<\/ul>\n<\/li>\n<li><strong>Tribunal<\/strong>\n<ul>\n<li>Presidente del tribunal:  Vilar ram\u00edrez Juan  bautista <\/li>\n<li> Egea bruno pedro M\u00aa (vocal)<\/li>\n<li>alicia Alted vigil (vocal)<\/li>\n<li>louis Guere\u00f1a jean (vocal)<\/li>\n<\/ul>\n<\/li>\n<\/ul>\n<p>&nbsp;<\/p>\n","protected":false},"excerpt":{"rendered":"<p>Tesis doctoral de Isabel Mar\u00edn G\u00f3mez El principal objetivo de esta tesis es el estudio de la relaci\u00f3n entre las [&hellip;]<\/p>\n","protected":false},"author":1,"featured_media":0,"comment_status":"open","ping_status":"open","sticky":false,"template":"","format":"standard","meta":{"site-sidebar-layout":"default","site-content-layout":"","ast-site-content-layout":"","site-content-style":"default","site-sidebar-style":"default","ast-global-header-display":"","ast-banner-title-visibility":"","ast-main-header-display":"","ast-hfb-above-header-display":"","ast-hfb-below-header-display":"","ast-hfb-mobile-header-display":"","site-post-title":"","ast-breadcrumbs-content":"","ast-featured-img":"","footer-sml-layout":"","theme-transparent-header-meta":"","adv-header-id-meta":"","stick-header-meta":"","header-above-stick-meta":"","header-main-stick-meta":"","header-below-stick-meta":"","astra-migrate-meta-layouts":"default","ast-page-background-enabled":"default","ast-page-background-meta":{"desktop":{"background-color":"var(--ast-global-color-4)","background-image":"","background-repeat":"repeat","background-position":"center center","background-size":"auto","background-attachment":"scroll","background-type":"","background-media":"","overlay-type":"","overlay-color":"","overlay-gradient":""},"tablet":{"background-color":"","background-image":"","background-repeat":"repeat","background-position":"center center","background-size":"auto","background-attachment":"scroll","background-type":"","background-media":"","overlay-type":"","overlay-color":"","overlay-gradient":""},"mobile":{"background-color":"","background-image":"","background-repeat":"repeat","background-position":"center center","background-size":"auto","background-attachment":"scroll","background-type":"","background-media":"","overlay-type":"","overlay-color":"","overlay-gradient":""}},"ast-content-background-meta":{"desktop":{"background-color":"var(--ast-global-color-5)","background-image":"","background-repeat":"repeat","background-position":"center center","background-size":"auto","background-attachment":"scroll","background-type":"","background-media":"","overlay-type":"","overlay-color":"","overlay-gradient":""},"tablet":{"background-color":"var(--ast-global-color-5)","background-image":"","background-repeat":"repeat","background-position":"center center","background-size":"auto","background-attachment":"scroll","background-type":"","background-media":"","overlay-type":"","overlay-color":"","overlay-gradient":""},"mobile":{"background-color":"var(--ast-global-color-5)","background-image":"","background-repeat":"repeat","background-position":"center center","background-size":"auto","background-attachment":"scroll","background-type":"","background-media":"","overlay-type":"","overlay-color":"","overlay-gradient":""}},"footnotes":""},"categories":[1816,8235],"tags":[8712,120958,135410,59283,135411,14831],"class_list":["post-61299","post","type-post","status-publish","format-standard","hentry","category-historia-contemporanea","category-murcia","tag-alicia-alted-vigil","tag-egea-bruno-pedro-ma","tag-isabel-marin-gomez","tag-louis-guerena-jean","tag-nicolas-marin-ma-encarnacion","tag-vilar-ramirez-juan-bautista"],"_links":{"self":[{"href":"https:\/\/www.deberes.net\/tesis\/wp-json\/wp\/v2\/posts\/61299","targetHints":{"allow":["GET"]}}],"collection":[{"href":"https:\/\/www.deberes.net\/tesis\/wp-json\/wp\/v2\/posts"}],"about":[{"href":"https:\/\/www.deberes.net\/tesis\/wp-json\/wp\/v2\/types\/post"}],"author":[{"embeddable":true,"href":"https:\/\/www.deberes.net\/tesis\/wp-json\/wp\/v2\/users\/1"}],"replies":[{"embeddable":true,"href":"https:\/\/www.deberes.net\/tesis\/wp-json\/wp\/v2\/comments?post=61299"}],"version-history":[{"count":0,"href":"https:\/\/www.deberes.net\/tesis\/wp-json\/wp\/v2\/posts\/61299\/revisions"}],"wp:attachment":[{"href":"https:\/\/www.deberes.net\/tesis\/wp-json\/wp\/v2\/media?parent=61299"}],"wp:term":[{"taxonomy":"category","embeddable":true,"href":"https:\/\/www.deberes.net\/tesis\/wp-json\/wp\/v2\/categories?post=61299"},{"taxonomy":"post_tag","embeddable":true,"href":"https:\/\/www.deberes.net\/tesis\/wp-json\/wp\/v2\/tags?post=61299"}],"curies":[{"name":"wp","href":"https:\/\/api.w.org\/{rel}","templated":true}]}}