{"id":61344,"date":"2018-03-09T22:49:14","date_gmt":"2018-03-09T22:49:14","guid":{"rendered":"https:\/\/www.deberes.net\/tesis\/sin-categoria\/factores-determinantes-del-crecimiento-de-las-pymes-latinoamericanas-en-los-anos-90\/"},"modified":"2018-03-09T22:49:14","modified_gmt":"2018-03-09T22:49:14","slug":"factores-determinantes-del-crecimiento-de-las-pymes-latinoamericanas-en-los-anos-90","status":"publish","type":"post","link":"https:\/\/www.deberes.net\/tesis\/organizacion-de-la-produccion\/factores-determinantes-del-crecimiento-de-las-pymes-latinoamericanas-en-los-anos-90\/","title":{"rendered":"Factores determinantes del crecimiento de las pymes latinoamericanas en los a\u00f1os 90"},"content":{"rendered":"<h2>Tesis doctoral de <strong> Rodrigo Rabetino Juan <\/strong><\/h2>\n<p>Las perque\u00f1as y medianas empresas (pymes) son globalmente reconocidas como fuentes de empleo y riqueza. Por ello y dadas sus restricciones en t\u00e9rminos de recursos y su dependencia del entorno, identificar los factores que afectan sus tasas de crecimiento es relevante para cualquier pa\u00eds. Sin embargo, el conocimiento sobre dichas causas es limitado en latinoam\u00e9rica y no existe un \u00fanico marco te\u00f3rico. Usando cuatro muestras de pymes latinoamericanas y aplicando distintas t\u00e9cnicas estad\u00edsticas, el trabajo discute las bases conceptuales de los potenciales determinantes del crecimiento de las pymes; examina los efectos del uso de diferentes conceptos y f\u00f3rmulas empleadas para el c\u00e1lculo del crecimiento empresarial; analiza la relaci\u00f3n entre dicho crecimiento y un conjunto de variables relacionadas con el empresario, la empresa, la estrategia y el entorno; estudia el car\u00e1cter contingente mostrado por los determinantes y compara los resultados con la evidencia en pa\u00edses desarrollados. M\u00e1s all\u00e1 del entorno, destacan en am\u00e9rica latina la importancia relativa del capital humano del empresario y la contingencia de muchos de los determinantes del crecimiento. Los resultados del trabajo pueden generar acciones, p\u00fablicas y privadas, tendentes a estimular el crecimiento de las pymes, la creaci\u00f3n de empleos, dinamizar la producci\u00f3n, incrementar el nivel tecnol\u00f3gico y acelerar el desarrollo de la regi\u00f3n.<\/p>\n<p>&nbsp;<\/p>\n<h3>Datos acad\u00e9micos de la tesis doctoral \u00ab<strong>Factores determinantes del crecimiento de las pymes latinoamericanas en los a\u00f1os 90<\/strong>\u00ab<\/h3>\n<ul>\n<li><strong>T\u00edtulo de la tesis:<\/strong>\u00a0 Factores determinantes del crecimiento de las pymes latinoamericanas en los a\u00f1os 90 <\/li>\n<li><strong>Autor:<\/strong>\u00a0 Rodrigo Rabetino Juan <\/li>\n<li><strong>Universidad:<\/strong>\u00a0 Aut\u00f3noma de barcelona<\/li>\n<li><strong>Fecha de lectura de la tesis:<\/strong>\u00a0 15\/11\/2007<\/li>\n<\/ul>\n<p>&nbsp;<\/p>\n<h3>Direcci\u00f3n y tribunal<\/h3>\n<ul>\n<li><strong>Director de la tesis<\/strong>\n<ul>\n<li>Joan Capelleras Segura<\/li>\n<\/ul>\n<\/li>\n<li><strong>Tribunal<\/strong>\n<ul>\n<li>Presidente del tribunal: Jos\u00e9 Mar\u00eda Veciana Verges <\/li>\n<li>I\u00f1aki Pe\u00f1a Legazkue (vocal)<\/li>\n<li>Jos\u00e9 Mar\u00eda Gomez Gras (vocal)<\/li>\n<li>Julia Prats Moreno (vocal)<\/li>\n<\/ul>\n<\/li>\n<\/ul>\n<p>&nbsp;<\/p>\n","protected":false},"excerpt":{"rendered":"<p>Tesis doctoral de Rodrigo Rabetino Juan Las perque\u00f1as y medianas empresas (pymes) son globalmente reconocidas como fuentes de empleo y [&hellip;]<\/p>\n","protected":false},"author":1,"featured_media":0,"comment_status":"open","ping_status":"open","sticky":false,"template":"","format":"standard","meta":{"site-sidebar-layout":"default","site-content-layout":"","ast-site-content-layout":"","site-content-style":"default","site-sidebar-style":"default","ast-global-header-display":"","ast-banner-title-visibility":"","ast-main-header-display":"","ast-hfb-above-header-display":"","ast-hfb-below-header-display":"","ast-hfb-mobile-header-display":"","site-post-title":"","ast-breadcrumbs-content":"","ast-featured-img":"","footer-sml-layout":"","theme-transparent-header-meta":"","adv-header-id-meta":"","stick-header-meta":"","header-above-stick-meta":"","header-main-stick-meta":"","header-below-stick-meta":"","astra-migrate-meta-layouts":"default","ast-page-background-enabled":"default","ast-page-background-meta":{"desktop":{"background-color":"var(--ast-global-color-4)","background-image":"","background-repeat":"repeat","background-position":"center center","background-size":"auto","background-attachment":"scroll","background-type":"","background-media":"","overlay-type":"","overlay-color":"","overlay-gradient":""},"tablet":{"background-color":"","background-image":"","background-repeat":"repeat","background-position":"center center","background-size":"auto","background-attachment":"scroll","background-type":"","background-media":"","overlay-type":"","overlay-color":"","overlay-gradient":""},"mobile":{"background-color":"","background-image":"","background-repeat":"repeat","background-position":"center center","background-size":"auto","background-attachment":"scroll","background-type":"","background-media":"","overlay-type":"","overlay-color":"","overlay-gradient":""}},"ast-content-background-meta":{"desktop":{"background-color":"var(--ast-global-color-5)","background-image":"","background-repeat":"repeat","background-position":"center center","background-size":"auto","background-attachment":"scroll","background-type":"","background-media":"","overlay-type":"","overlay-color":"","overlay-gradient":""},"tablet":{"background-color":"var(--ast-global-color-5)","background-image":"","background-repeat":"repeat","background-position":"center center","background-size":"auto","background-attachment":"scroll","background-type":"","background-media":"","overlay-type":"","overlay-color":"","overlay-gradient":""},"mobile":{"background-color":"var(--ast-global-color-5)","background-image":"","background-repeat":"repeat","background-position":"center center","background-size":"auto","background-attachment":"scroll","background-type":"","background-media":"","overlay-type":"","overlay-color":"","overlay-gradient":""}},"footnotes":""},"categories":[6525],"tags":[86535,135502,12332,36657,135503,135501],"class_list":["post-61344","post","type-post","status-publish","format-standard","hentry","category-organizacion-de-la-produccion","tag-inaki-pena-legazkue","tag-joan-capelleras-segura","tag-jose-maria-gomez-gras","tag-jose-maria-veciana-verges","tag-julia-prats-moreno","tag-rodrigo-rabetino-juan"],"_links":{"self":[{"href":"https:\/\/www.deberes.net\/tesis\/wp-json\/wp\/v2\/posts\/61344","targetHints":{"allow":["GET"]}}],"collection":[{"href":"https:\/\/www.deberes.net\/tesis\/wp-json\/wp\/v2\/posts"}],"about":[{"href":"https:\/\/www.deberes.net\/tesis\/wp-json\/wp\/v2\/types\/post"}],"author":[{"embeddable":true,"href":"https:\/\/www.deberes.net\/tesis\/wp-json\/wp\/v2\/users\/1"}],"replies":[{"embeddable":true,"href":"https:\/\/www.deberes.net\/tesis\/wp-json\/wp\/v2\/comments?post=61344"}],"version-history":[{"count":0,"href":"https:\/\/www.deberes.net\/tesis\/wp-json\/wp\/v2\/posts\/61344\/revisions"}],"wp:attachment":[{"href":"https:\/\/www.deberes.net\/tesis\/wp-json\/wp\/v2\/media?parent=61344"}],"wp:term":[{"taxonomy":"category","embeddable":true,"href":"https:\/\/www.deberes.net\/tesis\/wp-json\/wp\/v2\/categories?post=61344"},{"taxonomy":"post_tag","embeddable":true,"href":"https:\/\/www.deberes.net\/tesis\/wp-json\/wp\/v2\/tags?post=61344"}],"curies":[{"name":"wp","href":"https:\/\/api.w.org\/{rel}","templated":true}]}}