{"id":61397,"date":"2018-03-09T22:49:14","date_gmt":"2018-03-09T22:49:14","guid":{"rendered":"https:\/\/www.deberes.net\/tesis\/sin-categoria\/la-guitarra-clasica-y-su-contexto-dentro-de-la-comunidad-valenciana-en-el-siglo-xx\/"},"modified":"2018-03-09T22:49:14","modified_gmt":"2018-03-09T22:49:14","slug":"la-guitarra-clasica-y-su-contexto-dentro-de-la-comunidad-valenciana-en-el-siglo-xx","status":"publish","type":"post","link":"https:\/\/www.deberes.net\/tesis\/musica-y-musicologia\/la-guitarra-clasica-y-su-contexto-dentro-de-la-comunidad-valenciana-en-el-siglo-xx\/","title":{"rendered":"La guitarra cl\u00e1sica y su contexto dentro de la comunidad Valenciana en el siglo xx"},"content":{"rendered":"<h2>Tesis doctoral de <strong> Jose Lazaro Villena <\/strong><\/h2>\n<p>A trav\u00e9s de los siete cap\u00edtulos con los que se estructura el trabajo se informa de la presencia de la guitarra cl\u00e1sica en esta sociedad a lo largo del siglo xx. La secuencia del discurso se inicia presentando al instrumento atendiendo, fundamentalmente, a sus antecedentes, origen, nombre y forma para, a continuaci\u00f3n, destacar algunos hechos de marcada trascendencia para la m\u00fasica Valenciana: creaci\u00f3n del conservatorio de Valencia, creaci\u00f3n de su c\u00e1tedra de guitarra y as\u00ed mismo la creaci\u00f3n de los conservatorios de castell\u00f3n y alicante. la actividad artesanal dedicada a la construcci\u00f3n de guitarras, dada su importancia, se nos muestra citando a las distintas f\u00e1bricas de guitarra de la comunidad as\u00ed como la cantidad de instrumentos fabricados por cada una de estas firmas en el espacio de un a\u00f1o. Acto seguido, citando a las entidades culturales que m\u00e1s sensibilidad han mostrado hacia la guitarra, se muestra la presencia de este instrumento dentro de la actividad musical en toda la comunidad, a lo largo del siglo xx. con un breve acercamiento a las biograf\u00edas de francisco t\u00ed\u00a0rrega y de sus disc\u00edpulos se centra, en la trascendencia de su trabajo, el \u00faltimo renacimiento de la guitarra. el an\u00e1lisis de una estudiada selecci\u00f3n de obras compuestas, para guitarra, por guitarristas sirve para aproximarnos a la evoluci\u00f3n de \u00e9stos, a lo largo del siglo xx. Con el mismo criterio se realiza un estudio de las obras, previamente seleccionadas, de los compositores Valencianos, no guitarristas, que han compuesto para guitarra. el trabajo, a trav\u00e9s del discurso elegido, lleva a las conclusiones con las que finaliza la obra. Entre ellas el reconocimiento del hecho de ser de la comunidad Valenciana el centro del \u00faltimo renacimiento de la guitarra cl\u00e1sica.<\/p>\n<p>&nbsp;<\/p>\n<h3>Datos acad\u00e9micos de la tesis doctoral \u00ab<strong>La guitarra cl\u00e1sica y su contexto dentro de la comunidad Valenciana en el siglo xx<\/strong>\u00ab<\/h3>\n<ul>\n<li><strong>T\u00edtulo de la tesis:<\/strong>\u00a0 La guitarra cl\u00e1sica y su contexto dentro de la comunidad Valenciana en el siglo xx <\/li>\n<li><strong>Autor:<\/strong>\u00a0 Jose Lazaro Villena <\/li>\n<li><strong>Universidad:<\/strong>\u00a0 Universitat de val\u00e9ncia (estudi general)<\/li>\n<li><strong>Fecha de lectura de la tesis:<\/strong>\u00a0 16\/11\/2007<\/li>\n<\/ul>\n<p>&nbsp;<\/p>\n<h3>Direcci\u00f3n y tribunal<\/h3>\n<ul>\n<li><strong>Director de la tesis<\/strong>\n<ul>\n<li>Mar\u00eda  Teresa Beguiristain Alcorta<\/li>\n<\/ul>\n<\/li>\n<li><strong>Tribunal<\/strong>\n<ul>\n<li>Presidente del tribunal: roman de la Calle de la calle <\/li>\n<li>Francisco Leon tello (vocal)<\/li>\n<li>Francisco Tamarit fayos (vocal)<\/li>\n<li>ramon Almaz\u00e1n  hern\u00e1ndez (vocal)<\/li>\n<\/ul>\n<\/li>\n<\/ul>\n<p>&nbsp;<\/p>\n","protected":false},"excerpt":{"rendered":"<p>Tesis doctoral de Jose Lazaro Villena A trav\u00e9s de los siete cap\u00edtulos con los que se estructura el trabajo se [&hellip;]<\/p>\n","protected":false},"author":1,"featured_media":0,"comment_status":"open","ping_status":"open","sticky":false,"template":"","format":"standard","meta":{"site-sidebar-layout":"default","site-content-layout":"","ast-site-content-layout":"","site-content-style":"default","site-sidebar-style":"default","ast-global-header-display":"","ast-banner-title-visibility":"","ast-main-header-display":"","ast-hfb-above-header-display":"","ast-hfb-below-header-display":"","ast-hfb-mobile-header-display":"","site-post-title":"","ast-breadcrumbs-content":"","ast-featured-img":"","footer-sml-layout":"","theme-transparent-header-meta":"","adv-header-id-meta":"","stick-header-meta":"","header-above-stick-meta":"","header-main-stick-meta":"","header-below-stick-meta":"","astra-migrate-meta-layouts":"default","ast-page-background-enabled":"default","ast-page-background-meta":{"desktop":{"background-color":"var(--ast-global-color-4)","background-image":"","background-repeat":"repeat","background-position":"center center","background-size":"auto","background-attachment":"scroll","background-type":"","background-media":"","overlay-type":"","overlay-color":"","overlay-gradient":""},"tablet":{"background-color":"","background-image":"","background-repeat":"repeat","background-position":"center center","background-size":"auto","background-attachment":"scroll","background-type":"","background-media":"","overlay-type":"","overlay-color":"","overlay-gradient":""},"mobile":{"background-color":"","background-image":"","background-repeat":"repeat","background-position":"center center","background-size":"auto","background-attachment":"scroll","background-type":"","background-media":"","overlay-type":"","overlay-color":"","overlay-gradient":""}},"ast-content-background-meta":{"desktop":{"background-color":"var(--ast-global-color-5)","background-image":"","background-repeat":"repeat","background-position":"center center","background-size":"auto","background-attachment":"scroll","background-type":"","background-media":"","overlay-type":"","overlay-color":"","overlay-gradient":""},"tablet":{"background-color":"var(--ast-global-color-5)","background-image":"","background-repeat":"repeat","background-position":"center center","background-size":"auto","background-attachment":"scroll","background-type":"","background-media":"","overlay-type":"","overlay-color":"","overlay-gradient":""},"mobile":{"background-color":"var(--ast-global-color-5)","background-image":"","background-repeat":"repeat","background-position":"center center","background-size":"auto","background-attachment":"scroll","background-type":"","background-media":"","overlay-type":"","overlay-color":"","overlay-gradient":""}},"footnotes":""},"categories":[10452,9132],"tags":[24589,135624,135622,44531,42681,135623],"class_list":["post-61397","post","type-post","status-publish","format-standard","hentry","category-estetica","category-musica-y-musicologia","tag-francisco-leon-tello","tag-francisco-tamarit-fayos","tag-jose-lazaro-villena","tag-maria-teresa-beguiristain-alcorta","tag-ramon-almazan-hernandez","tag-roman-de-la-calle-de-la-calle"],"_links":{"self":[{"href":"https:\/\/www.deberes.net\/tesis\/wp-json\/wp\/v2\/posts\/61397","targetHints":{"allow":["GET"]}}],"collection":[{"href":"https:\/\/www.deberes.net\/tesis\/wp-json\/wp\/v2\/posts"}],"about":[{"href":"https:\/\/www.deberes.net\/tesis\/wp-json\/wp\/v2\/types\/post"}],"author":[{"embeddable":true,"href":"https:\/\/www.deberes.net\/tesis\/wp-json\/wp\/v2\/users\/1"}],"replies":[{"embeddable":true,"href":"https:\/\/www.deberes.net\/tesis\/wp-json\/wp\/v2\/comments?post=61397"}],"version-history":[{"count":0,"href":"https:\/\/www.deberes.net\/tesis\/wp-json\/wp\/v2\/posts\/61397\/revisions"}],"wp:attachment":[{"href":"https:\/\/www.deberes.net\/tesis\/wp-json\/wp\/v2\/media?parent=61397"}],"wp:term":[{"taxonomy":"category","embeddable":true,"href":"https:\/\/www.deberes.net\/tesis\/wp-json\/wp\/v2\/categories?post=61397"},{"taxonomy":"post_tag","embeddable":true,"href":"https:\/\/www.deberes.net\/tesis\/wp-json\/wp\/v2\/tags?post=61397"}],"curies":[{"name":"wp","href":"https:\/\/api.w.org\/{rel}","templated":true}]}}