{"id":61405,"date":"2018-03-09T22:49:18","date_gmt":"2018-03-09T22:49:18","guid":{"rendered":"https:\/\/www.deberes.net\/tesis\/sin-categoria\/derechos-de-libertad-sindical-y-principio-de-igualdad\/"},"modified":"2018-03-09T22:49:18","modified_gmt":"2018-03-09T22:49:18","slug":"derechos-de-libertad-sindical-y-principio-de-igualdad","status":"publish","type":"post","link":"https:\/\/www.deberes.net\/tesis\/derecho-del-trabajo-y-de-la-seguridad-social\/derechos-de-libertad-sindical-y-principio-de-igualdad\/","title":{"rendered":"\u00abderechos de libertad sindical y principio de igualdad\u00bb"},"content":{"rendered":"<h2>Tesis doctoral de <strong>  Carrizosa Prieto M\u00aa Esther <\/strong><\/h2>\n<p>La memoria de investigaci\u00f3n que se presente pretende analizar las relaciones que se establecen entre el derecho de libertad sindical, en su dimensi\u00f3n colectiva, y las manifestaciones m\u00e1s importantes de los derechos de igualdad, plasmados todos ellos en nuestro texto constitucional. La implicaci\u00f3n de derechos fundamentales de tan variada estructura, sobre todo por lo que respecta al derecho de igualdad, tiene como consecuencia inmediata que el trabajo se centre en la doctrina constitucional y en el an\u00e1lisis de las diferencias que por razones sindicales se pueden introducir tanto por los poderes p\u00fablicos como privados. El hecho de que la investigaci\u00f3n se enfoque desde el \u00e1mbito colectivo de los derechos de sindicaci\u00f3n, no nos impide (de hecho nos obliga) a hacer continuas referencias a la dimensi\u00f3n individual de los derechos sindicales en virtud de las diversas conexiones que se deben establecer entre los mecanismos de tutela que la doctrina constitucional aplica a una y otra<\/p>\n<p>&nbsp;<\/p>\n<h3>Datos acad\u00e9micos de la tesis doctoral \u00ab<strong>\u00abderechos de libertad sindical y principio de igualdad\u00bb<\/strong>\u00ab<\/h3>\n<ul>\n<li><strong>T\u00edtulo de la tesis:<\/strong>\u00a0 \u00abderechos de libertad sindical y principio de igualdad\u00bb <\/li>\n<li><strong>Autor:<\/strong>\u00a0  Carrizosa Prieto M\u00aa Esther <\/li>\n<li><strong>Universidad:<\/strong>\u00a0 Pablo de olavide<\/li>\n<li><strong>Fecha de lectura de la tesis:<\/strong>\u00a0 18\/11\/2007<\/li>\n<\/ul>\n<p>&nbsp;<\/p>\n<h3>Direcci\u00f3n y tribunal<\/h3>\n<ul>\n<li><strong>Director de la tesis<\/strong>\n<ul>\n<li>sa\u00f1udo Gutierrez Rodriguez<\/li>\n<\/ul>\n<\/li>\n<li><strong>Tribunal<\/strong>\n<ul>\n<li>Presidente del tribunal: Alfredo Montoya Melgar <\/li>\n<li>Santiago Gonzalez Ortega (vocal)<\/li>\n<li> Fern\u00e1ndez L\u00f3pez Mar\u00eda Fernanda (vocal)<\/li>\n<li>Federico Dur\u00e1n L\u00f3pez (vocal)<\/li>\n<\/ul>\n<\/li>\n<\/ul>\n<p>&nbsp;<\/p>\n","protected":false},"excerpt":{"rendered":"<p>Tesis doctoral de Carrizosa Prieto M\u00aa Esther La memoria de investigaci\u00f3n que se presente pretende analizar las relaciones que se [&hellip;]<\/p>\n","protected":false},"author":1,"featured_media":0,"comment_status":"open","ping_status":"open","sticky":false,"template":"","format":"standard","meta":{"site-sidebar-layout":"default","site-content-layout":"","ast-site-content-layout":"","site-content-style":"default","site-sidebar-style":"default","ast-global-header-display":"","ast-banner-title-visibility":"","ast-main-header-display":"","ast-hfb-above-header-display":"","ast-hfb-below-header-display":"","ast-hfb-mobile-header-display":"","site-post-title":"","ast-breadcrumbs-content":"","ast-featured-img":"","footer-sml-layout":"","theme-transparent-header-meta":"","adv-header-id-meta":"","stick-header-meta":"","header-above-stick-meta":"","header-main-stick-meta":"","header-below-stick-meta":"","astra-migrate-meta-layouts":"default","ast-page-background-enabled":"default","ast-page-background-meta":{"desktop":{"background-color":"var(--ast-global-color-4)","background-image":"","background-repeat":"repeat","background-position":"center center","background-size":"auto","background-attachment":"scroll","background-type":"","background-media":"","overlay-type":"","overlay-color":"","overlay-gradient":""},"tablet":{"background-color":"","background-image":"","background-repeat":"repeat","background-position":"center center","background-size":"auto","background-attachment":"scroll","background-type":"","background-media":"","overlay-type":"","overlay-color":"","overlay-gradient":""},"mobile":{"background-color":"","background-image":"","background-repeat":"repeat","background-position":"center center","background-size":"auto","background-attachment":"scroll","background-type":"","background-media":"","overlay-type":"","overlay-color":"","overlay-gradient":""}},"ast-content-background-meta":{"desktop":{"background-color":"var(--ast-global-color-5)","background-image":"","background-repeat":"repeat","background-position":"center center","background-size":"auto","background-attachment":"scroll","background-type":"","background-media":"","overlay-type":"","overlay-color":"","overlay-gradient":""},"tablet":{"background-color":"var(--ast-global-color-5)","background-image":"","background-repeat":"repeat","background-position":"center center","background-size":"auto","background-attachment":"scroll","background-type":"","background-media":"","overlay-type":"","overlay-color":"","overlay-gradient":""},"mobile":{"background-color":"var(--ast-global-color-5)","background-image":"","background-repeat":"repeat","background-position":"center center","background-size":"auto","background-attachment":"scroll","background-type":"","background-media":"","overlay-type":"","overlay-color":"","overlay-gradient":""}},"footnotes":""},"categories":[2170,37286],"tags":[5169,135641,2172,85651,22763,103832],"class_list":["post-61405","post","type-post","status-publish","format-standard","hentry","category-derecho-del-trabajo-y-de-la-seguridad-social","category-pablo-de-olavide","tag-alfredo-montoya-melgar","tag-carrizosa-prieto-ma-esther","tag-federico-duran-lopez","tag-fernandez-lopez-maria-fernanda","tag-santiago-gonzalez-ortega","tag-sanudo-gutierrez-rodriguez"],"_links":{"self":[{"href":"https:\/\/www.deberes.net\/tesis\/wp-json\/wp\/v2\/posts\/61405","targetHints":{"allow":["GET"]}}],"collection":[{"href":"https:\/\/www.deberes.net\/tesis\/wp-json\/wp\/v2\/posts"}],"about":[{"href":"https:\/\/www.deberes.net\/tesis\/wp-json\/wp\/v2\/types\/post"}],"author":[{"embeddable":true,"href":"https:\/\/www.deberes.net\/tesis\/wp-json\/wp\/v2\/users\/1"}],"replies":[{"embeddable":true,"href":"https:\/\/www.deberes.net\/tesis\/wp-json\/wp\/v2\/comments?post=61405"}],"version-history":[{"count":0,"href":"https:\/\/www.deberes.net\/tesis\/wp-json\/wp\/v2\/posts\/61405\/revisions"}],"wp:attachment":[{"href":"https:\/\/www.deberes.net\/tesis\/wp-json\/wp\/v2\/media?parent=61405"}],"wp:term":[{"taxonomy":"category","embeddable":true,"href":"https:\/\/www.deberes.net\/tesis\/wp-json\/wp\/v2\/categories?post=61405"},{"taxonomy":"post_tag","embeddable":true,"href":"https:\/\/www.deberes.net\/tesis\/wp-json\/wp\/v2\/tags?post=61405"}],"curies":[{"name":"wp","href":"https:\/\/api.w.org\/{rel}","templated":true}]}}