{"id":61409,"date":"2018-03-09T22:49:18","date_gmt":"2018-03-09T22:49:18","guid":{"rendered":"https:\/\/www.deberes.net\/tesis\/sin-categoria\/transporte-electronico-en-nanoestructuras-de-carbono\/"},"modified":"2018-03-09T22:49:18","modified_gmt":"2018-03-09T22:49:18","slug":"transporte-electronico-en-nanoestructuras-de-carbono","status":"publish","type":"post","link":"https:\/\/www.deberes.net\/tesis\/semiconductores\/transporte-electronico-en-nanoestructuras-de-carbono\/","title":{"rendered":"Transporte electr\u00f3nico en nanoestructuras de carbono"},"content":{"rendered":"<h2>Tesis doctoral de <strong> Esther Jodar Ferrandez <\/strong><\/h2>\n<p>Estudio de las propiedades de transporte electr\u00f3nico en nanoestructuras formadas por la uni\u00f3n entre diferentes tipos de nanotubos de carbono. Se realiza un estudio de las propiedades electr\u00f3nicas de transporte en cavidades y estrechamente de nanotubos y su dependencia con respecto a diversos par\u00e1metros. As\u00ed mismo se realiza un estudio de la evoluci\u00f3n din\u00e1mica de los electrones en estas estructuras cuando las sometemos a un campo el\u00e9ctrico constante.<\/p>\n<p>&nbsp;<\/p>\n<h3>Datos acad\u00e9micos de la tesis doctoral \u00ab<strong>Transporte electr\u00f3nico en nanoestructuras de carbono<\/strong>\u00ab<\/h3>\n<ul>\n<li><strong>T\u00edtulo de la tesis:<\/strong>\u00a0 Transporte electr\u00f3nico en nanoestructuras de carbono <\/li>\n<li><strong>Autor:<\/strong>\u00a0 Esther Jodar Ferrandez <\/li>\n<li><strong>Universidad:<\/strong>\u00a0 Polit\u00e9cnica de cartagena<\/li>\n<li><strong>Fecha de lectura de la tesis:<\/strong>\u00a0 19\/11\/2007<\/li>\n<\/ul>\n<p>&nbsp;<\/p>\n<h3>Direcci\u00f3n y tribunal<\/h3>\n<ul>\n<li><strong>Director de la tesis<\/strong>\n<ul>\n<li>Antonio P\u00e9rez Garrido<\/li>\n<\/ul>\n<\/li>\n<li><strong>Tribunal<\/strong>\n<ul>\n<li>Presidente del tribunal: Miguel Ortu\u00f1o ortin <\/li>\n<li> Sanz saenz angel l. (vocal)<\/li>\n<li>Antonio Urbina yeregui (vocal)<\/li>\n<li>Fernando Rojas i\u00f1iguez (vocal)<\/li>\n<\/ul>\n<\/li>\n<\/ul>\n<p>&nbsp;<\/p>\n","protected":false},"excerpt":{"rendered":"<p>Tesis doctoral de Esther Jodar Ferrandez Estudio de las propiedades de transporte electr\u00f3nico en nanoestructuras formadas por la uni\u00f3n entre [&hellip;]<\/p>\n","protected":false},"author":1,"featured_media":0,"comment_status":"open","ping_status":"open","sticky":false,"template":"","format":"standard","meta":{"site-sidebar-layout":"default","site-content-layout":"","ast-site-content-layout":"","site-content-style":"default","site-sidebar-style":"default","ast-global-header-display":"","ast-banner-title-visibility":"","ast-main-header-display":"","ast-hfb-above-header-display":"","ast-hfb-below-header-display":"","ast-hfb-mobile-header-display":"","site-post-title":"","ast-breadcrumbs-content":"","ast-featured-img":"","footer-sml-layout":"","theme-transparent-header-meta":"","adv-header-id-meta":"","stick-header-meta":"","header-above-stick-meta":"","header-main-stick-meta":"","header-below-stick-meta":"","astra-migrate-meta-layouts":"default","ast-page-background-enabled":"default","ast-page-background-meta":{"desktop":{"background-color":"var(--ast-global-color-4)","background-image":"","background-repeat":"repeat","background-position":"center center","background-size":"auto","background-attachment":"scroll","background-type":"","background-media":"","overlay-type":"","overlay-color":"","overlay-gradient":""},"tablet":{"background-color":"","background-image":"","background-repeat":"repeat","background-position":"center center","background-size":"auto","background-attachment":"scroll","background-type":"","background-media":"","overlay-type":"","overlay-color":"","overlay-gradient":""},"mobile":{"background-color":"","background-image":"","background-repeat":"repeat","background-position":"center center","background-size":"auto","background-attachment":"scroll","background-type":"","background-media":"","overlay-type":"","overlay-color":"","overlay-gradient":""}},"ast-content-background-meta":{"desktop":{"background-color":"var(--ast-global-color-5)","background-image":"","background-repeat":"repeat","background-position":"center center","background-size":"auto","background-attachment":"scroll","background-type":"","background-media":"","overlay-type":"","overlay-color":"","overlay-gradient":""},"tablet":{"background-color":"var(--ast-global-color-5)","background-image":"","background-repeat":"repeat","background-position":"center center","background-size":"auto","background-attachment":"scroll","background-type":"","background-media":"","overlay-type":"","overlay-color":"","overlay-gradient":""},"mobile":{"background-color":"var(--ast-global-color-5)","background-image":"","background-repeat":"repeat","background-position":"center center","background-size":"auto","background-attachment":"scroll","background-type":"","background-media":"","overlay-type":"","overlay-color":"","overlay-gradient":""}},"footnotes":""},"categories":[36532,23590,1604],"tags":[102868,135653,135652,135654,62559,86569],"class_list":["post-61409","post","type-post","status-publish","format-standard","hentry","category-politecnica-de-cartagena","category-propiedades-de-transporte-de-electrones","category-semiconductores","tag-antonio-perez-garrido","tag-antonio-urbina-yeregui","tag-esther-jodar-ferrandez","tag-fernando-rojas-iniguez","tag-miguel-ortuno-ortin","tag-sanz-saenz-angel-l"],"_links":{"self":[{"href":"https:\/\/www.deberes.net\/tesis\/wp-json\/wp\/v2\/posts\/61409","targetHints":{"allow":["GET"]}}],"collection":[{"href":"https:\/\/www.deberes.net\/tesis\/wp-json\/wp\/v2\/posts"}],"about":[{"href":"https:\/\/www.deberes.net\/tesis\/wp-json\/wp\/v2\/types\/post"}],"author":[{"embeddable":true,"href":"https:\/\/www.deberes.net\/tesis\/wp-json\/wp\/v2\/users\/1"}],"replies":[{"embeddable":true,"href":"https:\/\/www.deberes.net\/tesis\/wp-json\/wp\/v2\/comments?post=61409"}],"version-history":[{"count":0,"href":"https:\/\/www.deberes.net\/tesis\/wp-json\/wp\/v2\/posts\/61409\/revisions"}],"wp:attachment":[{"href":"https:\/\/www.deberes.net\/tesis\/wp-json\/wp\/v2\/media?parent=61409"}],"wp:term":[{"taxonomy":"category","embeddable":true,"href":"https:\/\/www.deberes.net\/tesis\/wp-json\/wp\/v2\/categories?post=61409"},{"taxonomy":"post_tag","embeddable":true,"href":"https:\/\/www.deberes.net\/tesis\/wp-json\/wp\/v2\/tags?post=61409"}],"curies":[{"name":"wp","href":"https:\/\/api.w.org\/{rel}","templated":true}]}}