{"id":61456,"date":"2018-03-09T22:49:18","date_gmt":"2018-03-09T22:49:18","guid":{"rendered":"https:\/\/www.deberes.net\/tesis\/sin-categoria\/tratamiento-cognitivo-conductual-y-grupo-de-padres-en-adolescentes-con-bulimia-nerviosa\/"},"modified":"2018-03-09T22:49:18","modified_gmt":"2018-03-09T22:49:18","slug":"tratamiento-cognitivo-conductual-y-grupo-de-padres-en-adolescentes-con-bulimia-nerviosa","status":"publish","type":"post","link":"https:\/\/www.deberes.net\/tesis\/sin-categoria\/tratamiento-cognitivo-conductual-y-grupo-de-padres-en-adolescentes-con-bulimia-nerviosa\/","title":{"rendered":"Tratamiento cognitivo-conductual y grupo de padres en adolescentes con bulimia nerviosa"},"content":{"rendered":"<h2>Tesis doctoral de <strong> \u00farsula Castro Durand <\/strong><\/h2>\n<p>La primera parte consta de la fundamentaci\u00f3n te\u00f3rica que analiza los aspectos m\u00e1s importantes de la bulimia nerviosa y que se divide en 4 cap\u00edtulos. En el cap\u00edtulo ii se describe c\u00f3mo se ha delimitado el concepto de la bulimia nerviosa, la evoluci\u00f3n de los criterios diagn\u00f3sticos en la investigaci\u00f3n cient\u00edfica y rescatan los datos epidemiol\u00f3gicos de las investigaciones m\u00e1s recientes. En el cap\u00edtulo iii se revisan las perspectivas te\u00f3ricas y modelos explicativos m\u00e1s relevantes, y se plantea un modelo explicativo integral, sobre el que se sustenta el tratamiento de esta investigaci\u00f3n. En el cap\u00edtulo iv se describe el proceso de evaluaci\u00f3n de la bulimia nerviosa y se exponen los instrumentos de evaluaci\u00f3n m\u00e1s utilizados y validados. En el cap\u00edtulo v se describen tanto las t\u00e9cnicas como los programas de tratamiento m\u00e1s representativos, se analiza la eficacia de los mismos, y se establece la propuesta de tratamiento que se adapta a la poblaci\u00f3n adolescente a la que se dirige.  a partir del an\u00e1lisis obtenido de la revisi\u00f3n te\u00f3rica, se propone y somete a prueba un programa de tratamiento para adolescentes con bulimia nerviosa y sus respectivos padres.  para llevar a cabo esta investigaci\u00f3n en la parte emp\u00edrica se plantean los objetivos de investigaci\u00f3n del presente estudio, se describe el m\u00e9todo y dise\u00f1o utilizado y se detalla de manera pormenorizada el procedimiento que se ha llevado a cabo. Finalmente, se plantean los resultados obtenidos, que se dividen en dos partes bien diferenciadas: una primera parte eval\u00faa la eficacia del programa de tratamiento propuesto por la autora de esta tesis, y una segunda parte cuyo objetivo es comparar la eficacia de dicho programa con otro programa similar pero que no utiliz\u00f3 un tratamiento paralelo de padres. En ambas investigaciones, la muestra fue obtenida de la unidad de trastornos alimentarios del hospital del ni\u00f1o jes\u00fas, contanto en ambos casos con la colaboraci\u00f3n cont\u00ednua de los profesional<\/p>\n<p>&nbsp;<\/p>\n<h3>Datos acad\u00e9micos de la tesis doctoral \u00ab<strong>Tratamiento cognitivo-conductual y grupo de padres en adolescentes con bulimia nerviosa<\/strong>\u00ab<\/h3>\n<ul>\n<li><strong>T\u00edtulo de la tesis:<\/strong>\u00a0 Tratamiento cognitivo-conductual y grupo de padres en adolescentes con bulimia nerviosa <\/li>\n<li><strong>Autor:<\/strong>\u00a0 \u00farsula Castro Durand <\/li>\n<li><strong>Universidad:<\/strong>\u00a0 Complutense de Madrid<\/li>\n<li><strong>Fecha de lectura de la tesis:<\/strong>\u00a0 22\/11\/2007<\/li>\n<\/ul>\n<p>&nbsp;<\/p>\n<h3>Direcci\u00f3n y tribunal<\/h3>\n<ul>\n<li><strong>Director de la tesis<\/strong>\n<ul>\n<li> G\u00f3mez Mart\u00ednez Mar\u00eda \u00e1ngeles<\/li>\n<\/ul>\n<\/li>\n<li><strong>Tribunal<\/strong>\n<ul>\n<li>Presidente del tribunal: Francisco J. Labrador Encinas <\/li>\n<li>Gonzalo Morande Lavin (vocal)<\/li>\n<li>Mar\u00eda Del Carmen Salda\u00f1a Garcia (vocal)<\/li>\n<li>Luis Beatro Fern\u00e1ndez (vocal)<\/li>\n<\/ul>\n<\/li>\n<\/ul>\n<p>&nbsp;<\/p>\n","protected":false},"excerpt":{"rendered":"<p>Tesis doctoral de \u00farsula Castro Durand La primera parte consta de la fundamentaci\u00f3n te\u00f3rica que analiza los aspectos m\u00e1s importantes [&hellip;]<\/p>\n","protected":false},"author":1,"featured_media":0,"comment_status":"open","ping_status":"open","sticky":false,"template":"","format":"standard","meta":{"site-sidebar-layout":"default","site-content-layout":"","ast-site-content-layout":"","site-content-style":"default","site-sidebar-style":"default","ast-global-header-display":"","ast-banner-title-visibility":"","ast-main-header-display":"","ast-hfb-above-header-display":"","ast-hfb-below-header-display":"","ast-hfb-mobile-header-display":"","site-post-title":"","ast-breadcrumbs-content":"","ast-featured-img":"","footer-sml-layout":"","theme-transparent-header-meta":"","adv-header-id-meta":"","stick-header-meta":"","header-above-stick-meta":"","header-main-stick-meta":"","header-below-stick-meta":"","astra-migrate-meta-layouts":"default","ast-page-background-enabled":"default","ast-page-background-meta":{"desktop":{"background-color":"var(--ast-global-color-4)","background-image":"","background-repeat":"repeat","background-position":"center center","background-size":"auto","background-attachment":"scroll","background-type":"","background-media":"","overlay-type":"","overlay-color":"","overlay-gradient":""},"tablet":{"background-color":"","background-image":"","background-repeat":"repeat","background-position":"center center","background-size":"auto","background-attachment":"scroll","background-type":"","background-media":"","overlay-type":"","overlay-color":"","overlay-gradient":""},"mobile":{"background-color":"","background-image":"","background-repeat":"repeat","background-position":"center center","background-size":"auto","background-attachment":"scroll","background-type":"","background-media":"","overlay-type":"","overlay-color":"","overlay-gradient":""}},"ast-content-background-meta":{"desktop":{"background-color":"var(--ast-global-color-5)","background-image":"","background-repeat":"repeat","background-position":"center center","background-size":"auto","background-attachment":"scroll","background-type":"","background-media":"","overlay-type":"","overlay-color":"","overlay-gradient":""},"tablet":{"background-color":"var(--ast-global-color-5)","background-image":"","background-repeat":"repeat","background-position":"center center","background-size":"auto","background-attachment":"scroll","background-type":"","background-media":"","overlay-type":"","overlay-color":"","overlay-gradient":""},"mobile":{"background-color":"var(--ast-global-color-5)","background-image":"","background-repeat":"repeat","background-position":"center center","background-size":"auto","background-attachment":"scroll","background-type":"","background-media":"","overlay-type":"","overlay-color":"","overlay-gradient":""}},"footnotes":""},"categories":[1],"tags":[5287,117425,50736,135748,1178,135747],"class_list":["post-61456","post","type-post","status-publish","format-standard","hentry","category-sin-categoria","tag-francisco-j-labrador-encinas","tag-gomez-Martinez-maria-angeles","tag-gonzalo-morande-lavin","tag-luis-beatro-fernandez","tag-maria-del-carmen-saldana-garcia","tag-ursula-castro-durand"],"_links":{"self":[{"href":"https:\/\/www.deberes.net\/tesis\/wp-json\/wp\/v2\/posts\/61456","targetHints":{"allow":["GET"]}}],"collection":[{"href":"https:\/\/www.deberes.net\/tesis\/wp-json\/wp\/v2\/posts"}],"about":[{"href":"https:\/\/www.deberes.net\/tesis\/wp-json\/wp\/v2\/types\/post"}],"author":[{"embeddable":true,"href":"https:\/\/www.deberes.net\/tesis\/wp-json\/wp\/v2\/users\/1"}],"replies":[{"embeddable":true,"href":"https:\/\/www.deberes.net\/tesis\/wp-json\/wp\/v2\/comments?post=61456"}],"version-history":[{"count":0,"href":"https:\/\/www.deberes.net\/tesis\/wp-json\/wp\/v2\/posts\/61456\/revisions"}],"wp:attachment":[{"href":"https:\/\/www.deberes.net\/tesis\/wp-json\/wp\/v2\/media?parent=61456"}],"wp:term":[{"taxonomy":"category","embeddable":true,"href":"https:\/\/www.deberes.net\/tesis\/wp-json\/wp\/v2\/categories?post=61456"},{"taxonomy":"post_tag","embeddable":true,"href":"https:\/\/www.deberes.net\/tesis\/wp-json\/wp\/v2\/tags?post=61456"}],"curies":[{"name":"wp","href":"https:\/\/api.w.org\/{rel}","templated":true}]}}