{"id":61464,"date":"2018-03-09T22:49:21","date_gmt":"2018-03-09T22:49:21","guid":{"rendered":"https:\/\/www.deberes.net\/tesis\/sin-categoria\/la-mitologa%c2%ada-en-la-cultura-taa%c2%adna-relacion-de-las-antiga%c2%bcedades-de-los-indios-de-fray-ramon-pane\/"},"modified":"2018-03-09T22:49:21","modified_gmt":"2018-03-09T22:49:21","slug":"la-mitologa%c2%ada-en-la-cultura-taa%c2%adna-relacion-de-las-antiga%c2%bcedades-de-los-indios-de-fray-ramon-pane","status":"publish","type":"post","link":"https:\/\/www.deberes.net\/tesis\/sin-categoria\/la-mitologa%c2%ada-en-la-cultura-taa%c2%adna-relacion-de-las-antiga%c2%bcedades-de-los-indios-de-fray-ramon-pane\/","title":{"rendered":"La mitolog\u00eda en la cultura ta\u00edna: \u00abrelaci\u00f3n de las antiguedades de los indios\u00bb de fray ram\u00f3n pan\u00e9."},"content":{"rendered":"<h2>Tesis doctoral de <strong> Francisco Javier \u00e1ngeles Concepci\u00f3n <\/strong><\/h2>\n<p>Los primeros hombres que encontr\u00f3 col\u00f3n al descubrir am\u00e9rica en 1492, fueron los ta\u00ednos de la antillas. Pretendiendo profundizar m\u00e1s en su religi\u00f3n, el almirante encarg\u00f3 a fray ram\u00f3n pan\u00e9, en 1495, que averiguara todo cuanto pudiese sobre la religi\u00f3n de los abor\u00edgenes. Fray ram\u00f3n, que llevaba m\u00e1s de un a\u00f1o viviendo en medio ellos, escribi\u00f3 entre 1496-98 su \u00abrelaci\u00f3n acerca de las antig\u00ed\u00bcedades de los indios\u00bb, primer libro escrito en am\u00e9rica. En esta obra se recogen los \u00fanicos testimonios escritos que nos han llegado sobre la mitolog\u00eda ta\u00edna, pues la sociedad ta\u00edna fue \u00e1grafa. Ahora bien, de las noticias relatadas por pan\u00e9 se hicieron eco otros cronistas. Los m\u00e1s importantes fueron: el mismo crist\u00f3bal col\u00f3n, pedro m\u00e1rtir de angler\u00eda, hernando col\u00f3n, hern\u00e1n p\u00e9rez de oliva, gonzalo fern\u00e1ndez de oviedo, bartolom\u00e9 de las casas, francisco l\u00f3pez de g\u00f3mara y girolano benzoni. esta tesis pretende identificar y explicar los mitos recogidos por fray ram\u00f3n pan\u00e9 en su \u00abrelaci\u00f3n de las antig\u00ed\u00bcedades de los indios\u00bb y situarlos en el contexto global de la cultura ta\u00edna, en di\u00e1logo constante con las aportaciones los cronistas antes mencionados, as\u00ed como de las \u00faltimas investigaciones hist\u00f3ricas, arqueol\u00f3gicas, ling\u00ed\u00bc\u00edsticas, pero sobre todo con el legado art\u00edstico de los ta\u00ednos. Se pretende tambi\u00e9n, situar los mitos ta\u00ednos dentro del contexto de la mitolog\u00eda americana: detectando las influencias m\u00e1s directas procedentes del \u00e1rea suramericana, especialmente de las regiones del orinoco y las guayanas y las zonas amaz\u00f3nicas, como tambi\u00e9n de la maya y azteca, debido a su proximidad geogr\u00e1fica y cultural.<\/p>\n<p>&nbsp;<\/p>\n<h3>Datos acad\u00e9micos de la tesis doctoral \u00ab<strong>La mitolog\u00eda en la cultura ta\u00edna: \u00abrelaci\u00f3n de las antiguedades de los indios\u00bb de fray ram\u00f3n pan\u00e9.<\/strong>\u00ab<\/h3>\n<ul>\n<li><strong>T\u00edtulo de la tesis:<\/strong>\u00a0 La mitolog\u00eda en la cultura ta\u00edna: \u00abrelaci\u00f3n de las antiguedades de los indios\u00bb de fray ram\u00f3n pan\u00e9. <\/li>\n<li><strong>Autor:<\/strong>\u00a0 Francisco Javier \u00e1ngeles Concepci\u00f3n <\/li>\n<li><strong>Universidad:<\/strong>\u00a0 Complutense de Madrid<\/li>\n<li><strong>Fecha de lectura de la tesis:<\/strong>\u00a0 22\/11\/2007<\/li>\n<\/ul>\n<p>&nbsp;<\/p>\n<h3>Direcci\u00f3n y tribunal<\/h3>\n<ul>\n<li><strong>Director de la tesis<\/strong>\n<ul>\n<li>Manuel Maceiras Fafi\u00e1n<\/li>\n<\/ul>\n<\/li>\n<li><strong>Tribunal<\/strong>\n<ul>\n<li>Presidente del tribunal: Luis Arranz m\u00e1rquez <\/li>\n<li>Manuel Fraijo nieto (vocal)<\/li>\n<li>julio c\u00e9sar Treboll\u00e9 barrera (vocal)<\/li>\n<li>cristina De la puente gonz\u00e1lez (vocal)<\/li>\n<\/ul>\n<\/li>\n<\/ul>\n<p>&nbsp;<\/p>\n","protected":false},"excerpt":{"rendered":"<p>Tesis doctoral de Francisco Javier \u00e1ngeles Concepci\u00f3n Los primeros hombres que encontr\u00f3 col\u00f3n al descubrir am\u00e9rica en 1492, fueron los [&hellip;]<\/p>\n","protected":false},"author":1,"featured_media":0,"comment_status":"open","ping_status":"open","sticky":false,"template":"","format":"standard","meta":{"site-sidebar-layout":"default","site-content-layout":"","ast-site-content-layout":"","site-content-style":"default","site-sidebar-style":"default","ast-global-header-display":"","ast-banner-title-visibility":"","ast-main-header-display":"","ast-hfb-above-header-display":"","ast-hfb-below-header-display":"","ast-hfb-mobile-header-display":"","site-post-title":"","ast-breadcrumbs-content":"","ast-featured-img":"","footer-sml-layout":"","theme-transparent-header-meta":"","adv-header-id-meta":"","stick-header-meta":"","header-above-stick-meta":"","header-main-stick-meta":"","header-below-stick-meta":"","astra-migrate-meta-layouts":"default","ast-page-background-enabled":"default","ast-page-background-meta":{"desktop":{"background-color":"var(--ast-global-color-4)","background-image":"","background-repeat":"repeat","background-position":"center center","background-size":"auto","background-attachment":"scroll","background-type":"","background-media":"","overlay-type":"","overlay-color":"","overlay-gradient":""},"tablet":{"background-color":"","background-image":"","background-repeat":"repeat","background-position":"center center","background-size":"auto","background-attachment":"scroll","background-type":"","background-media":"","overlay-type":"","overlay-color":"","overlay-gradient":""},"mobile":{"background-color":"","background-image":"","background-repeat":"repeat","background-position":"center center","background-size":"auto","background-attachment":"scroll","background-type":"","background-media":"","overlay-type":"","overlay-color":"","overlay-gradient":""}},"ast-content-background-meta":{"desktop":{"background-color":"var(--ast-global-color-5)","background-image":"","background-repeat":"repeat","background-position":"center center","background-size":"auto","background-attachment":"scroll","background-type":"","background-media":"","overlay-type":"","overlay-color":"","overlay-gradient":""},"tablet":{"background-color":"var(--ast-global-color-5)","background-image":"","background-repeat":"repeat","background-position":"center center","background-size":"auto","background-attachment":"scroll","background-type":"","background-media":"","overlay-type":"","overlay-color":"","overlay-gradient":""},"mobile":{"background-color":"var(--ast-global-color-5)","background-image":"","background-repeat":"repeat","background-position":"center center","background-size":"auto","background-attachment":"scroll","background-type":"","background-media":"","overlay-type":"","overlay-color":"","overlay-gradient":""}},"footnotes":""},"categories":[1],"tags":[7221,135768,135769,27943,31404,5345],"class_list":["post-61464","post","type-post","status-publish","format-standard","hentry","category-sin-categoria","tag-cristina-de-la-puente-gonzalez","tag-francisco-javier-angeles-concepcion","tag-julio-cesar-trebolle-barrera","tag-luis-arranz-marquez","tag-manuel-fraijo-nieto","tag-manuel-maceiras-fafian"],"_links":{"self":[{"href":"https:\/\/www.deberes.net\/tesis\/wp-json\/wp\/v2\/posts\/61464","targetHints":{"allow":["GET"]}}],"collection":[{"href":"https:\/\/www.deberes.net\/tesis\/wp-json\/wp\/v2\/posts"}],"about":[{"href":"https:\/\/www.deberes.net\/tesis\/wp-json\/wp\/v2\/types\/post"}],"author":[{"embeddable":true,"href":"https:\/\/www.deberes.net\/tesis\/wp-json\/wp\/v2\/users\/1"}],"replies":[{"embeddable":true,"href":"https:\/\/www.deberes.net\/tesis\/wp-json\/wp\/v2\/comments?post=61464"}],"version-history":[{"count":0,"href":"https:\/\/www.deberes.net\/tesis\/wp-json\/wp\/v2\/posts\/61464\/revisions"}],"wp:attachment":[{"href":"https:\/\/www.deberes.net\/tesis\/wp-json\/wp\/v2\/media?parent=61464"}],"wp:term":[{"taxonomy":"category","embeddable":true,"href":"https:\/\/www.deberes.net\/tesis\/wp-json\/wp\/v2\/categories?post=61464"},{"taxonomy":"post_tag","embeddable":true,"href":"https:\/\/www.deberes.net\/tesis\/wp-json\/wp\/v2\/tags?post=61464"}],"curies":[{"name":"wp","href":"https:\/\/api.w.org\/{rel}","templated":true}]}}