{"id":61524,"date":"2018-03-09T22:49:25","date_gmt":"2018-03-09T22:49:25","guid":{"rendered":"https:\/\/www.deberes.net\/tesis\/sin-categoria\/fundamentos-para-la-programacion-del-riego-del-limonero-mediante-medidas-de-las-variaciones-del-diametro-del-tronco\/"},"modified":"2018-03-09T22:49:25","modified_gmt":"2018-03-09T22:49:25","slug":"fundamentos-para-la-programacion-del-riego-del-limonero-mediante-medidas-de-las-variaciones-del-diametro-del-tronco","status":"publish","type":"post","link":"https:\/\/www.deberes.net\/tesis\/fisiologia-vegetal\/fundamentos-para-la-programacion-del-riego-del-limonero-mediante-medidas-de-las-variaciones-del-diametro-del-tronco\/","title":{"rendered":"\u00abfundamentos para la programaci\u00f3n del riego del limonero mediante medidas de las variaciones del di\u00e1metro del tronco\u00bb"},"content":{"rendered":"<h2>Tesis doctoral de <strong> Yelitza Del Valle Garc\u00eda Orellana <\/strong><\/h2>\n<p>El objetivo global de la tesis se centr\u00f3 en verificar la hipotesis de que la programaci\u00f3n del riego en limoneros adultos (citrus limon l. Burm. Fil.) Sobre patr\u00f3n de naranjo amargo (citrus aurantium l.) Puede basarse exclusivamente en medidas de un indicador del estado h\u00eddrico en las plantas. A este fin se estudi\u00f3: i) la sensibilidad para detectar el estr\u00e9s h\u00eddrico de distintos indicadores basados en medidas continuas y discontinuas en las plantas durante un periodo de supresi\u00f3n del riego y recuperaci\u00f3n, ii) la posibilidad de obtener ecuaciones de referencia de los indicadores del estado h\u00eddrico en \u00e1rboles bajo condiciones no limitantes de agua en el suelo, mediante la caracterizaci\u00f3n de sus relaciones con distintas variables de la demanda evaporativa de la atm\u00f3sfera, y iii) la posibilidad de programar el riego en limoneros adultos usando exclusivamente medidas de la m\u00e1xima contracci\u00f3n diaria del tronco (mcd), mediante la comparaci\u00f3n de plantas bajo condiciones no limitantes de agua en el suelo y  distintos tratamientos de riego deficitario, en los cuales el riego se program\u00f3 para mantener la intensidad de se\u00f1al de la mcd (mcd actual \/ mcd de referencia) en diferentes valores umbrales (1.15, 1.25 y 1.35). los resultados indicaron que la mcd es el indicador del estado h\u00eddrico, basado en medidas en las plantas, m\u00e1s adecuado, ya que otros indicadores basados tanto en medidas continuas (flujo de savia, fs) como discontinuas (conductancia foliar, fotos\u00edntesis y potenciales h\u00eddricos del tallo y foliar, al mediod\u00eda) son menos sensibles al d\u00e9ficit h\u00eddrico. adem\u00e1s, el hecho de que los sensores lvdt usados en los experimentos no tuviesen que ser repuestos, junto con otras ventajas operacionales, en comparaci\u00f3n con los indicadores medidos de forma discontinua, tales como costos de mano de obra muy bajos y la posibilidad de ser conectados a aut\u00f3matas operados a distancia, confirman que la mcd es un indicador adecuado para la programaci\u00f3n del riego. pudieron obtenerse ecuaciones de referencia para los indicadores del estado h\u00eddrico basados en medidas en la planta (mcd, fs y potencial del tallo), aunque se detect\u00f3 una cierta dispersi\u00f3n en las relaciones entre las medidas de los indicadores y las variables ambientales (evapotranspiraci\u00f3n del cultivo de referencia, radiaci\u00f3n solar, d\u00e9ficit de presi\u00f3n de vapor y temperatura del aire). Las tasas de fs resultaron m\u00e1s estrechamente relacionadas con cambios en los valores de las variables de la demanda evaporativa que la mcd y el potencial del tallo. Los valores de las tasas de fs y del potencial del tallo se relacionaron de forma m\u00e1s estrecha con los cambios en la evapotranspiraci\u00f3n del cultivo de referencia (eto), mientras que la conducta de la mcd se correlacion\u00f3 mejor con la temperatura media diaria. Por otra parte, los aumentos de la demanda evaporativa indujeron valores m\u00e1s negativos de potencial del tallo lo que indujo aumentos de las tasas de fs y esto origin\u00f3 un aumento de la mcd. los tratamientos de riego deficitario basados en medidas de la intensidad de se\u00f1al de la mcd mostraron una baja variabilidad de los valores de intensidad de se\u00f1al repecto de los umbrales seleccionados, excepto a partir de noviembre. Esta situaci\u00f3n indic\u00f3 que los ajustes en las dosis de riego se realizaron de forma precisa y, en consecuencia, la programaci\u00f3n del riego en limonero puede realizarse utilizando s\u00f3lo medidas de la mcd. Sin embargo, el comportamiento de la intensidad de se\u00f1al de la mcd en momentos de baja demanda evaporativa induce a sugerir modificaciones en el protocolo de riego para esos periodos, utilizando valores umbrales de intensidad de se\u00f1al mayores y\/o menores frecuencias de riego.<\/p>\n<p>&nbsp;<\/p>\n<h3>Datos acad\u00e9micos de la tesis doctoral \u00ab<strong>\u00abfundamentos para la programaci\u00f3n del riego del limonero mediante medidas de las variaciones del di\u00e1metro del tronco\u00bb<\/strong>\u00ab<\/h3>\n<ul>\n<li><strong>T\u00edtulo de la tesis:<\/strong>\u00a0 \u00abfundamentos para la programaci\u00f3n del riego del limonero mediante medidas de las variaciones del di\u00e1metro del tronco\u00bb <\/li>\n<li><strong>Autor:<\/strong>\u00a0 Yelitza Del Valle Garc\u00eda Orellana <\/li>\n<li><strong>Universidad:<\/strong>\u00a0 Polit\u00e9cnica de cartagena<\/li>\n<li><strong>Fecha de lectura de la tesis:<\/strong>\u00a0 23\/11\/2007<\/li>\n<\/ul>\n<p>&nbsp;<\/p>\n<h3>Direcci\u00f3n y tribunal<\/h3>\n<ul>\n<li><strong>Director de la tesis<\/strong>\n<ul>\n<li>Arturo Torrecillas Melendreras<\/li>\n<\/ul>\n<\/li>\n<li><strong>Tribunal<\/strong>\n<ul>\n<li>Presidente del tribunal: felix Moreno lucas <\/li>\n<li>Luis mario Tapia vargas (vocal)<\/li>\n<li>Mar\u00eda  manuela Chaves coelho cabral ferreira (vocal)<\/li>\n<li>Juan  Jos\u00e9 Alarcon caba\u00f1ero (vocal)<\/li>\n<\/ul>\n<\/li>\n<\/ul>\n<p>&nbsp;<\/p>\n","protected":false},"excerpt":{"rendered":"<p>Tesis doctoral de Yelitza Del Valle Garc\u00eda Orellana El objetivo global de la tesis se centr\u00f3 en verificar la hipotesis [&hellip;]<\/p>\n","protected":false},"author":1,"featured_media":0,"comment_status":"open","ping_status":"open","sticky":false,"template":"","format":"standard","meta":{"site-sidebar-layout":"default","site-content-layout":"","ast-site-content-layout":"","site-content-style":"default","site-sidebar-style":"default","ast-global-header-display":"","ast-banner-title-visibility":"","ast-main-header-display":"","ast-hfb-above-header-display":"","ast-hfb-below-header-display":"","ast-hfb-mobile-header-display":"","site-post-title":"","ast-breadcrumbs-content":"","ast-featured-img":"","footer-sml-layout":"","theme-transparent-header-meta":"","adv-header-id-meta":"","stick-header-meta":"","header-above-stick-meta":"","header-main-stick-meta":"","header-below-stick-meta":"","astra-migrate-meta-layouts":"default","ast-page-background-enabled":"default","ast-page-background-meta":{"desktop":{"background-color":"var(--ast-global-color-4)","background-image":"","background-repeat":"repeat","background-position":"center center","background-size":"auto","background-attachment":"scroll","background-type":"","background-media":"","overlay-type":"","overlay-color":"","overlay-gradient":""},"tablet":{"background-color":"","background-image":"","background-repeat":"repeat","background-position":"center center","background-size":"auto","background-attachment":"scroll","background-type":"","background-media":"","overlay-type":"","overlay-color":"","overlay-gradient":""},"mobile":{"background-color":"","background-image":"","background-repeat":"repeat","background-position":"center center","background-size":"auto","background-attachment":"scroll","background-type":"","background-media":"","overlay-type":"","overlay-color":"","overlay-gradient":""}},"ast-content-background-meta":{"desktop":{"background-color":"var(--ast-global-color-5)","background-image":"","background-repeat":"repeat","background-position":"center center","background-size":"auto","background-attachment":"scroll","background-type":"","background-media":"","overlay-type":"","overlay-color":"","overlay-gradient":""},"tablet":{"background-color":"var(--ast-global-color-5)","background-image":"","background-repeat":"repeat","background-position":"center center","background-size":"auto","background-attachment":"scroll","background-type":"","background-media":"","overlay-type":"","overlay-color":"","overlay-gradient":""},"mobile":{"background-color":"var(--ast-global-color-5)","background-image":"","background-repeat":"repeat","background-position":"center center","background-size":"auto","background-attachment":"scroll","background-type":"","background-media":"","overlay-type":"","overlay-color":"","overlay-gradient":""}},"footnotes":""},"categories":[479,11522,36532,502,1983],"tags":[8733,8423,118735,67374,121682,135898],"class_list":["post-61524","post","type-post","status-publish","format-standard","hentry","category-fisiologia-vegetal","category-fruticultura","category-politecnica-de-cartagena","category-produccion-de-cultivos","category-riego","tag-arturo-torrecillas-melendreras","tag-felix-moreno-lucas","tag-juan-jose-alarcon-cabanero","tag-luis-mario-tapia-vargas","tag-maria-manuela-chaves-coelho-cabral-ferreira","tag-yelitza-del-valle-garcia-orellana"],"_links":{"self":[{"href":"https:\/\/www.deberes.net\/tesis\/wp-json\/wp\/v2\/posts\/61524","targetHints":{"allow":["GET"]}}],"collection":[{"href":"https:\/\/www.deberes.net\/tesis\/wp-json\/wp\/v2\/posts"}],"about":[{"href":"https:\/\/www.deberes.net\/tesis\/wp-json\/wp\/v2\/types\/post"}],"author":[{"embeddable":true,"href":"https:\/\/www.deberes.net\/tesis\/wp-json\/wp\/v2\/users\/1"}],"replies":[{"embeddable":true,"href":"https:\/\/www.deberes.net\/tesis\/wp-json\/wp\/v2\/comments?post=61524"}],"version-history":[{"count":0,"href":"https:\/\/www.deberes.net\/tesis\/wp-json\/wp\/v2\/posts\/61524\/revisions"}],"wp:attachment":[{"href":"https:\/\/www.deberes.net\/tesis\/wp-json\/wp\/v2\/media?parent=61524"}],"wp:term":[{"taxonomy":"category","embeddable":true,"href":"https:\/\/www.deberes.net\/tesis\/wp-json\/wp\/v2\/categories?post=61524"},{"taxonomy":"post_tag","embeddable":true,"href":"https:\/\/www.deberes.net\/tesis\/wp-json\/wp\/v2\/tags?post=61524"}],"curies":[{"name":"wp","href":"https:\/\/api.w.org\/{rel}","templated":true}]}}