{"id":61529,"date":"2018-03-09T22:49:25","date_gmt":"2018-03-09T22:49:25","guid":{"rendered":"https:\/\/www.deberes.net\/tesis\/sin-categoria\/la-imago-mexicana-en-la-obra-de-jose-lezama-lima\/"},"modified":"2018-03-09T22:49:25","modified_gmt":"2018-03-09T22:49:25","slug":"la-imago-mexicana-en-la-obra-de-jose-lezama-lima","status":"publish","type":"post","link":"https:\/\/www.deberes.net\/tesis\/teoria-analisis-y-critica-literarios\/la-imago-mexicana-en-la-obra-de-jose-lezama-lima\/","title":{"rendered":"La \u00abimago\u00bb mexicana en la obra de jos\u00e9 lezama lima"},"content":{"rendered":"<h2>Tesis doctoral de <strong> Francisco Javier Hern\u00e1ndez Quezada <\/strong><\/h2>\n<p>La tesis analiza la imagen \u00abimago\u00bb) que el escritor cubano presenta sobre la cultura mexicana a lo largo de su obra literaria. Dividida en cuatro cap\u00edtulos, se detiene en la reflexi\u00f3n que jos\u00e9 lezama lima desarrolla sobre la \u00absensibilidad insular\u00bb, al compararla con la \u00absensibilidad continental\u00bb, y estudiar las caracter\u00edsticas de la tradici\u00f3n po\u00e9tica que ha generado. Asimismo, discurre sobre la difusi\u00f3n de la literatura y la pl\u00e1stica mexicanas, realizada por lezama lima en las p\u00e1ginas de la revista or\u00edgenes; y concluye que, en m\u00e1s de un sentido, dicha difusi\u00f3n obedece a un programa art\u00edstico de reconstrucci\u00f3n nacional, esbozado, por primera vez, en el ensayo \u00abcoloquio con juan ram\u00f3n jim\u00e9nez\u00bb. A su vez, la tesis la \u00abimago\u00bb mexicana en la obra de jos\u00e9 lezama lima indaga tanto en el viaje que este escritor hizo, en el a\u00f1o de 1949, a m\u00e9xico, como en la plasmaci\u00f3n ulterior que efect\u00faa del mismo en dos obras importantes: paradiso y oppiano licario. El trabajo muestra, finalmente, que en el caso de la primera novela, el referente mexicano ofrece un significado negativo, que desestabiliza la vida familiar; mientras que en el de la segunda, semejante referente genera el perfeccionamiento de la creatividad individual, pues se trata de ese espacio material-simb\u00f3lico, donde las cosas obedecen a una l\u00f3gica distinta. Por \u00faltimo, la tesis precisa los an\u00e1lisis de lezama lima con respecto a la cultura mexicana, realizados en el libro la expresi\u00f3n americana, cuando aborda, particularmente, los temas del mundo prehisp\u00e1nico y su simbolog\u00eda, la \u00e9poca virreinal, el periodo de la independencia y el m\u00e9xico pre y postrevolucionario. en t\u00e9rminos generales, la \u00abimago\u00bb mexicana en la obra de jos\u00e9 lezama lima es un estudio sistem\u00e1tico de la relevancia del arte y los mitos \u00abcontinentales\u00bb en la obra de este escritor universal, quien, como es sabido, no s\u00f3lo ofrece una visi\u00f3n literaria del orbe hispanoamericano: tambi\u00e9n ofrece una visi\u00f3n social, antropol\u00f3gica, que distingue sus \u00abposibilidades infinitas\u00bb.<\/p>\n<p>&nbsp;<\/p>\n<h3>Datos acad\u00e9micos de la tesis doctoral \u00ab<strong>La \u00abimago\u00bb mexicana en la obra de jos\u00e9 lezama lima<\/strong>\u00ab<\/h3>\n<ul>\n<li><strong>T\u00edtulo de la tesis:<\/strong>\u00a0 La \u00abimago\u00bb mexicana en la obra de jos\u00e9 lezama lima <\/li>\n<li><strong>Autor:<\/strong>\u00a0 Francisco Javier Hern\u00e1ndez Quezada <\/li>\n<li><strong>Universidad:<\/strong>\u00a0 Salamanca<\/li>\n<li><strong>Fecha de lectura de la tesis:<\/strong>\u00a0 23\/11\/2007<\/li>\n<\/ul>\n<p>&nbsp;<\/p>\n<h3>Direcci\u00f3n y tribunal<\/h3>\n<ul>\n<li><strong>Director de la tesis<\/strong>\n<ul>\n<li>Mar\u00eda Del Carmen Ruiz Barrionuevo<\/li>\n<\/ul>\n<\/li>\n<li><strong>Tribunal<\/strong>\n<ul>\n<li>Presidente del tribunal: Antonio Lorente medina <\/li>\n<li>Jaime Jos\u00e9 Mart\u00ednez mart\u00edn (vocal)<\/li>\n<li>remedios Mataix azuar (vocal)<\/li>\n<li>cesar Real ramos (vocal)<\/li>\n<\/ul>\n<\/li>\n<\/ul>\n<p>&nbsp;<\/p>\n","protected":false},"excerpt":{"rendered":"<p>Tesis doctoral de Francisco Javier Hern\u00e1ndez Quezada La tesis analiza la imagen \u00abimago\u00bb) que el escritor cubano presenta sobre la [&hellip;]<\/p>\n","protected":false},"author":1,"featured_media":0,"comment_status":"open","ping_status":"open","sticky":false,"template":"","format":"standard","meta":{"site-sidebar-layout":"default","site-content-layout":"","ast-site-content-layout":"","site-content-style":"default","site-sidebar-style":"default","ast-global-header-display":"","ast-banner-title-visibility":"","ast-main-header-display":"","ast-hfb-above-header-display":"","ast-hfb-below-header-display":"","ast-hfb-mobile-header-display":"","site-post-title":"","ast-breadcrumbs-content":"","ast-featured-img":"","footer-sml-layout":"","theme-transparent-header-meta":"","adv-header-id-meta":"","stick-header-meta":"","header-above-stick-meta":"","header-main-stick-meta":"","header-below-stick-meta":"","astra-migrate-meta-layouts":"default","ast-page-background-enabled":"default","ast-page-background-meta":{"desktop":{"background-color":"var(--ast-global-color-4)","background-image":"","background-repeat":"repeat","background-position":"center center","background-size":"auto","background-attachment":"scroll","background-type":"","background-media":"","overlay-type":"","overlay-color":"","overlay-gradient":""},"tablet":{"background-color":"","background-image":"","background-repeat":"repeat","background-position":"center center","background-size":"auto","background-attachment":"scroll","background-type":"","background-media":"","overlay-type":"","overlay-color":"","overlay-gradient":""},"mobile":{"background-color":"","background-image":"","background-repeat":"repeat","background-position":"center center","background-size":"auto","background-attachment":"scroll","background-type":"","background-media":"","overlay-type":"","overlay-color":"","overlay-gradient":""}},"ast-content-background-meta":{"desktop":{"background-color":"var(--ast-global-color-5)","background-image":"","background-repeat":"repeat","background-position":"center center","background-size":"auto","background-attachment":"scroll","background-type":"","background-media":"","overlay-type":"","overlay-color":"","overlay-gradient":""},"tablet":{"background-color":"var(--ast-global-color-5)","background-image":"","background-repeat":"repeat","background-position":"center center","background-size":"auto","background-attachment":"scroll","background-type":"","background-media":"","overlay-type":"","overlay-color":"","overlay-gradient":""},"mobile":{"background-color":"var(--ast-global-color-5)","background-image":"","background-repeat":"repeat","background-position":"center center","background-size":"auto","background-attachment":"scroll","background-type":"","background-media":"","overlay-type":"","overlay-color":"","overlay-gradient":""}},"footnotes":""},"categories":[48676,713,9386,2231,628],"tags":[18223,9390,135907,70884,48855,66165],"class_list":["post-61529","post","type-post","status-publish","format-standard","hentry","category-civilizaciones-y-caracteres-nacionales","category-historia-de-la-literatura","category-salamanca","category-sociologia-de-la-literatura","category-teoria-analisis-y-critica-literarios","tag-antonio-lorente-medina","tag-cesar-real-ramos","tag-francisco-javier-hernandez-quezada","tag-jaime-jose-Martinez-martin","tag-maria-del-carmen-ruiz-barrionuevo","tag-remedios-mataix-azuar"],"_links":{"self":[{"href":"https:\/\/www.deberes.net\/tesis\/wp-json\/wp\/v2\/posts\/61529","targetHints":{"allow":["GET"]}}],"collection":[{"href":"https:\/\/www.deberes.net\/tesis\/wp-json\/wp\/v2\/posts"}],"about":[{"href":"https:\/\/www.deberes.net\/tesis\/wp-json\/wp\/v2\/types\/post"}],"author":[{"embeddable":true,"href":"https:\/\/www.deberes.net\/tesis\/wp-json\/wp\/v2\/users\/1"}],"replies":[{"embeddable":true,"href":"https:\/\/www.deberes.net\/tesis\/wp-json\/wp\/v2\/comments?post=61529"}],"version-history":[{"count":0,"href":"https:\/\/www.deberes.net\/tesis\/wp-json\/wp\/v2\/posts\/61529\/revisions"}],"wp:attachment":[{"href":"https:\/\/www.deberes.net\/tesis\/wp-json\/wp\/v2\/media?parent=61529"}],"wp:term":[{"taxonomy":"category","embeddable":true,"href":"https:\/\/www.deberes.net\/tesis\/wp-json\/wp\/v2\/categories?post=61529"},{"taxonomy":"post_tag","embeddable":true,"href":"https:\/\/www.deberes.net\/tesis\/wp-json\/wp\/v2\/tags?post=61529"}],"curies":[{"name":"wp","href":"https:\/\/api.w.org\/{rel}","templated":true}]}}