{"id":61545,"date":"2018-03-09T22:49:25","date_gmt":"2018-03-09T22:49:25","guid":{"rendered":"https:\/\/www.deberes.net\/tesis\/sin-categoria\/la-convivencia-como-recurso-educativo-hacia-el-diseno-de-un-plan-de-convivencia-para-los-centros-docentes-de-la-comunidad-valenciana\/"},"modified":"2018-03-09T22:49:25","modified_gmt":"2018-03-09T22:49:25","slug":"la-convivencia-como-recurso-educativo-hacia-el-diseno-de-un-plan-de-convivencia-para-los-centros-docentes-de-la-comunidad-valenciana","status":"publish","type":"post","link":"https:\/\/www.deberes.net\/tesis\/preparacion-de-profesores\/la-convivencia-como-recurso-educativo-hacia-el-diseno-de-un-plan-de-convivencia-para-los-centros-docentes-de-la-comunidad-valenciana\/","title":{"rendered":"La convivencia como recurso educativo hacia el dise\u00f1o de un plan de convivencia para los centros docentes de la comunidad Valenciana"},"content":{"rendered":"<h2>Tesis doctoral de <strong> Laura Garc\u00eda Raga <\/strong><\/h2>\n<p>N la presente tesis doctoral analizamos el sentido pedag\u00f3gico del concepto de \u00abconvivencia escolar\u00bb a la luz de los presupuestos te\u00f3ricos y legislativos de la pedagog\u00eda contempor\u00e1nea. Comprobamos que se trata de una cuesti\u00f3n amplia y multidimensional, que no puede significarse desde perspectivas unilaterales centradas en un \u00fanico elemento de an\u00e1lisis; se trata de un concepto en el que se interrelacionan muchos elementos: diversidad, tolerancia, di\u00e1logo, derechos y responsabilidades, ciudadan\u00eda, participaci\u00f3n, conflicto, enfrentamiento de intereses, democracia&#8230; Y debemos atender a cada uno de ellos si buscamos comprender en su totalidad los procesos que intervienen en las relaciones humanas, los problemas que pueden comportar y, en consecuencia, las respuestas pedag\u00f3gicas que podemos ofrecer. Por otra parte, exponemos una muestra amplia de planes, programas y proyectos de convivencia escolar impulsados en nuestro entorno estatal, organizando la informaci\u00f3n dispersa existente sobre la tem\u00e1tica e identificando las respuestas que se est\u00e1n ofreciendo al desaf\u00edo de la convivencia, los instrumentos que est\u00e1n resultando m\u00e1s id\u00f3neos en nuestra sociedad actual, las dificultades m\u00e1s acusadas&#8230; Del an\u00e1lisis de la realidad tanto estatal como auton\u00f3mica en cuanto a iniciativas de convivencia escolar, nos aventuramos a proponer un protocolo que facilite a los centros escolares la elaboraci\u00f3n de los planes de convivencia que actualmente exige nuestro marco normativo<\/p>\n<p>&nbsp;<\/p>\n<h3>Datos acad\u00e9micos de la tesis doctoral \u00ab<strong>La convivencia como recurso educativo hacia el dise\u00f1o de un plan de convivencia para los centros docentes de la comunidad Valenciana<\/strong>\u00ab<\/h3>\n<ul>\n<li><strong>T\u00edtulo de la tesis:<\/strong>\u00a0 La convivencia como recurso educativo hacia el dise\u00f1o de un plan de convivencia para los centros docentes de la comunidad Valenciana <\/li>\n<li><strong>Autor:<\/strong>\u00a0 Laura Garc\u00eda Raga <\/li>\n<li><strong>Universidad:<\/strong>\u00a0 Universitat de val\u00e9ncia (estudi general)<\/li>\n<li><strong>Fecha de lectura de la tesis:<\/strong>\u00a0 26\/11\/2007<\/li>\n<\/ul>\n<p>&nbsp;<\/p>\n<h3>Direcci\u00f3n y tribunal<\/h3>\n<ul>\n<li><strong>Director de la tesis<\/strong>\n<ul>\n<li>Ram\u00f3n L\u00f3pez Mart\u00edn<\/li>\n<\/ul>\n<\/li>\n<li><strong>Tribunal<\/strong>\n<ul>\n<li>Presidente del tribunal: alejandro Tiana ferrer <\/li>\n<li> Boqu\u00e9 torremorell Mar\u00eda  carme (vocal)<\/li>\n<li>rafaela Garcia l\u00f3pez (vocal)<\/li>\n<li>Antonio Ari\u00f1o villarroya (vocal)<\/li>\n<\/ul>\n<\/li>\n<\/ul>\n<p>&nbsp;<\/p>\n","protected":false},"excerpt":{"rendered":"<p>Tesis doctoral de Laura Garc\u00eda Raga N la presente tesis doctoral analizamos el sentido pedag\u00f3gico del concepto de \u00abconvivencia escolar\u00bb [&hellip;]<\/p>\n","protected":false},"author":1,"featured_media":0,"comment_status":"open","ping_status":"open","sticky":false,"template":"","format":"standard","meta":{"site-sidebar-layout":"default","site-content-layout":"","ast-site-content-layout":"","site-content-style":"default","site-sidebar-style":"default","ast-global-header-display":"","ast-banner-title-visibility":"","ast-main-header-display":"","ast-hfb-above-header-display":"","ast-hfb-below-header-display":"","ast-hfb-mobile-header-display":"","site-post-title":"","ast-breadcrumbs-content":"","ast-featured-img":"","footer-sml-layout":"","theme-transparent-header-meta":"","adv-header-id-meta":"","stick-header-meta":"","header-above-stick-meta":"","header-main-stick-meta":"","header-below-stick-meta":"","astra-migrate-meta-layouts":"default","ast-page-background-enabled":"default","ast-page-background-meta":{"desktop":{"background-color":"var(--ast-global-color-4)","background-image":"","background-repeat":"repeat","background-position":"center center","background-size":"auto","background-attachment":"scroll","background-type":"","background-media":"","overlay-type":"","overlay-color":"","overlay-gradient":""},"tablet":{"background-color":"","background-image":"","background-repeat":"repeat","background-position":"center center","background-size":"auto","background-attachment":"scroll","background-type":"","background-media":"","overlay-type":"","overlay-color":"","overlay-gradient":""},"mobile":{"background-color":"","background-image":"","background-repeat":"repeat","background-position":"center center","background-size":"auto","background-attachment":"scroll","background-type":"","background-media":"","overlay-type":"","overlay-color":"","overlay-gradient":""}},"ast-content-background-meta":{"desktop":{"background-color":"var(--ast-global-color-5)","background-image":"","background-repeat":"repeat","background-position":"center center","background-size":"auto","background-attachment":"scroll","background-type":"","background-media":"","overlay-type":"","overlay-color":"","overlay-gradient":""},"tablet":{"background-color":"var(--ast-global-color-5)","background-image":"","background-repeat":"repeat","background-position":"center center","background-size":"auto","background-attachment":"scroll","background-type":"","background-media":"","overlay-type":"","overlay-color":"","overlay-gradient":""},"mobile":{"background-color":"var(--ast-global-color-5)","background-image":"","background-repeat":"repeat","background-position":"center center","background-size":"auto","background-attachment":"scroll","background-type":"","background-media":"","overlay-type":"","overlay-color":"","overlay-gradient":""}},"footnotes":""},"categories":[7611,9284,1288],"tags":[31437,31449,135936,135935,10328,10729],"class_list":["post-61545","post","type-post","status-publish","format-standard","hentry","category-organizacion-y-direccion-de-las-instituciones-educativas","category-politica-educativa","category-preparacion-de-profesores","tag-alejandro-tiana-ferrer","tag-antonio-arino-villarroya","tag-boque-torremorell-maria-carme","tag-laura-garcia-raga","tag-rafaela-garcia-lopez","tag-ramon-lopez-martin"],"_links":{"self":[{"href":"https:\/\/www.deberes.net\/tesis\/wp-json\/wp\/v2\/posts\/61545","targetHints":{"allow":["GET"]}}],"collection":[{"href":"https:\/\/www.deberes.net\/tesis\/wp-json\/wp\/v2\/posts"}],"about":[{"href":"https:\/\/www.deberes.net\/tesis\/wp-json\/wp\/v2\/types\/post"}],"author":[{"embeddable":true,"href":"https:\/\/www.deberes.net\/tesis\/wp-json\/wp\/v2\/users\/1"}],"replies":[{"embeddable":true,"href":"https:\/\/www.deberes.net\/tesis\/wp-json\/wp\/v2\/comments?post=61545"}],"version-history":[{"count":0,"href":"https:\/\/www.deberes.net\/tesis\/wp-json\/wp\/v2\/posts\/61545\/revisions"}],"wp:attachment":[{"href":"https:\/\/www.deberes.net\/tesis\/wp-json\/wp\/v2\/media?parent=61545"}],"wp:term":[{"taxonomy":"category","embeddable":true,"href":"https:\/\/www.deberes.net\/tesis\/wp-json\/wp\/v2\/categories?post=61545"},{"taxonomy":"post_tag","embeddable":true,"href":"https:\/\/www.deberes.net\/tesis\/wp-json\/wp\/v2\/tags?post=61545"}],"curies":[{"name":"wp","href":"https:\/\/api.w.org\/{rel}","templated":true}]}}