{"id":61564,"date":"2018-03-09T22:49:25","date_gmt":"2018-03-09T22:49:25","guid":{"rendered":"https:\/\/www.deberes.net\/tesis\/sin-categoria\/los-va%c2%adnculos-familiares-en-el-planteamiento-de-las-cuestiones-de-bioetica\/"},"modified":"2018-03-09T22:49:25","modified_gmt":"2018-03-09T22:49:25","slug":"los-va%c2%adnculos-familiares-en-el-planteamiento-de-las-cuestiones-de-bioetica","status":"publish","type":"post","link":"https:\/\/www.deberes.net\/tesis\/filosofia-de-las-ciencias-sociales\/los-va%c2%adnculos-familiares-en-el-planteamiento-de-las-cuestiones-de-bioetica\/","title":{"rendered":"Los v\u00ednculos familiares en el planteamiento de las cuestiones de bio\u00e9tica"},"content":{"rendered":"<h2>Tesis doctoral de <strong>  Parada Navas Jos\u00e9 Luis <\/strong><\/h2>\n<p>La tesis profundiza en la relaci\u00f3n de la bio\u00e9tica y los v\u00ednculos familiares. La historia de la bio\u00e9tica ha mostrado la necesidad de un di\u00e1logo interdisciplinar. Con el nacimiento y desarrollo de la bio\u00e9tica se favorece la reflexi\u00f3n y el di\u00e1logo sobre problemas \u00e9ticos fundamentales que afectan a la vida del hombre y la familia. Los grandes problemas que tiene hoy `planteados la humanidad son en el fondo cuestiones bio\u00e9ticas globales, y entre ellas est\u00e1n los v\u00ednculos familiares. El objetivo de esta investigaci\u00f3n es analizar c\u00f3mo los nuevos dilemas bio\u00e9ticos repercuten en el \u00e1mbito familiar. Para ello, comenzamos aproxim\u00e1ndonos al planteamiento general de la bio\u00e9tica como nueva ciencia y a sus retos. Estudiamos las repercusiones bio\u00e9ticas en la estructura familiar (conyugalidad, paternidad\/maternidad, filiaci\u00f3n, fraternidad) y algunas de las  implicaciones que conlleva desde el principio de la vida hasta el final de la misma. Se\u00f1alamos los dilemas bio\u00e9ticos que repercuten en los v\u00ednculos familiares. La vida personal y familiar cargadas de problemas y situaciones complejas demandan a la bio\u00e9tica que oriente sus investigaciones y esfuerzos para potenciar el \u00e1mbito de la familia y los v\u00ednculos familiares. Con un estilo de fidelidad y creatividad conviene que nos acerquemos a la bio\u00e9tica con planteamientos cient\u00edficos en bien de los modelos familiares que nos presenta la sociedad actual.<\/p>\n<p>&nbsp;<\/p>\n<h3>Datos acad\u00e9micos de la tesis doctoral \u00ab<strong>Los v\u00ednculos familiares en el planteamiento de las cuestiones de bio\u00e9tica<\/strong>\u00ab<\/h3>\n<ul>\n<li><strong>T\u00edtulo de la tesis:<\/strong>\u00a0 Los v\u00ednculos familiares en el planteamiento de las cuestiones de bio\u00e9tica <\/li>\n<li><strong>Autor:<\/strong>\u00a0  Parada Navas Jos\u00e9 Luis <\/li>\n<li><strong>Universidad:<\/strong>\u00a0 Murcia<\/li>\n<li><strong>Fecha de lectura de la tesis:<\/strong>\u00a0 27\/11\/2007<\/li>\n<\/ul>\n<p>&nbsp;<\/p>\n<h3>Direcci\u00f3n y tribunal<\/h3>\n<ul>\n<li><strong>Director de la tesis<\/strong>\n<ul>\n<li>Emilio Gines Martinez Navarro<\/li>\n<\/ul>\n<\/li>\n<li><strong>Tribunal<\/strong>\n<ul>\n<li>Presidente del tribunal: Diego S\u00e1nchez Meca <\/li>\n<li>Urbano Ferrer Santos (vocal)<\/li>\n<li>Jes\u00fas Conill (vocal)<\/li>\n<li>Eduardo Javier Osuna Carrillo-albornoz (vocal)<\/li>\n<\/ul>\n<\/li>\n<\/ul>\n<p>&nbsp;<\/p>\n","protected":false},"excerpt":{"rendered":"<p>Tesis doctoral de Parada Navas Jos\u00e9 Luis La tesis profundiza en la relaci\u00f3n de la bio\u00e9tica y los v\u00ednculos familiares. [&hellip;]<\/p>\n","protected":false},"author":1,"featured_media":0,"comment_status":"open","ping_status":"open","sticky":false,"template":"","format":"standard","meta":{"site-sidebar-layout":"default","site-content-layout":"","ast-site-content-layout":"","site-content-style":"default","site-sidebar-style":"default","ast-global-header-display":"","ast-banner-title-visibility":"","ast-main-header-display":"","ast-hfb-above-header-display":"","ast-hfb-below-header-display":"","ast-hfb-mobile-header-display":"","site-post-title":"","ast-breadcrumbs-content":"","ast-featured-img":"","footer-sml-layout":"","theme-transparent-header-meta":"","adv-header-id-meta":"","stick-header-meta":"","header-above-stick-meta":"","header-main-stick-meta":"","header-below-stick-meta":"","astra-migrate-meta-layouts":"default","ast-page-background-enabled":"default","ast-page-background-meta":{"desktop":{"background-color":"var(--ast-global-color-4)","background-image":"","background-repeat":"repeat","background-position":"center center","background-size":"auto","background-attachment":"scroll","background-type":"","background-media":"","overlay-type":"","overlay-color":"","overlay-gradient":""},"tablet":{"background-color":"","background-image":"","background-repeat":"repeat","background-position":"center center","background-size":"auto","background-attachment":"scroll","background-type":"","background-media":"","overlay-type":"","overlay-color":"","overlay-gradient":""},"mobile":{"background-color":"","background-image":"","background-repeat":"repeat","background-position":"center center","background-size":"auto","background-attachment":"scroll","background-type":"","background-media":"","overlay-type":"","overlay-color":"","overlay-gradient":""}},"ast-content-background-meta":{"desktop":{"background-color":"var(--ast-global-color-5)","background-image":"","background-repeat":"repeat","background-position":"center center","background-size":"auto","background-attachment":"scroll","background-type":"","background-media":"","overlay-type":"","overlay-color":"","overlay-gradient":""},"tablet":{"background-color":"var(--ast-global-color-5)","background-image":"","background-repeat":"repeat","background-position":"center center","background-size":"auto","background-attachment":"scroll","background-type":"","background-media":"","overlay-type":"","overlay-color":"","overlay-gradient":""},"mobile":{"background-color":"var(--ast-global-color-5)","background-image":"","background-repeat":"repeat","background-position":"center center","background-size":"auto","background-attachment":"scroll","background-type":"","background-media":"","overlay-type":"","overlay-color":"","overlay-gradient":""}},"footnotes":""},"categories":[5250,8235],"tags":[17243,22252,55586,104915,79548,46448],"class_list":["post-61564","post","type-post","status-publish","format-standard","hentry","category-filosofia-de-las-ciencias-sociales","category-murcia","tag-diego-sanchez-meca","tag-eduardo-javier-osuna-carrillo-albornoz","tag-emilio-gines-Martinez-navarro","tag-jesus-conill","tag-parada-navas-jose-luis","tag-urbano-ferrer-santos"],"_links":{"self":[{"href":"https:\/\/www.deberes.net\/tesis\/wp-json\/wp\/v2\/posts\/61564","targetHints":{"allow":["GET"]}}],"collection":[{"href":"https:\/\/www.deberes.net\/tesis\/wp-json\/wp\/v2\/posts"}],"about":[{"href":"https:\/\/www.deberes.net\/tesis\/wp-json\/wp\/v2\/types\/post"}],"author":[{"embeddable":true,"href":"https:\/\/www.deberes.net\/tesis\/wp-json\/wp\/v2\/users\/1"}],"replies":[{"embeddable":true,"href":"https:\/\/www.deberes.net\/tesis\/wp-json\/wp\/v2\/comments?post=61564"}],"version-history":[{"count":0,"href":"https:\/\/www.deberes.net\/tesis\/wp-json\/wp\/v2\/posts\/61564\/revisions"}],"wp:attachment":[{"href":"https:\/\/www.deberes.net\/tesis\/wp-json\/wp\/v2\/media?parent=61564"}],"wp:term":[{"taxonomy":"category","embeddable":true,"href":"https:\/\/www.deberes.net\/tesis\/wp-json\/wp\/v2\/categories?post=61564"},{"taxonomy":"post_tag","embeddable":true,"href":"https:\/\/www.deberes.net\/tesis\/wp-json\/wp\/v2\/tags?post=61564"}],"curies":[{"name":"wp","href":"https:\/\/api.w.org\/{rel}","templated":true}]}}