{"id":61658,"date":"2018-03-09T22:49:33","date_gmt":"2018-03-09T22:49:33","guid":{"rendered":"https:\/\/www.deberes.net\/tesis\/sin-categoria\/solucion-de-movilidad-para-la-gestion-inteligente-de-aplicaciones-y-recursos-sensible-a-las-necesidades-de-las-aplicaciones\/"},"modified":"2018-03-09T22:49:33","modified_gmt":"2018-03-09T22:49:33","slug":"solucion-de-movilidad-para-la-gestion-inteligente-de-aplicaciones-y-recursos-sensible-a-las-necesidades-de-las-aplicaciones","status":"publish","type":"post","link":"https:\/\/www.deberes.net\/tesis\/ciencia-de-los-ordenadores\/solucion-de-movilidad-para-la-gestion-inteligente-de-aplicaciones-y-recursos-sensible-a-las-necesidades-de-las-aplicaciones\/","title":{"rendered":"Soluci\u00f3n de movilidad para la gesti\u00f3n inteligente de aplicaciones y recursos sensible a las necesidades de las aplicaciones"},"content":{"rendered":"<h2>Tesis doctoral de <strong> Ana Bel\u00e9n Lago Vilari\u00f1o <\/strong><\/h2>\n<p>La relevancia hoy en d\u00eda de las comunicaciones m\u00f3viles, su alto grado de penetraci\u00f3n en sectores de actividad econ\u00f3mica muy diversos y las limitaciones presentes dentro de esta \u00e1rea, debido a las propias limitaciones de los dispositivos m\u00f3viles, de las redes inal\u00e1mbricas y de la movilidad, han motivado la realizaci\u00f3n de esta tesis. la comunidad cient\u00edfica estudia actualmente posibles soluciones a estos inconvenientes pero muy pocas exploran como soluci\u00f3n el camino de la unificaci\u00f3n de las dos grandes \u00e1reas tratadas en esta tesis: soporte a las aplicaciones m\u00f3viles y gesti\u00f3n de los recursos de los dispositivos m\u00f3viles. Esta unificaci\u00f3n posibilita el crecimiento de los servicios m\u00f3viles m\u00e1s espec\u00edficos y complejos proporcionados para este tipo de entornos tan limitados. As\u00ed, definimos una soluci\u00f3n de movilidad que gestiona de manera inteligente estas limitaciones y las aplicaciones m\u00f3viles a las que da soporte. el car\u00e1cter innovador de la misma lo aporta el hecho de que se basa en las necesidades de las aplicaciones y en el estado de los recursos para lograr una gesti\u00f3n m\u00e1s \u00f3ptima tanto de las aplicaciones como de los recursos. Para ello, hemos procedido a la definici\u00f3n de un modelo de soporte para las aplicaciones m\u00f3viles y a la definici\u00f3n de un lenguaje de representaci\u00f3n de las necesidades de las aplicaciones basado en xml que sirva como base para la especificaci\u00f3n de sus necesidades. Destacar adem\u00e1s que nos hemos centrado en la gesti\u00f3n de dos recursos: las comunicaciones y la energ\u00eda, definiendo diversas t\u00e9cnicas a nivel de middleware que logran optimizar el uso de dichos recursos. Por otra parte, es rese\u00f1able la aportaci\u00f3n de una nueva metodolog\u00eda de movilizaci\u00f3n de aplicaciones para la soluci\u00f3n propuesta orientada tanto al dise\u00f1o de nuevas aplicaciones como a la movilizaci\u00f3n de aplicaciones existentes. todas las bondades enunciadas han sido probadas experimentalmente, por medio de una serie de escenarios y de una plata<\/p>\n<p>&nbsp;<\/p>\n<h3>Datos acad\u00e9micos de la tesis doctoral \u00ab<strong>Soluci\u00f3n de movilidad para la gesti\u00f3n inteligente de aplicaciones y recursos sensible a las necesidades de las aplicaciones<\/strong>\u00ab<\/h3>\n<ul>\n<li><strong>T\u00edtulo de la tesis:<\/strong>\u00a0 Soluci\u00f3n de movilidad para la gesti\u00f3n inteligente de aplicaciones y recursos sensible a las necesidades de las aplicaciones <\/li>\n<li><strong>Autor:<\/strong>\u00a0 Ana Bel\u00e9n Lago Vilari\u00f1o <\/li>\n<li><strong>Universidad:<\/strong>\u00a0 Deusto<\/li>\n<li><strong>Fecha de lectura de la tesis:<\/strong>\u00a0 30\/11\/2007<\/li>\n<\/ul>\n<p>&nbsp;<\/p>\n<h3>Direcci\u00f3n y tribunal<\/h3>\n<ul>\n<li><strong>Director de la tesis<\/strong>\n<ul>\n<li>Jos\u00e9 Luis Del Val Roman<\/li>\n<\/ul>\n<\/li>\n<li><strong>Tribunal<\/strong>\n<ul>\n<li>Presidente del tribunal: Juan  manuel Cueva lovelle <\/li>\n<li>Jos\u00e9 Bravo rodr\u00edguez (vocal)<\/li>\n<li>federico Cuesta rojo (vocal)<\/li>\n<li>Mar\u00eda Jos\u00e9 Gil larrea (vocal)<\/li>\n<\/ul>\n<\/li>\n<\/ul>\n<p>&nbsp;<\/p>\n","protected":false},"excerpt":{"rendered":"<p>Tesis doctoral de Ana Bel\u00e9n Lago Vilari\u00f1o La relevancia hoy en d\u00eda de las comunicaciones m\u00f3viles, su alto grado de [&hellip;]<\/p>\n","protected":false},"author":1,"featured_media":0,"comment_status":"open","ping_status":"open","sticky":false,"template":"","format":"standard","meta":{"site-sidebar-layout":"default","site-content-layout":"","ast-site-content-layout":"","site-content-style":"default","site-sidebar-style":"default","ast-global-header-display":"","ast-banner-title-visibility":"","ast-main-header-display":"","ast-hfb-above-header-display":"","ast-hfb-below-header-display":"","ast-hfb-mobile-header-display":"","site-post-title":"","ast-breadcrumbs-content":"","ast-featured-img":"","footer-sml-layout":"","theme-transparent-header-meta":"","adv-header-id-meta":"","stick-header-meta":"","header-above-stick-meta":"","header-main-stick-meta":"","header-below-stick-meta":"","astra-migrate-meta-layouts":"default","ast-page-background-enabled":"default","ast-page-background-meta":{"desktop":{"background-color":"var(--ast-global-color-4)","background-image":"","background-repeat":"repeat","background-position":"center center","background-size":"auto","background-attachment":"scroll","background-type":"","background-media":"","overlay-type":"","overlay-color":"","overlay-gradient":""},"tablet":{"background-color":"","background-image":"","background-repeat":"repeat","background-position":"center center","background-size":"auto","background-attachment":"scroll","background-type":"","background-media":"","overlay-type":"","overlay-color":"","overlay-gradient":""},"mobile":{"background-color":"","background-image":"","background-repeat":"repeat","background-position":"center center","background-size":"auto","background-attachment":"scroll","background-type":"","background-media":"","overlay-type":"","overlay-color":"","overlay-gradient":""}},"ast-content-background-meta":{"desktop":{"background-color":"var(--ast-global-color-5)","background-image":"","background-repeat":"repeat","background-position":"center center","background-size":"auto","background-attachment":"scroll","background-type":"","background-media":"","overlay-type":"","overlay-color":"","overlay-gradient":""},"tablet":{"background-color":"var(--ast-global-color-5)","background-image":"","background-repeat":"repeat","background-position":"center center","background-size":"auto","background-attachment":"scroll","background-type":"","background-media":"","overlay-type":"","overlay-color":"","overlay-gradient":""},"mobile":{"background-color":"var(--ast-global-color-5)","background-image":"","background-repeat":"repeat","background-position":"center center","background-size":"auto","background-attachment":"scroll","background-type":"","background-media":"","overlay-type":"","overlay-color":"","overlay-gradient":""}},"footnotes":""},"categories":[1890,31910,4149,13880],"tags":[136177,130299,57442,125326,40863,57804],"class_list":["post-61658","post","type-post","status-publish","format-standard","hentry","category-ciencia-de-los-ordenadores","category-deusto","category-diseno-y-componentes-de-sistemas-de-informacion","category-informatica","tag-ana-belen-lago-vilarino","tag-federico-cuesta-rojo","tag-jose-bravo-rodriguez","tag-jose-luis-del-val-roman","tag-juan-manuel-cueva-lovelle","tag-maria-jose-gil-larrea"],"_links":{"self":[{"href":"https:\/\/www.deberes.net\/tesis\/wp-json\/wp\/v2\/posts\/61658","targetHints":{"allow":["GET"]}}],"collection":[{"href":"https:\/\/www.deberes.net\/tesis\/wp-json\/wp\/v2\/posts"}],"about":[{"href":"https:\/\/www.deberes.net\/tesis\/wp-json\/wp\/v2\/types\/post"}],"author":[{"embeddable":true,"href":"https:\/\/www.deberes.net\/tesis\/wp-json\/wp\/v2\/users\/1"}],"replies":[{"embeddable":true,"href":"https:\/\/www.deberes.net\/tesis\/wp-json\/wp\/v2\/comments?post=61658"}],"version-history":[{"count":0,"href":"https:\/\/www.deberes.net\/tesis\/wp-json\/wp\/v2\/posts\/61658\/revisions"}],"wp:attachment":[{"href":"https:\/\/www.deberes.net\/tesis\/wp-json\/wp\/v2\/media?parent=61658"}],"wp:term":[{"taxonomy":"category","embeddable":true,"href":"https:\/\/www.deberes.net\/tesis\/wp-json\/wp\/v2\/categories?post=61658"},{"taxonomy":"post_tag","embeddable":true,"href":"https:\/\/www.deberes.net\/tesis\/wp-json\/wp\/v2\/tags?post=61658"}],"curies":[{"name":"wp","href":"https:\/\/api.w.org\/{rel}","templated":true}]}}