{"id":61663,"date":"2018-03-09T22:49:33","date_gmt":"2018-03-09T22:49:33","guid":{"rendered":"https:\/\/www.deberes.net\/tesis\/sin-categoria\/derecho-del-trabajo-y-defensa-de-la-competencia\/"},"modified":"2018-03-09T22:49:33","modified_gmt":"2018-03-09T22:49:33","slug":"derecho-del-trabajo-y-defensa-de-la-competencia","status":"publish","type":"post","link":"https:\/\/www.deberes.net\/tesis\/derecho-del-trabajo-y-de-la-seguridad-social\/derecho-del-trabajo-y-defensa-de-la-competencia\/","title":{"rendered":"Derecho del trabajo y defensa de la competencia"},"content":{"rendered":"<h2>Tesis doctoral de <strong> Adoraci\u00f3n Guam\u00e1n Hern\u00e1ndez <\/strong><\/h2>\n<p>El objetivo del estudio es el an\u00e1lisis de la interacci\u00f3n entre el derecho del trabajo y la defensa de la competencia en el mercado de bienes y servicios. Las razones para la revisi\u00f3n de esta confrontaci\u00f3n, que no es un acontecimiento novedoso, derivan del aumento progresivo de las fricciones, tanto a nivel comunitario como a nivel estatal. el punto de partida del estudio es el an\u00e1lisis de los or\u00edgenes de la relaci\u00f3n entre la protecci\u00f3n de la competencia en el mercado y la regulaci\u00f3n y ejercicio de los derechos ligados al fen\u00f3meno del trabajo. La experiencia jur\u00eddica estadounidense, cuna del derecho antitrust, nos aporta el ejemplo m\u00e1s antiguo de la interacci\u00f3n y de los intentos de articulaci\u00f3n, tanto normativa como pretoriana, del binomio en conflicto. tras ejemplificar el conflicto en la realidad mencionada, el estudio de la cuesti\u00f3n consta de dos partes, claramente diferenciadas pero con una arquitectura semejante.  la primera parte se consagra al an\u00e1lisis de la interacci\u00f3n entre las normas fundamentales para la construcci\u00f3n del mercado interior comunitario, libertades de circulaci\u00f3n econ\u00f3micas y derecho comunitario de la competencia, y las normas laborales, con origen tanto aut\u00f3nomo como heter\u00f3nomo, de los estados miembros. la segunda parte contiene el estudio de la relaci\u00f3n entre las normas nacionales de defensa de la competencia y el derecho estatal del trabajo. Para ello se toma ejemplo de referencia y an\u00e1lisis el caso espa\u00f1ol, trat\u00e1ndose igualmente otros ejemplos comparados especialmente significativos como el caso franc\u00e9s. En este \u00e1mbito nacional se trata tanto la ley de defensa de la competencia como la ley de competencia desleal, evidenci\u00e1ndose como las normas colectivas de trabajo son claramente el foco del problema. el estudio realizado demuestra que la relaci\u00f3n entre la defensa de la competencia y el derecho del trabajo no se establece en la actualidad en plano de igualdad, evidenci\u00e1ndose el predominio actual del prim<\/p>\n<p>&nbsp;<\/p>\n<h3>Datos acad\u00e9micos de la tesis doctoral \u00ab<strong>Derecho del trabajo y defensa de la competencia<\/strong>\u00ab<\/h3>\n<ul>\n<li><strong>T\u00edtulo de la tesis:<\/strong>\u00a0 Derecho del trabajo y defensa de la competencia <\/li>\n<li><strong>Autor:<\/strong>\u00a0 Adoraci\u00f3n Guam\u00e1n Hern\u00e1ndez <\/li>\n<li><strong>Universidad:<\/strong>\u00a0 Universitat de val\u00e9ncia (estudi general)<\/li>\n<li><strong>Fecha de lectura de la tesis:<\/strong>\u00a0 30\/11\/2007<\/li>\n<\/ul>\n<p>&nbsp;<\/p>\n<h3>Direcci\u00f3n y tribunal<\/h3>\n<ul>\n<li><strong>Director de la tesis<\/strong>\n<ul>\n<li> Goerlich Peset Jos\u00e9 Mar\u00eda<\/li>\n<\/ul>\n<\/li>\n<li><strong>Tribunal<\/strong>\n<ul>\n<li>Presidente del tribunal: tom\u00e1s Sala franco <\/li>\n<li>antoine Jeammaud (vocal)<\/li>\n<li> Baylos grau Antonio  pedro (vocal)<\/li>\n<li>Juan L\u00f3pez gand\u00eda (vocal)<\/li>\n<\/ul>\n<\/li>\n<\/ul>\n<p>&nbsp;<\/p>\n","protected":false},"excerpt":{"rendered":"<p>Tesis doctoral de Adoraci\u00f3n Guam\u00e1n Hern\u00e1ndez El objetivo del estudio es el an\u00e1lisis de la interacci\u00f3n entre el derecho del [&hellip;]<\/p>\n","protected":false},"author":1,"featured_media":0,"comment_status":"open","ping_status":"open","sticky":false,"template":"","format":"standard","meta":{"site-sidebar-layout":"default","site-content-layout":"","ast-site-content-layout":"","site-content-style":"default","site-sidebar-style":"default","ast-global-header-display":"","ast-banner-title-visibility":"","ast-main-header-display":"","ast-hfb-above-header-display":"","ast-hfb-below-header-display":"","ast-hfb-mobile-header-display":"","site-post-title":"","ast-breadcrumbs-content":"","ast-featured-img":"","footer-sml-layout":"","theme-transparent-header-meta":"","adv-header-id-meta":"","stick-header-meta":"","header-above-stick-meta":"","header-main-stick-meta":"","header-below-stick-meta":"","astra-migrate-meta-layouts":"default","ast-page-background-enabled":"default","ast-page-background-meta":{"desktop":{"background-color":"var(--ast-global-color-4)","background-image":"","background-repeat":"repeat","background-position":"center center","background-size":"auto","background-attachment":"scroll","background-type":"","background-media":"","overlay-type":"","overlay-color":"","overlay-gradient":""},"tablet":{"background-color":"","background-image":"","background-repeat":"repeat","background-position":"center center","background-size":"auto","background-attachment":"scroll","background-type":"","background-media":"","overlay-type":"","overlay-color":"","overlay-gradient":""},"mobile":{"background-color":"","background-image":"","background-repeat":"repeat","background-position":"center center","background-size":"auto","background-attachment":"scroll","background-type":"","background-media":"","overlay-type":"","overlay-color":"","overlay-gradient":""}},"ast-content-background-meta":{"desktop":{"background-color":"var(--ast-global-color-5)","background-image":"","background-repeat":"repeat","background-position":"center center","background-size":"auto","background-attachment":"scroll","background-type":"","background-media":"","overlay-type":"","overlay-color":"","overlay-gradient":""},"tablet":{"background-color":"var(--ast-global-color-5)","background-image":"","background-repeat":"repeat","background-position":"center center","background-size":"auto","background-attachment":"scroll","background-type":"","background-media":"","overlay-type":"","overlay-color":"","overlay-gradient":""},"mobile":{"background-color":"var(--ast-global-color-5)","background-image":"","background-repeat":"repeat","background-position":"center center","background-size":"auto","background-attachment":"scroll","background-type":"","background-media":"","overlay-type":"","overlay-color":"","overlay-gradient":""}},"footnotes":""},"categories":[2170],"tags":[136185,127118,32468,39296,26860,11488],"class_list":["post-61663","post","type-post","status-publish","format-standard","hentry","category-derecho-del-trabajo-y-de-la-seguridad-social","tag-adoracion-guaman-hernandez","tag-antoine-jeammaud","tag-baylos-grau-antonio-pedro","tag-goerlich-peset-jose-maria","tag-juan-lopez-gandia","tag-tomas-sala-franco"],"_links":{"self":[{"href":"https:\/\/www.deberes.net\/tesis\/wp-json\/wp\/v2\/posts\/61663","targetHints":{"allow":["GET"]}}],"collection":[{"href":"https:\/\/www.deberes.net\/tesis\/wp-json\/wp\/v2\/posts"}],"about":[{"href":"https:\/\/www.deberes.net\/tesis\/wp-json\/wp\/v2\/types\/post"}],"author":[{"embeddable":true,"href":"https:\/\/www.deberes.net\/tesis\/wp-json\/wp\/v2\/users\/1"}],"replies":[{"embeddable":true,"href":"https:\/\/www.deberes.net\/tesis\/wp-json\/wp\/v2\/comments?post=61663"}],"version-history":[{"count":0,"href":"https:\/\/www.deberes.net\/tesis\/wp-json\/wp\/v2\/posts\/61663\/revisions"}],"wp:attachment":[{"href":"https:\/\/www.deberes.net\/tesis\/wp-json\/wp\/v2\/media?parent=61663"}],"wp:term":[{"taxonomy":"category","embeddable":true,"href":"https:\/\/www.deberes.net\/tesis\/wp-json\/wp\/v2\/categories?post=61663"},{"taxonomy":"post_tag","embeddable":true,"href":"https:\/\/www.deberes.net\/tesis\/wp-json\/wp\/v2\/tags?post=61663"}],"curies":[{"name":"wp","href":"https:\/\/api.w.org\/{rel}","templated":true}]}}