{"id":61690,"date":"2018-03-09T22:49:33","date_gmt":"2018-03-09T22:49:33","guid":{"rendered":"https:\/\/www.deberes.net\/tesis\/sin-categoria\/gestao-de-escolas-e-agrupamentos-en-portugal-em-perspectiva-europeia\/"},"modified":"2018-03-09T22:49:33","modified_gmt":"2018-03-09T22:49:33","slug":"gestao-de-escolas-e-agrupamentos-en-portugal-em-perspectiva-europeia","status":"publish","type":"post","link":"https:\/\/www.deberes.net\/tesis\/pedagogia-comparada\/gestao-de-escolas-e-agrupamentos-en-portugal-em-perspectiva-europeia\/","title":{"rendered":"Gestao de escolas e agrupamentos en portugal em perspectiva europeia"},"content":{"rendered":"<h2>Tesis doctoral de <strong> Americo Jose Bessa Dias <\/strong><\/h2>\n<p>Este trabajo tiene como objetivo estudiar la gesti\u00f3n de escuelas y agrupamientos, de acuerdo con la realidad portuguesa. hemos limitado nuestros estudios a la legislaci\u00f3n publicada hasta la pose del xvii gobierno constitucional, resultado de las elecciones de febrero de 2005, y reflexionamos sobre la aplicaci\u00f3n institucional, verificando la proximidad\/ distanciaci\u00f3n entre el cuadro legislativo y la realidad pues ni siempre los cuadros legales y las realidades son coincidentes.  hacemos todav\u00eda una reflexi\u00f3n sobre las actuales pol\u00edticas de gesti\u00f3n, sobre la necesidad que los gestores de escuela sienten de una formaci\u00f3n te\u00f3rica que les sustente sus pr\u00e1cticas, as\u00ed como no podemos dejar de pensar sobre la contradicci\u00f3n de una gesti\u00f3n de preocupaci\u00f3n administrativa y una gesti\u00f3n de perspectiva pedag\u00f3gica. hacemos a\u00fan un precurso de an\u00e1lisis de la evoluci\u00f3n legislativa sobre la gesti\u00f3n de escuelas\/agrupamientos en portugal, no dejando de apuntar para las alteraciones que se prev\u00edan en la fase de presupuesto gubernamental de una nueva ley de bases. la comparaci\u00f3n de la situaci\u00f3n actual de la gesti\u00f3n de las escuelas en portugal, espa\u00f1a e inglaterra, nos ha permitido hacer un an\u00e1lisis de la situaci\u00f3n en los tres pa\u00edses dejando algunas sugerencias para mejorar un cuadro de gesti\u00f3n que hemos considerado que necesita algunas alteraciones. nuestra posici\u00f3n es de defensa de la gesti\u00f3n democr\u00e1tica de las escuelas, no invalidando esa defensa, el reconocimiento de la necesidad de alterar  algunas situaciones, ni tampoco el reconocimiento que una m\u00e1s grande \u00abprofesionalizaci\u00f3n\u00bb de esa gesti\u00f3n sea necesaria.<\/p>\n<p>&nbsp;<\/p>\n<h3>Datos acad\u00e9micos de la tesis doctoral \u00ab<strong>Gestao de escolas e agrupamentos en portugal em perspectiva europeia<\/strong>\u00ab<\/h3>\n<ul>\n<li><strong>T\u00edtulo de la tesis:<\/strong>\u00a0 Gestao de escolas e agrupamentos en portugal em perspectiva europeia <\/li>\n<li><strong>Autor:<\/strong>\u00a0 Americo Jose Bessa Dias <\/li>\n<li><strong>Universidad:<\/strong>\u00a0 Salamanca<\/li>\n<li><strong>Fecha de lectura de la tesis:<\/strong>\u00a0 30\/11\/2007<\/li>\n<\/ul>\n<p>&nbsp;<\/p>\n<h3>Direcci\u00f3n y tribunal<\/h3>\n<ul>\n<li><strong>Director de la tesis<\/strong>\n<ul>\n<li>Leoncio Vega Gil<\/li>\n<\/ul>\n<\/li>\n<li><strong>Tribunal<\/strong>\n<ul>\n<li>Presidente del tribunal: alfredo Jim\u00e9nez eguiz\u00e1bal <\/li>\n<li>armando Sousa noguiera (vocal)<\/li>\n<li>joao Jos\u00e9 Tavares curado ruivo (vocal)<\/li>\n<li>antonia violeta Manso p\u00e9rez (vocal)<\/li>\n<\/ul>\n<\/li>\n<\/ul>\n<p>&nbsp;<\/p>\n","protected":false},"excerpt":{"rendered":"<p>Tesis doctoral de Americo Jose Bessa Dias Este trabajo tiene como objetivo estudiar la gesti\u00f3n de escuelas y agrupamientos, de [&hellip;]<\/p>\n","protected":false},"author":1,"featured_media":0,"comment_status":"open","ping_status":"open","sticky":false,"template":"","format":"standard","meta":{"site-sidebar-layout":"default","site-content-layout":"","ast-site-content-layout":"","site-content-style":"default","site-sidebar-style":"default","ast-global-header-display":"","ast-banner-title-visibility":"","ast-main-header-display":"","ast-hfb-above-header-display":"","ast-hfb-below-header-display":"","ast-hfb-mobile-header-display":"","site-post-title":"","ast-breadcrumbs-content":"","ast-featured-img":"","footer-sml-layout":"","theme-transparent-header-meta":"","adv-header-id-meta":"","stick-header-meta":"","header-above-stick-meta":"","header-main-stick-meta":"","header-below-stick-meta":"","astra-migrate-meta-layouts":"default","ast-page-background-enabled":"default","ast-page-background-meta":{"desktop":{"background-color":"var(--ast-global-color-4)","background-image":"","background-repeat":"repeat","background-position":"center center","background-size":"auto","background-attachment":"scroll","background-type":"","background-media":"","overlay-type":"","overlay-color":"","overlay-gradient":""},"tablet":{"background-color":"","background-image":"","background-repeat":"repeat","background-position":"center center","background-size":"auto","background-attachment":"scroll","background-type":"","background-media":"","overlay-type":"","overlay-color":"","overlay-gradient":""},"mobile":{"background-color":"","background-image":"","background-repeat":"repeat","background-position":"center center","background-size":"auto","background-attachment":"scroll","background-type":"","background-media":"","overlay-type":"","overlay-color":"","overlay-gradient":""}},"ast-content-background-meta":{"desktop":{"background-color":"var(--ast-global-color-5)","background-image":"","background-repeat":"repeat","background-position":"center center","background-size":"auto","background-attachment":"scroll","background-type":"","background-media":"","overlay-type":"","overlay-color":"","overlay-gradient":""},"tablet":{"background-color":"var(--ast-global-color-5)","background-image":"","background-repeat":"repeat","background-position":"center center","background-size":"auto","background-attachment":"scroll","background-type":"","background-media":"","overlay-type":"","overlay-color":"","overlay-gradient":""},"mobile":{"background-color":"var(--ast-global-color-5)","background-image":"","background-repeat":"repeat","background-position":"center center","background-size":"auto","background-attachment":"scroll","background-type":"","background-media":"","overlay-type":"","overlay-color":"","overlay-gradient":""}},"footnotes":""},"categories":[7611,5714,9284,9386],"tags":[8658,136242,136244,136243,123187,9519],"class_list":["post-61690","post","type-post","status-publish","format-standard","hentry","category-organizacion-y-direccion-de-las-instituciones-educativas","category-pedagogia-comparada","category-politica-educativa","category-salamanca","tag-alfredo-jimenez-eguizabal","tag-americo-jose-bessa-dias","tag-antonia-violeta-manso-perez","tag-armando-sousa-noguiera","tag-joao-jose-tavares-curado-ruivo","tag-leoncio-vega-gil"],"_links":{"self":[{"href":"https:\/\/www.deberes.net\/tesis\/wp-json\/wp\/v2\/posts\/61690","targetHints":{"allow":["GET"]}}],"collection":[{"href":"https:\/\/www.deberes.net\/tesis\/wp-json\/wp\/v2\/posts"}],"about":[{"href":"https:\/\/www.deberes.net\/tesis\/wp-json\/wp\/v2\/types\/post"}],"author":[{"embeddable":true,"href":"https:\/\/www.deberes.net\/tesis\/wp-json\/wp\/v2\/users\/1"}],"replies":[{"embeddable":true,"href":"https:\/\/www.deberes.net\/tesis\/wp-json\/wp\/v2\/comments?post=61690"}],"version-history":[{"count":0,"href":"https:\/\/www.deberes.net\/tesis\/wp-json\/wp\/v2\/posts\/61690\/revisions"}],"wp:attachment":[{"href":"https:\/\/www.deberes.net\/tesis\/wp-json\/wp\/v2\/media?parent=61690"}],"wp:term":[{"taxonomy":"category","embeddable":true,"href":"https:\/\/www.deberes.net\/tesis\/wp-json\/wp\/v2\/categories?post=61690"},{"taxonomy":"post_tag","embeddable":true,"href":"https:\/\/www.deberes.net\/tesis\/wp-json\/wp\/v2\/tags?post=61690"}],"curies":[{"name":"wp","href":"https:\/\/api.w.org\/{rel}","templated":true}]}}