{"id":61701,"date":"2007-01-12T00:00:00","date_gmt":"2007-01-12T00:00:00","guid":{"rendered":"https:\/\/www.deberes.net\/tesis\/sin-categoria\/el-desequilibrio-financiero-actuarial-del-sistema-contributivo-de-pensiones-de-la-seguridad-social\/"},"modified":"2007-01-12T00:00:00","modified_gmt":"2007-01-12T00:00:00","slug":"el-desequilibrio-financiero-actuarial-del-sistema-contributivo-de-pensiones-de-la-seguridad-social","status":"publish","type":"post","link":"https:\/\/www.deberes.net\/tesis\/sector-de-finanzas-y-seguros\/el-desequilibrio-financiero-actuarial-del-sistema-contributivo-de-pensiones-de-la-seguridad-social\/","title":{"rendered":"El desequilibrio financiero-actuarial del sistema contributivo de pensiones de la seguridad social"},"content":{"rendered":"<h2>Tesis doctoral de <strong> Mar\u00eda  Del Mar Devesa Carpio <\/strong><\/h2>\n<p>Todos los pa\u00edses est\u00e1n mostrando una preocupaci\u00f3n creciente por la salud financiera de sus sistemas de pensiones, lo cual se ha traducido en una serie de reformas. Sin embargo, uno de los elementos a los que se le ha prestado menos atenci\u00f3n ha sido la deuda impl\u00edcita de la seguridad social; es decir, la cuant\u00eda de las obligaciones contra\u00eddas por el sistema de seguridad social con los trabajadores en activo y con los ya jubilados.  por ello, en primer lugar se va a definir la deuda impl\u00edcita, para, posteriormente, obtener un modelo te\u00f3rico que permita determinar, de una manera sencilla (en cuanto a que no hay que hacer demasiadas hip\u00f3tesis futuras), la deuda impl\u00edcita por dos m\u00e9todos diferentes (\u00abm\u00e9todo retrospectivo\u00bb y \u00abm\u00e9todo prospectivo\u00bb) de un sistema de pensiones en general.  a continuaci\u00f3n se pretende aplicar el modelo anterior a la cuantificaci\u00f3n de la deuda impl\u00edcita del sistema contributivo de pensiones de la seguridad social espa\u00f1ola, determinando la deuda para cada r\u00e9gimen de la seguridad social (r\u00e9gimen general, aut\u00f3nomos, agrario, empleados de hogar, trabajadores del mar, miner\u00eda del carb\u00f3n, y funcionarios del estado), as\u00ed como para las contingencias m\u00e1s importantes: jubilaci\u00f3n, incapacidad permanente, viudedad y orfandad y favor familiar.  seguidamente, a partir de la obtenci\u00f3n de la deuda impl\u00edcita por los dos m\u00e9todos enumerados, se define una \u00abnueva\u00bb medida del equilibrio o desequilibrio del sistema, desde una perspectiva financiero-actuarial y se cuantifica para el sistema contributivo de pensiones de la seguridad social en espa\u00f1a, detallando los resultados por reg\u00edmenes y por contingencias. con los resultados anteriores y con el modelo desarrollado, se puede determinar cu\u00e1les son las medidas de pol\u00edtica m\u00e1s efectivas que se podr\u00edan aplicar con el objetivo de reducir el desequilibrio del sistema, bien en su conjunto, bien para cada contingencia en particular o, incluso, para cada r\u00e9gimen en concreto. Para ello<\/p>\n<p>&nbsp;<\/p>\n<h3>Datos acad\u00e9micos de la tesis doctoral \u00ab<strong>El desequilibrio financiero-actuarial del sistema contributivo de pensiones de la seguridad social<\/strong>\u00ab<\/h3>\n<ul>\n<li><strong>T\u00edtulo de la tesis:<\/strong>\u00a0 El desequilibrio financiero-actuarial del sistema contributivo de pensiones de la seguridad social <\/li>\n<li><strong>Autor:<\/strong>\u00a0 Mar\u00eda  Del Mar Devesa Carpio <\/li>\n<li><strong>Universidad:<\/strong>\u00a0 Universitat de val\u00e9ncia (estudi general)<\/li>\n<li><strong>Fecha de lectura de la tesis:<\/strong>\u00a0 01\/12\/2007<\/li>\n<\/ul>\n<p>&nbsp;<\/p>\n<h3>Direcci\u00f3n y tribunal<\/h3>\n<ul>\n<li><strong>Director de la tesis<\/strong>\n<ul>\n<li>Jos\u00e9 Enrique Devesa Carpio<\/li>\n<\/ul>\n<\/li>\n<li><strong>Tribunal<\/strong>\n<ul>\n<li>Presidente del tribunal: paz Jord\u00e1 dur\u00e1 <\/li>\n<li>inmaculada Dom\u00ednguez fabi\u00e1n (vocal)<\/li>\n<li>Juan  Francisco Jimeno serrano (vocal)<\/li>\n<li>joseba i\u00f1aki De la pe\u00f1a esteban (vocal)<\/li>\n<\/ul>\n<\/li>\n<\/ul>\n<p>&nbsp;<\/p>\n","protected":false},"excerpt":{"rendered":"<p>Tesis doctoral de Mar\u00eda Del Mar Devesa Carpio Todos los pa\u00edses est\u00e1n mostrando una preocupaci\u00f3n creciente por la salud financiera [&hellip;]<\/p>\n","protected":false},"author":1,"featured_media":0,"comment_status":"open","ping_status":"open","sticky":false,"template":"","format":"standard","meta":{"site-sidebar-layout":"default","site-content-layout":"","ast-site-content-layout":"","site-content-style":"default","site-sidebar-style":"default","ast-global-header-display":"","ast-banner-title-visibility":"","ast-main-header-display":"","ast-hfb-above-header-display":"","ast-hfb-below-header-display":"","ast-hfb-mobile-header-display":"","site-post-title":"","ast-breadcrumbs-content":"","ast-featured-img":"","footer-sml-layout":"","theme-transparent-header-meta":"","adv-header-id-meta":"","stick-header-meta":"","header-above-stick-meta":"","header-main-stick-meta":"","header-below-stick-meta":"","astra-migrate-meta-layouts":"default","ast-page-background-enabled":"default","ast-page-background-meta":{"desktop":{"background-color":"var(--ast-global-color-4)","background-image":"","background-repeat":"repeat","background-position":"center center","background-size":"auto","background-attachment":"scroll","background-type":"","background-media":"","overlay-type":"","overlay-color":"","overlay-gradient":""},"tablet":{"background-color":"","background-image":"","background-repeat":"repeat","background-position":"center center","background-size":"auto","background-attachment":"scroll","background-type":"","background-media":"","overlay-type":"","overlay-color":"","overlay-gradient":""},"mobile":{"background-color":"","background-image":"","background-repeat":"repeat","background-position":"center center","background-size":"auto","background-attachment":"scroll","background-type":"","background-media":"","overlay-type":"","overlay-color":"","overlay-gradient":""}},"ast-content-background-meta":{"desktop":{"background-color":"var(--ast-global-color-5)","background-image":"","background-repeat":"repeat","background-position":"center center","background-size":"auto","background-attachment":"scroll","background-type":"","background-media":"","overlay-type":"","overlay-color":"","overlay-gradient":""},"tablet":{"background-color":"var(--ast-global-color-5)","background-image":"","background-repeat":"repeat","background-position":"center center","background-size":"auto","background-attachment":"scroll","background-type":"","background-media":"","overlay-type":"","overlay-color":"","overlay-gradient":""},"mobile":{"background-color":"var(--ast-global-color-5)","background-image":"","background-repeat":"repeat","background-position":"center center","background-size":"auto","background-attachment":"scroll","background-type":"","background-media":"","overlay-type":"","overlay-color":"","overlay-gradient":""}},"footnotes":""},"categories":[4677],"tags":[76908,69255,74028,25545,136260,136261],"class_list":["post-61701","post","type-post","status-publish","format-standard","hentry","category-sector-de-finanzas-y-seguros","tag-inmaculada-dominguez-fabian","tag-jose-enrique-devesa-carpio","tag-joseba-inaki-de-la-pena-esteban","tag-juan-francisco-jimeno-serrano","tag-maria-del-mar-devesa-carpio","tag-paz-jorda-dura"],"_links":{"self":[{"href":"https:\/\/www.deberes.net\/tesis\/wp-json\/wp\/v2\/posts\/61701","targetHints":{"allow":["GET"]}}],"collection":[{"href":"https:\/\/www.deberes.net\/tesis\/wp-json\/wp\/v2\/posts"}],"about":[{"href":"https:\/\/www.deberes.net\/tesis\/wp-json\/wp\/v2\/types\/post"}],"author":[{"embeddable":true,"href":"https:\/\/www.deberes.net\/tesis\/wp-json\/wp\/v2\/users\/1"}],"replies":[{"embeddable":true,"href":"https:\/\/www.deberes.net\/tesis\/wp-json\/wp\/v2\/comments?post=61701"}],"version-history":[{"count":0,"href":"https:\/\/www.deberes.net\/tesis\/wp-json\/wp\/v2\/posts\/61701\/revisions"}],"wp:attachment":[{"href":"https:\/\/www.deberes.net\/tesis\/wp-json\/wp\/v2\/media?parent=61701"}],"wp:term":[{"taxonomy":"category","embeddable":true,"href":"https:\/\/www.deberes.net\/tesis\/wp-json\/wp\/v2\/categories?post=61701"},{"taxonomy":"post_tag","embeddable":true,"href":"https:\/\/www.deberes.net\/tesis\/wp-json\/wp\/v2\/tags?post=61701"}],"curies":[{"name":"wp","href":"https:\/\/api.w.org\/{rel}","templated":true}]}}