{"id":61702,"date":"2007-01-12T00:00:00","date_gmt":"2007-01-12T00:00:00","guid":{"rendered":"https:\/\/www.deberes.net\/tesis\/sin-categoria\/estudio-de-las-alteraciones-de-la-cara-a-traves-de-la-expansion-rapida-del-maxilar-con-la-introduccion-de-un-metodo-fotografico-original\/"},"modified":"2007-01-12T00:00:00","modified_gmt":"2007-01-12T00:00:00","slug":"estudio-de-las-alteraciones-de-la-cara-a-traves-de-la-expansion-rapida-del-maxilar-con-la-introduccion-de-un-metodo-fotografico-original","status":"publish","type":"post","link":"https:\/\/www.deberes.net\/tesis\/estomatologia-y-ortodoncia\/estudio-de-las-alteraciones-de-la-cara-a-traves-de-la-expansion-rapida-del-maxilar-con-la-introduccion-de-un-metodo-fotografico-original\/","title":{"rendered":"Estudio de las alteraciones de la cara a trav\u00e9s de la expansi\u00f3n r\u00e1pida del maxilar, con la introducci\u00f3n de un m\u00e9todo fotogr\u00e1fico original"},"content":{"rendered":"<h2>Tesis doctoral de <strong> Primavera Da Concei\u00c1\u00a7a Martins De Sousa Santos <\/strong><\/h2>\n<p>&nbsp;<\/p>\n<h3>Datos acad\u00e9micos de la tesis doctoral \u00ab<strong>Estudio de las alteraciones de la cara a trav\u00e9s de la expansi\u00f3n r\u00e1pida del maxilar, con la introducci\u00f3n de un m\u00e9todo fotogr\u00e1fico original<\/strong>\u00ab<\/h3>\n<ul>\n<li><strong>T\u00edtulo de la tesis:<\/strong>\u00a0 Estudio de las alteraciones de la cara a trav\u00e9s de la expansi\u00f3n r\u00e1pida del maxilar, con la introducci\u00f3n de un m\u00e9todo fotogr\u00e1fico original <\/li>\n<li><strong>Autor:<\/strong>\u00a0 Primavera Da Concei\u00c1\u00a7a Martins De Sousa Santos <\/li>\n<li><strong>Universidad:<\/strong>\u00a0 Barcelona<\/li>\n<li><strong>Fecha de lectura de la tesis:<\/strong>\u00a0 01\/12\/2007<\/li>\n<\/ul>\n<p>&nbsp;<\/p>\n<h3>Direcci\u00f3n y tribunal<\/h3>\n<ul>\n<li><strong>Director de la tesis<\/strong>\n<ul>\n<li>Josep Mar\u00eda Ustrell Torrent<\/li>\n<\/ul>\n<\/li>\n<li><strong>Tribunal<\/strong>\n<ul>\n<li>Presidente del tribunal: jos\u00e9 Dur\u00e1n von arx <\/li>\n<li>p. Ferreira pinto (vocal)<\/li>\n<li>h. Bioquel (vocal)<\/li>\n<li>  (vocal)<\/li>\n<\/ul>\n<\/li>\n<\/ul>\n<p>&nbsp;<\/p>\n","protected":false},"excerpt":{"rendered":"<p>Tesis doctoral de Primavera Da Concei\u00c1\u00a7a Martins De Sousa Santos &nbsp; Datos acad\u00e9micos de la tesis doctoral \u00abEstudio de las [&hellip;]<\/p>\n","protected":false},"author":1,"featured_media":0,"comment_status":"open","ping_status":"open","sticky":false,"template":"","format":"standard","meta":{"site-sidebar-layout":"default","site-content-layout":"","ast-site-content-layout":"","site-content-style":"default","site-sidebar-style":"default","ast-global-header-display":"","ast-banner-title-visibility":"","ast-main-header-display":"","ast-hfb-above-header-display":"","ast-hfb-below-header-display":"","ast-hfb-mobile-header-display":"","site-post-title":"","ast-breadcrumbs-content":"","ast-featured-img":"","footer-sml-layout":"","theme-transparent-header-meta":"","adv-header-id-meta":"","stick-header-meta":"","header-above-stick-meta":"","header-main-stick-meta":"","header-below-stick-meta":"","astra-migrate-meta-layouts":"default","ast-page-background-enabled":"default","ast-page-background-meta":{"desktop":{"background-color":"var(--ast-global-color-4)","background-image":"","background-repeat":"repeat","background-position":"center center","background-size":"auto","background-attachment":"scroll","background-type":"","background-media":"","overlay-type":"","overlay-color":"","overlay-gradient":""},"tablet":{"background-color":"","background-image":"","background-repeat":"repeat","background-position":"center center","background-size":"auto","background-attachment":"scroll","background-type":"","background-media":"","overlay-type":"","overlay-color":"","overlay-gradient":""},"mobile":{"background-color":"","background-image":"","background-repeat":"repeat","background-position":"center center","background-size":"auto","background-attachment":"scroll","background-type":"","background-media":"","overlay-type":"","overlay-color":"","overlay-gradient":""}},"ast-content-background-meta":{"desktop":{"background-color":"var(--ast-global-color-5)","background-image":"","background-repeat":"repeat","background-position":"center center","background-size":"auto","background-attachment":"scroll","background-type":"","background-media":"","overlay-type":"","overlay-color":"","overlay-gradient":""},"tablet":{"background-color":"var(--ast-global-color-5)","background-image":"","background-repeat":"repeat","background-position":"center center","background-size":"auto","background-attachment":"scroll","background-type":"","background-media":"","overlay-type":"","overlay-color":"","overlay-gradient":""},"mobile":{"background-color":"var(--ast-global-color-5)","background-image":"","background-repeat":"repeat","background-position":"center center","background-size":"auto","background-attachment":"scroll","background-type":"","background-media":"","overlay-type":"","overlay-color":"","overlay-gradient":""}},"footnotes":""},"categories":[951,140],"tags":[136264,91500,20451,136263,136262],"class_list":["post-61702","post","type-post","status-publish","format-standard","hentry","category-barcelona","category-estomatologia-y-ortodoncia","tag-h-bioquel","tag-jose-duran-von-arx","tag-josep-maria-ustrell-torrent","tag-p-ferreira-pinto","tag-primavera-da-conceiaa-martins-de-sousa-santos"],"_links":{"self":[{"href":"https:\/\/www.deberes.net\/tesis\/wp-json\/wp\/v2\/posts\/61702","targetHints":{"allow":["GET"]}}],"collection":[{"href":"https:\/\/www.deberes.net\/tesis\/wp-json\/wp\/v2\/posts"}],"about":[{"href":"https:\/\/www.deberes.net\/tesis\/wp-json\/wp\/v2\/types\/post"}],"author":[{"embeddable":true,"href":"https:\/\/www.deberes.net\/tesis\/wp-json\/wp\/v2\/users\/1"}],"replies":[{"embeddable":true,"href":"https:\/\/www.deberes.net\/tesis\/wp-json\/wp\/v2\/comments?post=61702"}],"version-history":[{"count":0,"href":"https:\/\/www.deberes.net\/tesis\/wp-json\/wp\/v2\/posts\/61702\/revisions"}],"wp:attachment":[{"href":"https:\/\/www.deberes.net\/tesis\/wp-json\/wp\/v2\/media?parent=61702"}],"wp:term":[{"taxonomy":"category","embeddable":true,"href":"https:\/\/www.deberes.net\/tesis\/wp-json\/wp\/v2\/categories?post=61702"},{"taxonomy":"post_tag","embeddable":true,"href":"https:\/\/www.deberes.net\/tesis\/wp-json\/wp\/v2\/tags?post=61702"}],"curies":[{"name":"wp","href":"https:\/\/api.w.org\/{rel}","templated":true}]}}