{"id":61746,"date":"2007-04-12T00:00:00","date_gmt":"2007-04-12T00:00:00","guid":{"rendered":"https:\/\/www.deberes.net\/tesis\/sin-categoria\/regimen-juridico-del-profesional-de-la-informacion\/"},"modified":"2007-04-12T00:00:00","modified_gmt":"2007-04-12T00:00:00","slug":"regimen-juridico-del-profesional-de-la-informacion","status":"publish","type":"post","link":"https:\/\/www.deberes.net\/tesis\/derecho-constitucional\/regimen-juridico-del-profesional-de-la-informacion\/","title":{"rendered":"Regimen juridico del profesional de la informacion"},"content":{"rendered":"<h2>Tesis doctoral de <strong> Angel Ignacio Garcia Castillejo <\/strong><\/h2>\n<p>Con la aprobaci\u00f3n de la constituci\u00f3n de 1978, se da el paso, del reconocimiento de derechos fundamentales de todos los espa\u00f1oles, entre los que encontramos en la secci\u00f3n primera, del cap\u00edtulo segundo del t\u00edtulo primero de la constituci\u00f3n, los recogidos en su art\u00edculo 20, os que denominamos y conocemos como los derechos y libertades de comunicaci\u00f3n p\u00fablica. es en el art\u00edculo 20.1.D) de la constituci\u00f3n espa\u00f1ola, por el que se reconocen y protegen los derechos a \u00abcomunicar o recibir libremente informaci\u00f3n veraz por cualquier medio de difusi\u00f3n\u00bb. La jurisprudencia del tribunal constitucional y la autorregulaci\u00f3n del propio sector profesional del periodismo en el que incluimos a los profesionales individualmente considerados y a las empresas informativas, han terminado generando un cuerpo regulatorio, que a pesar de su prolijidad no termina de constituir una referencia homog\u00e9nea para el conjunto de la profesi\u00f3n period\u00edstica espa\u00f1ola. la figura del periodista y de su actividad profesional, su deontolog\u00eda profesional, desde una perspectiva \u00e9tica, la regulaci\u00f3n profesional desde la \u00f3ptica laboral, o de car\u00e1cter meramente descriptivo de la situaci\u00f3n regulatoria del sector de la informaci\u00f3n o de la profesi\u00f3n period\u00edstica se hace necesaria una investigaci\u00f3n que partiendo de lo ya avanzado en estudios precedentes, analiza la evoluci\u00f3n hist\u00f3rica de los derechos y libertades informativas en el constitucionalismo espa\u00f1ol hasta nuestros d\u00edas, para en el contexto jur\u00eddico constitucional dado por el art\u00edculo 20 de la constituci\u00f3n de 1978, situar el r\u00e9gimen jur\u00eddico del profesional de la informaci\u00f3n, su realidad y desde un an\u00e1lisis cr\u00edtico de \u00e9sta, avanzar una propuesta de desarrollo legislativo, que venga a garantizar la efectiva garant\u00eda del ejercicio de los derechos constitucionales de los periodistas en el seno de las empresas informativas o en el marco m\u00e1s global de sus relaciones con \u00e9stos. En este sentido se formula la necesidad de un desarrollo formativo que tomando como referencia el texto constitucional institucionalice los \u00f3rganos de participaci\u00f3n y representaci\u00f3n de todos aquellos que participan e intervienen sobre los contenidos informativos en el seno de las empresas, como garant\u00eda respaldada legalmente de la protecci\u00f3n de esos derechos y libertades de los periodistas, en beneficio del conjunto de la sociedad. una vez observados y analizados los actores de la profesi\u00f3n period\u00edstica y de las distintas iniciativas de autorregulaci\u00f3n en el seno de la profesi\u00f3n period\u00edstica, mediante figuras como las de los c\u00f3digos \u00e9ticos, o deontol\u00f3gico del periodismo o los estatutos de redacci\u00f3n creados al efecto en algunos concretos medios de comunicaci\u00f3n, se hace un recorrido en el contexto europeo y norteamericano, adentr\u00e1ndose en la regulaci\u00f3n del profesional de la informaci\u00f3n en los distintos estados de la uni\u00f3n europea, desde una perspectiva legal y deontol\u00f3gico, para a partir de ello, analizar en detalle y de forma contextualizada, la regulaci\u00f3n de la profesi\u00f3n period\u00edstica en espa\u00f1a, desde un plano hist\u00f3rico-constitucional, de desarrollo legislativo y de la autorregulaci\u00f3n.  termina la tesis con el an\u00e1lisis de propuestas de \u00ablege ferenda\u00bb por las que los propios actores de la profesi\u00f3n period\u00edstica trasladan su preocupaci\u00f3n por \u00abel estado del arte\u00bb del periodismo y de los riesgos que ello entra\u00f1a para la salud del conjunto del sistema democr\u00e1tico, por lo que se concluye avanzando una propuesta de desarrollo legislativo de los derechos constitucionales de los periodistas mediante la creaci\u00f3n de un marco jur\u00eddico que venga a proteger y garantizar de forma efectiva el ejercicio de los derechos y libertades de los periodistas en el seno de las empresas informativas, frente a las presiones tanto internas como externas, que pretenden violentar la independencia que resulta imprescindible para el  ejercicio de la profesi\u00f3n period\u00edstica.<\/p>\n<p>&nbsp;<\/p>\n<h3>Datos acad\u00e9micos de la tesis doctoral \u00ab<strong>Regimen juridico del profesional de la informacion<\/strong>\u00ab<\/h3>\n<ul>\n<li><strong>T\u00edtulo de la tesis:<\/strong>\u00a0 Regimen juridico del profesional de la informacion <\/li>\n<li><strong>Autor:<\/strong>\u00a0 Angel Ignacio Garcia Castillejo <\/li>\n<li><strong>Universidad:<\/strong>\u00a0 Nacional de educaci\u00f3n a distancia<\/li>\n<li><strong>Fecha de lectura de la tesis:<\/strong>\u00a0 04\/12\/2007<\/li>\n<\/ul>\n<p>&nbsp;<\/p>\n<h3>Direcci\u00f3n y tribunal<\/h3>\n<ul>\n<li><strong>Director de la tesis<\/strong>\n<ul>\n<li>atance Garcia Garcia<\/li>\n<\/ul>\n<\/li>\n<li><strong>Tribunal<\/strong>\n<ul>\n<li>Presidente del tribunal: Antonio Torres del moral <\/li>\n<li>florentina Navas castillo (vocal)<\/li>\n<li>cayetano N\u00fa\u00f1ez rivero (vocal)<\/li>\n<li>Jos\u00e9 Fernandez beaumont (vocal)<\/li>\n<\/ul>\n<\/li>\n<\/ul>\n<p>&nbsp;<\/p>\n","protected":false},"excerpt":{"rendered":"<p>Tesis doctoral de Angel Ignacio Garcia Castillejo Con la aprobaci\u00f3n de la constituci\u00f3n de 1978, se da el paso, del [&hellip;]<\/p>\n","protected":false},"author":1,"featured_media":0,"comment_status":"open","ping_status":"open","sticky":false,"template":"","format":"standard","meta":{"site-sidebar-layout":"default","site-content-layout":"","ast-site-content-layout":"","site-content-style":"default","site-sidebar-style":"default","ast-global-header-display":"","ast-banner-title-visibility":"","ast-main-header-display":"","ast-hfb-above-header-display":"","ast-hfb-below-header-display":"","ast-hfb-mobile-header-display":"","site-post-title":"","ast-breadcrumbs-content":"","ast-featured-img":"","footer-sml-layout":"","theme-transparent-header-meta":"","adv-header-id-meta":"","stick-header-meta":"","header-above-stick-meta":"","header-main-stick-meta":"","header-below-stick-meta":"","astra-migrate-meta-layouts":"default","ast-page-background-enabled":"default","ast-page-background-meta":{"desktop":{"background-color":"var(--ast-global-color-4)","background-image":"","background-repeat":"repeat","background-position":"center center","background-size":"auto","background-attachment":"scroll","background-type":"","background-media":"","overlay-type":"","overlay-color":"","overlay-gradient":""},"tablet":{"background-color":"","background-image":"","background-repeat":"repeat","background-position":"center center","background-size":"auto","background-attachment":"scroll","background-type":"","background-media":"","overlay-type":"","overlay-color":"","overlay-gradient":""},"mobile":{"background-color":"","background-image":"","background-repeat":"repeat","background-position":"center center","background-size":"auto","background-attachment":"scroll","background-type":"","background-media":"","overlay-type":"","overlay-color":"","overlay-gradient":""}},"ast-content-background-meta":{"desktop":{"background-color":"var(--ast-global-color-5)","background-image":"","background-repeat":"repeat","background-position":"center center","background-size":"auto","background-attachment":"scroll","background-type":"","background-media":"","overlay-type":"","overlay-color":"","overlay-gradient":""},"tablet":{"background-color":"var(--ast-global-color-5)","background-image":"","background-repeat":"repeat","background-position":"center center","background-size":"auto","background-attachment":"scroll","background-type":"","background-media":"","overlay-type":"","overlay-color":"","overlay-gradient":""},"mobile":{"background-color":"var(--ast-global-color-5)","background-image":"","background-repeat":"repeat","background-position":"center center","background-size":"auto","background-attachment":"scroll","background-type":"","background-media":"","overlay-type":"","overlay-color":"","overlay-gradient":""}},"footnotes":""},"categories":[4927,1450,23362,19048,17070],"tags":[136368,4689,136369,23134,82168,68805],"class_list":["post-61746","post","type-post","status-publish","format-standard","hentry","category-derecho-comparado","category-derecho-constitucional","category-derecho-estatutario","category-jurisprudencia","category-nacional-de-educacion-a-distancia","tag-angel-ignacio-garcia-castillejo","tag-antonio-torres-del-moral","tag-atance-garcia-garcia","tag-cayetano-nunez-rivero","tag-florentina-navas-castillo","tag-jose-fernandez-beaumont"],"_links":{"self":[{"href":"https:\/\/www.deberes.net\/tesis\/wp-json\/wp\/v2\/posts\/61746","targetHints":{"allow":["GET"]}}],"collection":[{"href":"https:\/\/www.deberes.net\/tesis\/wp-json\/wp\/v2\/posts"}],"about":[{"href":"https:\/\/www.deberes.net\/tesis\/wp-json\/wp\/v2\/types\/post"}],"author":[{"embeddable":true,"href":"https:\/\/www.deberes.net\/tesis\/wp-json\/wp\/v2\/users\/1"}],"replies":[{"embeddable":true,"href":"https:\/\/www.deberes.net\/tesis\/wp-json\/wp\/v2\/comments?post=61746"}],"version-history":[{"count":0,"href":"https:\/\/www.deberes.net\/tesis\/wp-json\/wp\/v2\/posts\/61746\/revisions"}],"wp:attachment":[{"href":"https:\/\/www.deberes.net\/tesis\/wp-json\/wp\/v2\/media?parent=61746"}],"wp:term":[{"taxonomy":"category","embeddable":true,"href":"https:\/\/www.deberes.net\/tesis\/wp-json\/wp\/v2\/categories?post=61746"},{"taxonomy":"post_tag","embeddable":true,"href":"https:\/\/www.deberes.net\/tesis\/wp-json\/wp\/v2\/tags?post=61746"}],"curies":[{"name":"wp","href":"https:\/\/api.w.org\/{rel}","templated":true}]}}